{"id":381472,"date":"2020-06-17T17:36:48","date_gmt":"2020-06-17T15:36:48","guid":{"rendered":"https:\/\/hashtag.al\/?p=381472"},"modified":"2020-06-17T17:36:48","modified_gmt":"2020-06-17T15:36:48","slug":"kreu-i-uefa-s-ndez-shpresat-finalja-e-champions-mund-te-luhet-me-tifoze","status":"publish","type":"post","link":"https:\/\/www.hashtag.al\/index.php\/2020\/06\/17\/kreu-i-uefa-s-ndez-shpresat-finalja-e-champions-mund-te-luhet-me-tifoze\/","title":{"rendered":"Kreu i UEFA-s ndez shpresat: Finalja e Champions mund t\u00eb luhet me tifoz\u00eb","gt_translate_keys":[{"key":"rendered","format":"text"}]},"content":{"rendered":"<p><img loading=\"lazy\" decoding=\"async\" class=\"aligncenter size-full wp-image-365094\" src=\"https:\/\/hashtag.al\/wp-content\/uploads\/2020\/04\/ceferin.jpg\" alt=\"\" width=\"1200\" height=\"800\" srcset=\"https:\/\/www.hashtag.al\/wp-content\/uploads\/2020\/04\/ceferin.jpg 1200w, https:\/\/www.hashtag.al\/wp-content\/uploads\/2020\/04\/ceferin-300x200.jpg 300w, https:\/\/www.hashtag.al\/wp-content\/uploads\/2020\/04\/ceferin-768x512.jpg 768w, https:\/\/www.hashtag.al\/wp-content\/uploads\/2020\/04\/ceferin-1024x683.jpg 1024w\" sizes=\"auto, (max-width: 1200px) 100vw, 1200px\" \/><\/p>\n<p><span style=\"color: #000000;\">N\u00eb konferenc\u00ebn p\u00ebr shtyp pas mbledhjes s\u00eb Komitetit Ekzekutiv t\u00eb UEFA-s, ku u p\u00ebrcaktua kalendari i Champions League dhe Europa League n\u00eb muajin gusht, presidenti Aleksand\u00ebr Ceferin u ndal edhe te mund\u00ebsia q\u00eb k\u00ebto sfida t\u00eb luhen me tifoz\u00eb n\u00eb stadiume.<\/span><\/p>\n<p><span style=\"color: #000000;\">\u201cN\u00ebse Champions do t\u00eb niste sot, nuk do t\u00eb kishte mund\u00ebsi q\u00eb t\u00eb kishim tifoz\u00eb n\u00eb Final Eight. Por gj\u00ebrat mund t\u00eb ndryshojn\u00eb. Nuk kemi vendosur ende n\u00ebse do t\u00eb ket\u00eb tifoz\u00eb apo jo, do ta vler\u00ebsojm\u00eb n\u00eb korrik situat\u00ebn. Do t\u00eb ishte e gabuar t\u00eb merrnim nj\u00eb vendim t\u00eb nxituar duke par\u00eb situat\u00ebn n\u00eb k\u00ebt\u00eb moment\u201d.<\/span><\/p>\n","protected":false,"gt_translate_keys":[{"key":"rendered","format":"html"}]},"excerpt":{"rendered":"<p>N\u00eb konferenc\u00ebn p\u00ebr shtyp pas mbledhjes s\u00eb Komitetit Ekzekutiv t\u00eb UEFA-s, ku u p\u00ebrcaktua kalendari i Champions League dhe Europa League n\u00eb muajin gusht, presidenti Aleksand\u00ebr Ceferin u ndal edhe te mund\u00ebsia q\u00eb k\u00ebto sfida t\u00eb luhen me tifoz\u00eb n\u00eb stadiume. \u201cN\u00ebse Champions do t\u00eb niste sot, nuk do t\u00eb kishte mund\u00ebsi q\u00eb t\u00eb kishim [&hellip;]<\/p>\n","protected":false,"gt_translate_keys":[{"key":"rendered","format":"html"}]},"author":32,"featured_media":365094,"comment_status":"open","ping_status":"open","sticky":false,"template":"","format":"standard","meta":{"footnotes":""},"categories":[134,13],"tags":[],"class_list":["post-381472","post","type-post","status-publish","format-standard","has-post-thumbnail","hentry","category-sport","category-te-fundit"],"gt_translate_keys":[{"key":"link","format":"url"}],"_links":{"self":[{"href":"https:\/\/www.hashtag.al\/index.php\/wp-json\/wp\/v2\/posts\/381472","targetHints":{"allow":["GET"]}}],"collection":[{"href":"https:\/\/www.hashtag.al\/index.php\/wp-json\/wp\/v2\/posts"}],"about":[{"href":"https:\/\/www.hashtag.al\/index.php\/wp-json\/wp\/v2\/types\/post"}],"author":[{"embeddable":true,"href":"https:\/\/www.hashtag.al\/index.php\/wp-json\/wp\/v2\/users\/32"}],"replies":[{"embeddable":true,"href":"https:\/\/www.hashtag.al\/index.php\/wp-json\/wp\/v2\/comments?post=381472"}],"version-history":[{"count":0,"href":"https:\/\/www.hashtag.al\/index.php\/wp-json\/wp\/v2\/posts\/381472\/revisions"}],"wp:featuredmedia":[{"embeddable":true,"href":"https:\/\/www.hashtag.al\/index.php\/wp-json\/wp\/v2\/media\/365094"}],"wp:attachment":[{"href":"https:\/\/www.hashtag.al\/index.php\/wp-json\/wp\/v2\/media?parent=381472"}],"wp:term":[{"taxonomy":"category","embeddable":true,"href":"https:\/\/www.hashtag.al\/index.php\/wp-json\/wp\/v2\/categories?post=381472"},{"taxonomy":"post_tag","embeddable":true,"href":"https:\/\/www.hashtag.al\/index.php\/wp-json\/wp\/v2\/tags?post=381472"}],"curies":[{"name":"wp","href":"https:\/\/api.w.org\/{rel}","templated":true}]}}