{"id":381459,"date":"2020-06-17T16:25:19","date_gmt":"2020-06-17T14:25:19","guid":{"rendered":"https:\/\/hashtag.al\/?p=381459"},"modified":"2020-06-17T16:25:19","modified_gmt":"2020-06-17T14:25:19","slug":"pak-minuta-shi-dhe-parku-rinia-permbytet-per-here-te-dyte-fotovideo","status":"publish","type":"post","link":"https:\/\/www.hashtag.al\/index.php\/2020\/06\/17\/pak-minuta-shi-dhe-parku-rinia-permbytet-per-here-te-dyte-fotovideo\/","title":{"rendered":"Pak minuta shi dhe Parku Rinia p\u00ebrmbytet p\u00ebr her\u00eb t\u00eb dyt\u00eb (Foto+Video)","gt_translate_keys":[{"key":"rendered","format":"text"}]},"content":{"rendered":"<p><img loading=\"lazy\" decoding=\"async\" class=\"aligncenter size-full wp-image-381460\" src=\"https:\/\/hashtag.al\/wp-content\/uploads\/2020\/06\/parku-rinia-1.jpg\" alt=\"\" width=\"747\" height=\"427\" srcset=\"https:\/\/www.hashtag.al\/wp-content\/uploads\/2020\/06\/parku-rinia-1.jpg 747w, https:\/\/www.hashtag.al\/wp-content\/uploads\/2020\/06\/parku-rinia-1-300x171.jpg 300w\" sizes=\"auto, (max-width: 747px) 100vw, 747px\" \/><\/p>\n<p><span style=\"color: #000000;\">Parku i rinovuar i cili i kushtoi buxhetit t\u00eb Bashkis\u00eb s\u00eb Tiran\u00ebs 1 milion euro \u00ebsht\u00eb p\u00ebrmbytur p\u00ebr her\u00eb t\u00eb dyt\u00eb.<\/span><\/p>\n<p><span style=\"color: #000000;\">Brenda 11 dit\u00ebve shtigjet e kalimit n\u00eb k\u00ebt\u00eb park jan\u00eb p\u00ebrmbytur nga reshjet e r\u00ebna.<\/span><\/p>\n<p><span style=\"color: #000000;\">Edhe pse u inaugurua n\u00eb 1 qershor, rinovimi duket se nuk ka adresuar kullimin e ujit t\u00eb shiut duke i kthyer shtigjet n\u00eb mini-lumenj.<\/span><\/p>\n<p><iframe loading=\"lazy\" src=\"https:\/\/www.youtube.com\/embed\/EvzwUjDyKro\" width=\"580\" height=\"360\" frameborder=\"0\" allowfullscreen=\"allowfullscreen\"><\/iframe><\/p>\n","protected":false,"gt_translate_keys":[{"key":"rendered","format":"html"}]},"excerpt":{"rendered":"<p>Parku i rinovuar i cili i kushtoi buxhetit t\u00eb Bashkis\u00eb s\u00eb Tiran\u00ebs 1 milion euro \u00ebsht\u00eb p\u00ebrmbytur p\u00ebr her\u00eb t\u00eb dyt\u00eb. Brenda 11 dit\u00ebve shtigjet e kalimit n\u00eb k\u00ebt\u00eb park jan\u00eb p\u00ebrmbytur nga reshjet e r\u00ebna. Edhe pse u inaugurua n\u00eb 1 qershor, rinovimi duket se nuk ka adresuar kullimin e ujit t\u00eb shiut duke [&hellip;]<\/p>\n","protected":false,"gt_translate_keys":[{"key":"rendered","format":"html"}]},"author":32,"featured_media":381460,"comment_status":"open","ping_status":"open","sticky":false,"template":"","format":"standard","meta":{"footnotes":""},"categories":[65,13],"tags":[],"class_list":["post-381459","post","type-post","status-publish","format-standard","has-post-thumbnail","hentry","category-lajme","category-te-fundit"],"gt_translate_keys":[{"key":"link","format":"url"}],"_links":{"self":[{"href":"https:\/\/www.hashtag.al\/index.php\/wp-json\/wp\/v2\/posts\/381459","targetHints":{"allow":["GET"]}}],"collection":[{"href":"https:\/\/www.hashtag.al\/index.php\/wp-json\/wp\/v2\/posts"}],"about":[{"href":"https:\/\/www.hashtag.al\/index.php\/wp-json\/wp\/v2\/types\/post"}],"author":[{"embeddable":true,"href":"https:\/\/www.hashtag.al\/index.php\/wp-json\/wp\/v2\/users\/32"}],"replies":[{"embeddable":true,"href":"https:\/\/www.hashtag.al\/index.php\/wp-json\/wp\/v2\/comments?post=381459"}],"version-history":[{"count":0,"href":"https:\/\/www.hashtag.al\/index.php\/wp-json\/wp\/v2\/posts\/381459\/revisions"}],"wp:featuredmedia":[{"embeddable":true,"href":"https:\/\/www.hashtag.al\/index.php\/wp-json\/wp\/v2\/media\/381460"}],"wp:attachment":[{"href":"https:\/\/www.hashtag.al\/index.php\/wp-json\/wp\/v2\/media?parent=381459"}],"wp:term":[{"taxonomy":"category","embeddable":true,"href":"https:\/\/www.hashtag.al\/index.php\/wp-json\/wp\/v2\/categories?post=381459"},{"taxonomy":"post_tag","embeddable":true,"href":"https:\/\/www.hashtag.al\/index.php\/wp-json\/wp\/v2\/tags?post=381459"}],"curies":[{"name":"wp","href":"https:\/\/api.w.org\/{rel}","templated":true}]}}