{"id":381457,"date":"2020-06-17T16:17:07","date_gmt":"2020-06-17T14:17:07","guid":{"rendered":"https:\/\/hashtag.al\/?p=381457"},"modified":"2020-06-17T16:17:07","modified_gmt":"2020-06-17T14:17:07","slug":"u-perplas-me-mjetin-e-policise-nderron-jete-ne-spital-drejtuesi-i-motorcikletes-ne-elbasan","status":"publish","type":"post","link":"https:\/\/www.hashtag.al\/index.php\/2020\/06\/17\/u-perplas-me-mjetin-e-policise-nderron-jete-ne-spital-drejtuesi-i-motorcikletes-ne-elbasan\/","title":{"rendered":"U p\u00ebrplas me mjetin e policis\u00eb, nd\u00ebrron jet\u00eb n\u00eb spital drejtuesi i motor\u00e7iklet\u00ebs n\u00eb Elbasan","gt_translate_keys":[{"key":"rendered","format":"text"}]},"content":{"rendered":"<div id=\"attachment_353251\" style=\"width: 585px\" class=\"wp-caption aligncenter\"><img loading=\"lazy\" decoding=\"async\" aria-describedby=\"caption-attachment-353251\" class=\"size-full wp-image-353251\" src=\"https:\/\/hashtag.al\/wp-content\/uploads\/2020\/02\/aksident-policia-575x450.jpg\" alt=\"\" width=\"575\" height=\"450\" srcset=\"https:\/\/www.hashtag.al\/wp-content\/uploads\/2020\/02\/aksident-policia-575x450.jpg 575w, https:\/\/www.hashtag.al\/wp-content\/uploads\/2020\/02\/aksident-policia-575x450-300x235.jpg 300w\" sizes=\"auto, (max-width: 575px) 100vw, 575px\" \/><p id=\"caption-attachment-353251\" class=\"wp-caption-text\">Foto ilustruese<\/p><\/div>\n<p><span style=\"color: #000000;\">Nga aksidenti i mesdit\u00ebs n\u00eb Elbasam ku nj\u00eb motor\u00e7iklet\u00eb u p\u00ebrplas me mjetin e policis\u00eb ka nd\u00ebrruar jet\u00eb n\u00eb spital.<\/span><\/p>\n<p><span style=\"color: #000000;\">Aksidenti ndodhi n\u00eb unaz\u00ebn e qytetit, nd\u00ebrsa viktima \u00ebsht\u00eb shtetasi me iniciale K.M 65-vje\u00e7.<\/span><\/p>\n<p><span style=\"color: #000000;\">\u201c<em>N\u00eb aksin rrugor Elbasan-Librazhd, \u00ebsht\u00eb p\u00ebrplasur mjeti i policis\u00eb me nj\u00eb moto\u00e7iklet\u00eb dhe p\u00ebr pasoj\u00eb \u00ebsht\u00eb plagosur drejtuesi i moto\u00e7iklet\u00ebs shtetasi K.M., 65 vje\u00e7, banues n\u00eb Elbasan, i cili nd\u00ebrroi jet\u00eb n\u00eb Spital. Grupi hetimor ndodhet n\u00eb vendngjarje dhe po punon p\u00ebr zbardhjen e shkakut t\u00eb aksidentit<\/em>\u201d- njofton Policia e Elbasanit.<\/span><\/p>\n","protected":false,"gt_translate_keys":[{"key":"rendered","format":"html"}]},"excerpt":{"rendered":"<p>Nga aksidenti i mesdit\u00ebs n\u00eb Elbasam ku nj\u00eb motor\u00e7iklet\u00eb u p\u00ebrplas me mjetin e policis\u00eb ka nd\u00ebrruar jet\u00eb n\u00eb spital. Aksidenti ndodhi n\u00eb unaz\u00ebn e qytetit, nd\u00ebrsa viktima \u00ebsht\u00eb shtetasi me iniciale K.M 65-vje\u00e7. \u201cN\u00eb aksin rrugor Elbasan-Librazhd, \u00ebsht\u00eb p\u00ebrplasur mjeti i policis\u00eb me nj\u00eb moto\u00e7iklet\u00eb dhe p\u00ebr pasoj\u00eb \u00ebsht\u00eb plagosur drejtuesi i moto\u00e7iklet\u00ebs shtetasi [&hellip;]<\/p>\n","protected":false,"gt_translate_keys":[{"key":"rendered","format":"html"}]},"author":32,"featured_media":353251,"comment_status":"open","ping_status":"open","sticky":false,"template":"","format":"standard","meta":{"footnotes":""},"categories":[65,13],"tags":[],"class_list":["post-381457","post","type-post","status-publish","format-standard","has-post-thumbnail","hentry","category-lajme","category-te-fundit"],"gt_translate_keys":[{"key":"link","format":"url"}],"_links":{"self":[{"href":"https:\/\/www.hashtag.al\/index.php\/wp-json\/wp\/v2\/posts\/381457","targetHints":{"allow":["GET"]}}],"collection":[{"href":"https:\/\/www.hashtag.al\/index.php\/wp-json\/wp\/v2\/posts"}],"about":[{"href":"https:\/\/www.hashtag.al\/index.php\/wp-json\/wp\/v2\/types\/post"}],"author":[{"embeddable":true,"href":"https:\/\/www.hashtag.al\/index.php\/wp-json\/wp\/v2\/users\/32"}],"replies":[{"embeddable":true,"href":"https:\/\/www.hashtag.al\/index.php\/wp-json\/wp\/v2\/comments?post=381457"}],"version-history":[{"count":0,"href":"https:\/\/www.hashtag.al\/index.php\/wp-json\/wp\/v2\/posts\/381457\/revisions"}],"wp:featuredmedia":[{"embeddable":true,"href":"https:\/\/www.hashtag.al\/index.php\/wp-json\/wp\/v2\/media\/353251"}],"wp:attachment":[{"href":"https:\/\/www.hashtag.al\/index.php\/wp-json\/wp\/v2\/media?parent=381457"}],"wp:term":[{"taxonomy":"category","embeddable":true,"href":"https:\/\/www.hashtag.al\/index.php\/wp-json\/wp\/v2\/categories?post=381457"},{"taxonomy":"post_tag","embeddable":true,"href":"https:\/\/www.hashtag.al\/index.php\/wp-json\/wp\/v2\/tags?post=381457"}],"curies":[{"name":"wp","href":"https:\/\/api.w.org\/{rel}","templated":true}]}}