{"id":381432,"date":"2020-06-17T13:03:31","date_gmt":"2020-06-17T11:03:31","guid":{"rendered":"https:\/\/hashtag.al\/?p=381432"},"modified":"2020-06-17T13:03:31","modified_gmt":"2020-06-17T11:03:31","slug":"opozita-kerkoi-mbledhjen-e-keshillit-politik-jemi-kunder-per-formulen-e-emerimit-te-kqz-nese-sillni-propozim-te-ri-do-mblidhemi","status":"publish","type":"post","link":"https:\/\/www.hashtag.al\/index.php\/2020\/06\/17\/opozita-kerkoi-mbledhjen-e-keshillit-politik-jemi-kunder-per-formulen-e-emerimit-te-kqz-nese-sillni-propozim-te-ri-do-mblidhemi\/","title":{"rendered":"Opozita k\u00ebrkoi mbledhjen e K\u00ebshillit Politik: Jemi kund\u00ebr p\u00ebr formul\u00ebn e em\u00ebrimit t\u00eb KQZ, n\u00ebse sillni propozim t\u00eb ri do mblidhemi","gt_translate_keys":[{"key":"rendered","format":"text"}]},"content":{"rendered":"<p><img loading=\"lazy\" decoding=\"async\" class=\"aligncenter size-full wp-image-358579\" src=\"https:\/\/hashtag.al\/wp-content\/uploads\/2020\/03\/vasiligjiknuri.jpg\" alt=\"\" width=\"1280\" height=\"925\" srcset=\"https:\/\/www.hashtag.al\/wp-content\/uploads\/2020\/03\/vasiligjiknuri.jpg 1280w, https:\/\/www.hashtag.al\/wp-content\/uploads\/2020\/03\/vasiligjiknuri-300x217.jpg 300w, https:\/\/www.hashtag.al\/wp-content\/uploads\/2020\/03\/vasiligjiknuri-768x555.jpg 768w, https:\/\/www.hashtag.al\/wp-content\/uploads\/2020\/03\/vasiligjiknuri-1024x740.jpg 1024w\" sizes=\"auto, (max-width: 1280px) 100vw, 1280px\" \/><\/p>\n<p><span style=\"color: #000000;\">P\u00ebrfaq\u00ebsuesi i Partis\u00eb Socialiste n\u00eb K\u00ebshillin Politik, Damian Gjiknuri ka reaguar n\u00eb lidhje me k\u00ebrkes\u00ebn e opozit\u00ebs p\u00ebr tu mbledhur dit\u00ebn e stome p\u00ebr t\u00eb diskutuar mbi marr\u00ebveshjen e arritur p\u00ebr \u201czgjedhoren\u201d.<\/span><\/p>\n<p><span style=\"color: #000000;\">Gjiknuri n\u00eb reagimin e tij thot\u00eb se propozimi i opozit\u00ebs p\u00ebr formul\u00ebn e em\u00ebrimit t\u00eb KQZ-s\u00eb nuk mund t\u00eb diskutohet m\u00eb pasi PS-ja \u00ebsht\u00eb shprehur kund\u00ebr duke th\u00ebn\u00eb se \u00ebsht\u00eb jasht\u00eb marr\u00ebveshjes dhe tradit\u00ebs parlamentare.<\/span><\/p>\n<p><span style=\"color: #000000;\">M\u00eb tej p\u00ebrfaq\u00ebsuesi i PS-s\u00eb i k\u00ebrkon opozit\u00ebs q\u00eb t\u00eb specifikoj\u00eb propozimet q\u00eb do diskutohen n\u00eb mbledhjen e radh\u00ebs.<\/span><\/p>\n<p><span style=\"color: #000000;\">\u201c<em>N\u00eb lidhje me propozimin p\u00ebr formul\u00ebn e em\u00ebrimit t\u00eb KQZ si dhe mekanizmat e vendimmarrjes qe propozuar u shpreh\u00ebm kund\u00ebr dhe nuk mund t\u00eb diskutohen\u00a0m\u00eb n\u00eb mbledhjen e radh\u00ebs. E gjykojm\u00eb nj\u00eb propozim jasht\u00eb marr\u00ebveshjes dhe tradit\u00ebs parlamentare p\u00ebr rolin e Kuvendit n\u00eb zgjedhjen e KQZ.\u00a0P\u00ebr k\u00ebt\u00eb \u00e7\u00ebshtje do t\u00eb diskutojm\u00eb pasi t\u00eb na sillni paraprakisht nj\u00eb propozim tjet\u00ebr q\u00eb respekton faktin q\u00eb Kuvendi \u00ebsht\u00eb sovran n\u00eb zgjedhjen e organit t\u00eb KQZ duke siguruar edhe konsultimet dhe dakord\u00ebsimet n\u00eb lidhje me emrat q\u00eb plot\u00ebsojn\u00eb kriteret dhe kan\u00eb miratimin tuaj. Pra, e theksoj vet\u00ebm n\u00ebse sillni propozim t\u00eb ri bazuar n\u00eb k\u00ebto parime mund t\u00eb vazhdoj\u00eb ky diskutim.<\/em><\/span><\/p>\n<p><span style=\"color: #000000;\"><em>P\u00ebr pikat e tjera ju lutem specifikoni cilat jan\u00eb ato p\u00ebrfshir\u00eb propozimet alternative q\u00eb keni\u00a0duke i d\u00ebrguar paraprakisht me q\u00ebllim q\u00eb t\u2019i japim zgjidhje n\u00eb mbledhjen e radh\u00ebs dhe mos humbim koh\u00eb me debate t\u00eb kota. Pra, vet\u00ebm pas k\u00ebtij qart\u00ebsimi mund t\u00eb konfirmoj mbledhjen e radh\u00ebs n\u00eb \u00e7do koh\u00eb<\/em>\u201d-njofton Gjiknuri.<\/span><\/p>\n<p>&nbsp;<\/p>\n","protected":false,"gt_translate_keys":[{"key":"rendered","format":"html"}]},"excerpt":{"rendered":"<p>P\u00ebrfaq\u00ebsuesi i Partis\u00eb Socialiste n\u00eb K\u00ebshillin Politik, Damian Gjiknuri ka reaguar n\u00eb lidhje me k\u00ebrkes\u00ebn e opozit\u00ebs p\u00ebr tu mbledhur dit\u00ebn e stome p\u00ebr t\u00eb diskutuar mbi marr\u00ebveshjen e arritur p\u00ebr \u201czgjedhoren\u201d. Gjiknuri n\u00eb reagimin e tij thot\u00eb se propozimi i opozit\u00ebs p\u00ebr formul\u00ebn e em\u00ebrimit t\u00eb KQZ-s\u00eb nuk mund t\u00eb diskutohet m\u00eb pasi PS-ja [&hellip;]<\/p>\n","protected":false,"gt_translate_keys":[{"key":"rendered","format":"html"}]},"author":32,"featured_media":355017,"comment_status":"open","ping_status":"open","sticky":false,"template":"","format":"standard","meta":{"footnotes":""},"categories":[65,13],"tags":[],"class_list":["post-381432","post","type-post","status-publish","format-standard","has-post-thumbnail","hentry","category-lajme","category-te-fundit"],"gt_translate_keys":[{"key":"link","format":"url"}],"_links":{"self":[{"href":"https:\/\/www.hashtag.al\/index.php\/wp-json\/wp\/v2\/posts\/381432","targetHints":{"allow":["GET"]}}],"collection":[{"href":"https:\/\/www.hashtag.al\/index.php\/wp-json\/wp\/v2\/posts"}],"about":[{"href":"https:\/\/www.hashtag.al\/index.php\/wp-json\/wp\/v2\/types\/post"}],"author":[{"embeddable":true,"href":"https:\/\/www.hashtag.al\/index.php\/wp-json\/wp\/v2\/users\/32"}],"replies":[{"embeddable":true,"href":"https:\/\/www.hashtag.al\/index.php\/wp-json\/wp\/v2\/comments?post=381432"}],"version-history":[{"count":0,"href":"https:\/\/www.hashtag.al\/index.php\/wp-json\/wp\/v2\/posts\/381432\/revisions"}],"wp:featuredmedia":[{"embeddable":true,"href":"https:\/\/www.hashtag.al\/index.php\/wp-json\/wp\/v2\/media\/355017"}],"wp:attachment":[{"href":"https:\/\/www.hashtag.al\/index.php\/wp-json\/wp\/v2\/media?parent=381432"}],"wp:term":[{"taxonomy":"category","embeddable":true,"href":"https:\/\/www.hashtag.al\/index.php\/wp-json\/wp\/v2\/categories?post=381432"},{"taxonomy":"post_tag","embeddable":true,"href":"https:\/\/www.hashtag.al\/index.php\/wp-json\/wp\/v2\/tags?post=381432"}],"curies":[{"name":"wp","href":"https:\/\/api.w.org\/{rel}","templated":true}]}}