{"id":381254,"date":"2020-06-16T19:08:54","date_gmt":"2020-06-16T17:08:54","guid":{"rendered":"https:\/\/hashtag.al\/?p=381254"},"modified":"2020-06-16T19:09:07","modified_gmt":"2020-06-16T17:09:07","slug":"presidenti-i-polonise-ideologjia-e-lgbt-se-eshte-me-e-rrezikshme-se-komunizmi","status":"publish","type":"post","link":"https:\/\/www.hashtag.al\/index.php\/2020\/06\/16\/presidenti-i-polonise-ideologjia-e-lgbt-se-eshte-me-e-rrezikshme-se-komunizmi\/","title":{"rendered":"Presidenti i Polonis\u00eb: &#8220;Ideologjia&#8221; e LGBT-s\u00eb \u00ebsht\u00eb m\u00eb e rrezikshme se komunizmi","gt_translate_keys":[{"key":"rendered","format":"text"}]},"content":{"rendered":"<p><a href=\"https:\/\/hashtag.al\/index.php\/2020\/06\/16\/presidenti-i-polonise-ideologjia-e-lgbt-se-eshte-me-e-rrezikshme-se-komunizmi\/duda1\/\" rel=\"attachment wp-att-381255\"><img loading=\"lazy\" decoding=\"async\" class=\"aligncenter size-full wp-image-381255\" src=\"https:\/\/hashtag.al\/wp-content\/uploads\/2020\/06\/duda1.jpg\" alt=\"\" width=\"1280\" height=\"853\" srcset=\"https:\/\/www.hashtag.al\/wp-content\/uploads\/2020\/06\/duda1.jpg 1280w, https:\/\/www.hashtag.al\/wp-content\/uploads\/2020\/06\/duda1-300x200.jpg 300w, https:\/\/www.hashtag.al\/wp-content\/uploads\/2020\/06\/duda1-768x512.jpg 768w, https:\/\/www.hashtag.al\/wp-content\/uploads\/2020\/06\/duda1-1024x682.jpg 1024w\" sizes=\"auto, (max-width: 1280px) 100vw, 1280px\" \/><\/a><\/p>\n<p><span style=\"color: #000000;\">Presidenti polak Andrzej Duda e ka quajtur promovimin e t\u00eb drejtave LGBT nj\u00eb \u2018ideologji\u2019 m\u00eb shkat\u00ebrruese sesa komunizmin, n\u00eb nj\u00eb fjalim gjat\u00eb fushat\u00ebs elektorale.<\/span><\/p>\n<p><span style=\"color: #000000;\">Ai \u00ebsht\u00eb nj\u00eb aleat i partis\u00eb nacionaliste n\u00eb pushtet, Partia p\u00ebr Ligj e Drejt\u00ebsi (PiS) dhe k\u00ebrkon rizgjedhjen m\u00eb zgjedhjet e 28 qershorit.<\/span><\/p>\n<p><span style=\"color: #000000;\">Ai tha se gjenerata e prind\u00ebrve t\u00eb tij kishte luftuar kund\u00ebr ideologjis\u00eb komuniste p\u00ebr 40 vjet dhe \u2018ata nuk luftuan p\u00ebr k\u00ebt\u00eb n\u00eb m\u00ebnyr\u00eb q\u00eb t\u00eb shfaqej nj\u00eb ideologji e re q\u00eb \u00ebsht\u00eb edhe m\u00eb shkat\u00ebrruese\u2019.<\/span><\/p>\n<p><span style=\"color: #000000;\">Kritik\u00ebt thon\u00eb se PiS ka nj\u00eb axhend\u00eb anti-gay.<\/span><\/p>\n<p><span style=\"color: #000000;\">Grupi i t\u00eb drejtave LGBT ILGA-Europe thot\u00eb se Polonia \u00ebsht\u00eb vendi me performanc\u00ebn m\u00eb t\u00eb dob\u00ebt n\u00eb BE p\u00ebr sa i p\u00ebrket t\u00eb drejtave LGBT, n\u00eb nj\u00eb indeks t\u00eb publikuar muajin e kaluar.<\/span><\/p>\n<p><span style=\"color: #000000;\">PiS fitoi nj\u00eb shumic\u00eb n\u00eb parlament me nj\u00eb axhend\u00eb konservatore-nacionaliste t\u00eb fort\u00eb p\u00ebr vlerat katolike, duke p\u00ebrfshir\u00eb mb\u00ebshtetjen p\u00ebr familjet tradicionale dhe kund\u00ebrshtimin e martesave homoseksuale.<\/span><\/p>\n<p><span style=\"color: #000000;\">Duke folur me mb\u00ebshtet\u00ebsit n\u00eb Brzeg, Polonin\u00eb Jugper\u00ebndimore, Duda tha se \u2018prind\u00ebrit jan\u00eb p\u00ebrgjegj\u00ebs p\u00ebr edukimin seksual t\u00eb f\u00ebmij\u00ebve t\u00eb tyre\u2019 dhe \u2018nuk \u00ebsht\u00eb e mundur p\u00ebr asnj\u00eb institucion t\u00eb nd\u00ebrhyj\u00eb n\u00eb m\u00ebnyr\u00ebn se si prind\u00ebrit rritin e edukojn\u00eb f\u00ebmij\u00ebt e tyre\u2019.<\/span><\/p>\n<p><span style=\"color: #000000;\">M\u00eb 10 qershor ai n\u00ebnshkroi nj\u00eb \u2018Kart\u00eb Familjare\u2019 t\u00eb propozimeve zgjedhore, duke p\u00ebrfshir\u00eb premtime p\u00ebr t\u00eb parandaluar q\u00eb \u00e7iftet homoseksuale t\u00eb martohen ose bir\u00ebsojn\u00eb f\u00ebmij\u00eb dhe t\u00eb ndalojn\u00eb m\u00ebsimet n\u00eb lidhje me \u00e7\u00ebshtjet LGBT n\u00eb shkolla.<\/span><\/p>\n","protected":false,"gt_translate_keys":[{"key":"rendered","format":"html"}]},"excerpt":{"rendered":"<p>Presidenti polak Andrzej Duda e ka quajtur promovimin e t\u00eb drejtave LGBT nj\u00eb \u2018ideologji\u2019 m\u00eb shkat\u00ebrruese sesa komunizmin, n\u00eb nj\u00eb fjalim gjat\u00eb fushat\u00ebs elektorale. Ai \u00ebsht\u00eb nj\u00eb aleat i partis\u00eb nacionaliste n\u00eb pushtet, Partia p\u00ebr Ligj e Drejt\u00ebsi (PiS) dhe k\u00ebrkon rizgjedhjen m\u00eb zgjedhjet e 28 qershorit. Ai tha se gjenerata e prind\u00ebrve t\u00eb tij [&hellip;]<\/p>\n","protected":false,"gt_translate_keys":[{"key":"rendered","format":"html"}]},"author":51,"featured_media":381255,"comment_status":"open","ping_status":"open","sticky":false,"template":"","format":"standard","meta":{"footnotes":""},"categories":[6],"tags":[],"class_list":["post-381254","post","type-post","status-publish","format-standard","has-post-thumbnail","hentry","category-nderkombetare"],"gt_translate_keys":[{"key":"link","format":"url"}],"_links":{"self":[{"href":"https:\/\/www.hashtag.al\/index.php\/wp-json\/wp\/v2\/posts\/381254","targetHints":{"allow":["GET"]}}],"collection":[{"href":"https:\/\/www.hashtag.al\/index.php\/wp-json\/wp\/v2\/posts"}],"about":[{"href":"https:\/\/www.hashtag.al\/index.php\/wp-json\/wp\/v2\/types\/post"}],"author":[{"embeddable":true,"href":"https:\/\/www.hashtag.al\/index.php\/wp-json\/wp\/v2\/users\/51"}],"replies":[{"embeddable":true,"href":"https:\/\/www.hashtag.al\/index.php\/wp-json\/wp\/v2\/comments?post=381254"}],"version-history":[{"count":0,"href":"https:\/\/www.hashtag.al\/index.php\/wp-json\/wp\/v2\/posts\/381254\/revisions"}],"wp:featuredmedia":[{"embeddable":true,"href":"https:\/\/www.hashtag.al\/index.php\/wp-json\/wp\/v2\/media\/381255"}],"wp:attachment":[{"href":"https:\/\/www.hashtag.al\/index.php\/wp-json\/wp\/v2\/media?parent=381254"}],"wp:term":[{"taxonomy":"category","embeddable":true,"href":"https:\/\/www.hashtag.al\/index.php\/wp-json\/wp\/v2\/categories?post=381254"},{"taxonomy":"post_tag","embeddable":true,"href":"https:\/\/www.hashtag.al\/index.php\/wp-json\/wp\/v2\/tags?post=381254"}],"curies":[{"name":"wp","href":"https:\/\/api.w.org\/{rel}","templated":true}]}}