{"id":381240,"date":"2020-06-16T18:20:44","date_gmt":"2020-06-16T16:20:44","guid":{"rendered":"https:\/\/hashtag.al\/?p=381240"},"modified":"2020-06-16T18:20:57","modified_gmt":"2020-06-16T16:20:57","slug":"mjeke-e-infermiere-proteste-ne-paris-per-paga-e-kushte-me-te-mira-pune-perpleshen-me-policine-video","status":"publish","type":"post","link":"https:\/\/www.hashtag.al\/index.php\/2020\/06\/16\/mjeke-e-infermiere-proteste-ne-paris-per-paga-e-kushte-me-te-mira-pune-perpleshen-me-policine-video\/","title":{"rendered":"Mjek\u00eb e infermier\u00eb protest\u00eb n\u00eb Paris p\u00ebr paga e kushte m\u00eb t\u00eb mira pune, p\u00ebrpleshen me policin\u00eb (Video)","gt_translate_keys":[{"key":"rendered","format":"text"}]},"content":{"rendered":"<p><a href=\"https:\/\/hashtag.al\/index.php\/2020\/06\/16\/mjeke-e-infermiere-proteste-ne-paris-per-paga-e-kushte-me-te-mira-pune-perpleshen-me-policine-video\/parisproteste\/\" rel=\"attachment wp-att-381241\"><img loading=\"lazy\" decoding=\"async\" class=\"aligncenter size-full wp-image-381241\" src=\"https:\/\/hashtag.al\/wp-content\/uploads\/2020\/06\/Parisproteste.jpg\" alt=\"\" width=\"980\" height=\"551\" srcset=\"https:\/\/www.hashtag.al\/wp-content\/uploads\/2020\/06\/Parisproteste.jpg 980w, https:\/\/www.hashtag.al\/wp-content\/uploads\/2020\/06\/Parisproteste-300x169.jpg 300w, https:\/\/www.hashtag.al\/wp-content\/uploads\/2020\/06\/Parisproteste-768x432.jpg 768w\" sizes=\"auto, (max-width: 980px) 100vw, 980px\" \/><\/a><\/p>\n<p><span style=\"color: #000000;\">Punonj\u00ebsit e kujdesit sh\u00ebndet\u00ebsor n\u00eb Franc\u00eb kan\u00eb marshuar n\u00eb rrug\u00ebt e Parisit duke k\u00ebrkuar nj\u00eb pag\u00eb m\u00eb t\u00eb mir\u00eb dhe rritje t\u00eb fondeve p\u00ebr sh\u00ebndet\u00ebsin\u00eb. <\/span><\/p>\n<p><span style=\"color: #000000;\">Nd\u00ebrsa demonstruesit dol\u00ebn n\u00eb rrug\u00eb e kryeqytetit francez, shp\u00ebrthyen p\u00ebrleshje t\u00eb dhunshme midis protestuesve dhe policis\u00eb, q\u00eb p\u00ebrdori gaz lot\u00ebsjell\u00ebs.<\/span><\/p>\n<p><span style=\"color: #000000;\">T\u00eb p\u00ebrsh\u00ebndetur si \u2018heronj me rrobat e bardha\u2019 nga Presidenti Emmanuel Macron n\u00eb fillim t\u00eb pandemis\u00eb Covid-19, punonj\u00ebsit e sektorit sh\u00ebndet\u00ebsor n\u00eb Franc\u00eb u mblodh\u00ebn t\u00eb mart\u00ebn masivisht p\u00ebr t\u00eb k\u00ebrkuar m\u00eb shum\u00eb sesa vet\u00ebm duartrokitje.<\/span><\/p>\n<p><span style=\"color: #000000;\"> Duke b\u00ebr\u00eb thirrje p\u00ebr ngritje t\u00eb pagave dhe p\u00ebr t&#8217;i dh\u00ebn\u00eb fund shkurtimeve t\u00eb shtret\u00ebrve n\u00eb spital, t\u00eb shumt\u00eb n\u00eb num\u00ebr ata mbush\u00ebn rrug\u00ebt.<\/span><\/p>\n<div style=\"width: 1170px;\" class=\"wp-video\"><video class=\"wp-video-shortcode\" id=\"video-381240-1\" width=\"1170\" height=\"658\" preload=\"metadata\" controls=\"controls\"><source type=\"video\/mp4\" src=\"https:\/\/hashtag.al\/wp-content\/uploads\/2020\/06\/Les-CRS-sont-vis\u00e9s-par-des-projectiles-et-p\u00e9tards-\u00e0-la-manifestation-soignants-dont-un-blackbloc-a-pris-la-t\u00eate.-Pour-le-moment-la-police-encaisse-s.mp4?_=1\" \/><a href=\"https:\/\/hashtag.al\/wp-content\/uploads\/2020\/06\/Les-CRS-sont-vis\u00e9s-par-des-projectiles-et-p\u00e9tards-\u00e0-la-manifestation-soignants-dont-un-blackbloc-a-pris-la-t\u00eate.-Pour-le-moment-la-police-encaisse-s.mp4\">https:\/\/hashtag.al\/wp-content\/uploads\/2020\/06\/Les-CRS-sont-vis\u00e9s-par-des-projectiles-et-p\u00e9tards-\u00e0-la-manifestation-soignants-dont-un-blackbloc-a-pris-la-t\u00eate.-Pour-le-moment-la-police-encaisse-s.mp4<\/a><\/video><\/div>\n<div style=\"width: 1170px;\" class=\"wp-video\"><video class=\"wp-video-shortcode\" id=\"video-381240-2\" width=\"1170\" height=\"658\" preload=\"metadata\" controls=\"controls\"><source type=\"video\/mp4\" src=\"https:\/\/hashtag.al\/wp-content\/uploads\/2020\/06\/Les-CRS-progressent-aux-Invalides-soignants-HopitalPublic.mp4?_=2\" \/><a href=\"https:\/\/hashtag.al\/wp-content\/uploads\/2020\/06\/Les-CRS-progressent-aux-Invalides-soignants-HopitalPublic.mp4\">https:\/\/hashtag.al\/wp-content\/uploads\/2020\/06\/Les-CRS-progressent-aux-Invalides-soignants-HopitalPublic.mp4<\/a><\/video><\/div>\n","protected":false,"gt_translate_keys":[{"key":"rendered","format":"html"}]},"excerpt":{"rendered":"<p>Punonj\u00ebsit e kujdesit sh\u00ebndet\u00ebsor n\u00eb Franc\u00eb kan\u00eb marshuar n\u00eb rrug\u00ebt e Parisit duke k\u00ebrkuar nj\u00eb pag\u00eb m\u00eb t\u00eb mir\u00eb dhe rritje t\u00eb fondeve p\u00ebr sh\u00ebndet\u00ebsin\u00eb. Nd\u00ebrsa demonstruesit dol\u00ebn n\u00eb rrug\u00eb e kryeqytetit francez, shp\u00ebrthyen p\u00ebrleshje t\u00eb dhunshme midis protestuesve dhe policis\u00eb, q\u00eb p\u00ebrdori gaz lot\u00ebsjell\u00ebs. T\u00eb p\u00ebrsh\u00ebndetur si \u2018heronj me rrobat e bardha\u2019 nga Presidenti [&hellip;]<\/p>\n","protected":false,"gt_translate_keys":[{"key":"rendered","format":"html"}]},"author":51,"featured_media":381241,"comment_status":"open","ping_status":"open","sticky":false,"template":"","format":"standard","meta":{"footnotes":""},"categories":[6],"tags":[],"class_list":["post-381240","post","type-post","status-publish","format-standard","has-post-thumbnail","hentry","category-nderkombetare"],"gt_translate_keys":[{"key":"link","format":"url"}],"_links":{"self":[{"href":"https:\/\/www.hashtag.al\/index.php\/wp-json\/wp\/v2\/posts\/381240","targetHints":{"allow":["GET"]}}],"collection":[{"href":"https:\/\/www.hashtag.al\/index.php\/wp-json\/wp\/v2\/posts"}],"about":[{"href":"https:\/\/www.hashtag.al\/index.php\/wp-json\/wp\/v2\/types\/post"}],"author":[{"embeddable":true,"href":"https:\/\/www.hashtag.al\/index.php\/wp-json\/wp\/v2\/users\/51"}],"replies":[{"embeddable":true,"href":"https:\/\/www.hashtag.al\/index.php\/wp-json\/wp\/v2\/comments?post=381240"}],"version-history":[{"count":0,"href":"https:\/\/www.hashtag.al\/index.php\/wp-json\/wp\/v2\/posts\/381240\/revisions"}],"wp:featuredmedia":[{"embeddable":true,"href":"https:\/\/www.hashtag.al\/index.php\/wp-json\/wp\/v2\/media\/381241"}],"wp:attachment":[{"href":"https:\/\/www.hashtag.al\/index.php\/wp-json\/wp\/v2\/media?parent=381240"}],"wp:term":[{"taxonomy":"category","embeddable":true,"href":"https:\/\/www.hashtag.al\/index.php\/wp-json\/wp\/v2\/categories?post=381240"},{"taxonomy":"post_tag","embeddable":true,"href":"https:\/\/www.hashtag.al\/index.php\/wp-json\/wp\/v2\/tags?post=381240"}],"curies":[{"name":"wp","href":"https:\/\/api.w.org\/{rel}","templated":true}]}}