{"id":380895,"date":"2020-06-15T11:11:54","date_gmt":"2020-06-15T09:11:54","guid":{"rendered":"https:\/\/hashtag.al\/?p=380895"},"modified":"2020-06-15T11:13:28","modified_gmt":"2020-06-15T09:13:28","slug":"bresheri-armesh-ne-kompleks-flet-pronari-nuk-kam-konflikte-kane-ngaterruar-objektiv","status":"publish","type":"post","link":"https:\/\/www.hashtag.al\/index.php\/2020\/06\/15\/bresheri-armesh-ne-kompleks-flet-pronari-nuk-kam-konflikte-kane-ngaterruar-objektiv\/","title":{"rendered":"Bresh\u00ebri arm\u00ebsh n\u00eb kompleks, flet pronari: Nuk kam konflikte, kan\u00eb ngat\u00ebrruar objektiv","gt_translate_keys":[{"key":"rendered","format":"text"}]},"content":{"rendered":"<p><a href=\"https:\/\/hashtag.al\/wp-content\/uploads\/2020\/06\/eiffel.jpg\"><img loading=\"lazy\" decoding=\"async\" class=\"aligncenter size-full wp-image-380896\" src=\"https:\/\/hashtag.al\/wp-content\/uploads\/2020\/06\/eiffel.jpg\" alt=\"\" width=\"1280\" height=\"720\" srcset=\"https:\/\/www.hashtag.al\/wp-content\/uploads\/2020\/06\/eiffel.jpg 1280w, https:\/\/www.hashtag.al\/wp-content\/uploads\/2020\/06\/eiffel-300x169.jpg 300w, https:\/\/www.hashtag.al\/wp-content\/uploads\/2020\/06\/eiffel-768x432.jpg 768w, https:\/\/www.hashtag.al\/wp-content\/uploads\/2020\/06\/eiffel-1024x576.jpg 1024w\" sizes=\"auto, (max-width: 1280px) 100vw, 1280px\" \/><\/a><\/p>\n<p><span style=\"color: #000000;\">Pronari i kompleksit ku u q\u00ebllua me arm\u00eb zjarri mbr\u00ebmjen e kaluar \u00ebsht\u00eb Enver \u00c7aushi.<\/span><\/p>\n<p><span style=\"color: #000000;\">Kompleksi &#8220;Eiffel&#8221; n\u00eb Yrshek, q\u00eb tregohet n\u00eb foton e m\u00ebsip\u00ebrme t\u00eb treguar nga &#8220;Report TV&#8221;, ndodhet n\u00eb rrug\u00ebn dyt\u00ebsore Tiran\u00eb-Vor\u00eb. N\u00eb drejtim t\u00eb tij pas mesnat\u00ebs u q\u00ebllua me bresh\u00ebri arme.<\/span><\/p>\n<p><span style=\"color: #000000;\">Sipas &#8220;<span style=\"color: #0000ff;\"><a style=\"color: #0000ff;\" href=\"https:\/\/www.balkanweb.com\/i-qelluan-me-arme-kompleksin-ne-yrshek-pronari-ne-polici-ngaterrim-objektivi-nuk-kam-konflikte\/\">Balkanweb&#8221;<\/a><\/span>, zoti \u00c7aushi ka deklaruar n\u00eb polici se do t\u00eb jet\u00eb nj\u00eb ngat\u00ebrrim objektivi. Ai thot\u00eb se nuk ka konflikte me asnj\u00eb njeri dhe p\u00ebr k\u00ebt\u00eb arsye nuk mund ta dij\u00eb se kush jan\u00eb autor\u00ebt.<\/span><\/p>\n<p><span style=\"color: #000000;\">Nipi i Enver \u00c7aushit, Florian \u00c7aushi ka qen\u00eb pak vite m\u00eb par\u00eb protagonisht i nj\u00eb pengmarrjeje.<\/span><\/p>\n<p><span style=\"color: #000000;\">Florjan \u00c7aushi akuzohet se mori peng tregarin Syria Deli p\u00ebr nj\u00eb borxh t\u00eb prej 20 mij\u00eb eurosh. Por xhaxhai i tij Enver \u00c7aushi, nuk kishte lidhje me pengmarrjen.<\/span><\/p>\n","protected":false,"gt_translate_keys":[{"key":"rendered","format":"html"}]},"excerpt":{"rendered":"<p>Pronari i kompleksit ku u q\u00ebllua me arm\u00eb zjarri mbr\u00ebmjen e kaluar \u00ebsht\u00eb Enver \u00c7aushi. Kompleksi &#8220;Eiffel&#8221; n\u00eb Yrshek, q\u00eb tregohet n\u00eb foton e m\u00ebsip\u00ebrme t\u00eb treguar nga &#8220;Report TV&#8221;, ndodhet n\u00eb rrug\u00ebn dyt\u00ebsore Tiran\u00eb-Vor\u00eb. N\u00eb drejtim t\u00eb tij pas mesnat\u00ebs u q\u00ebllua me bresh\u00ebri arme. Sipas &#8220;Balkanweb&#8221;, zoti \u00c7aushi ka deklaruar n\u00eb polici se [&hellip;]<\/p>\n","protected":false,"gt_translate_keys":[{"key":"rendered","format":"html"}]},"author":30,"featured_media":380896,"comment_status":"open","ping_status":"open","sticky":false,"template":"","format":"standard","meta":{"footnotes":""},"categories":[65,13],"tags":[],"class_list":["post-380895","post","type-post","status-publish","format-standard","has-post-thumbnail","hentry","category-lajme","category-te-fundit"],"gt_translate_keys":[{"key":"link","format":"url"}],"_links":{"self":[{"href":"https:\/\/www.hashtag.al\/index.php\/wp-json\/wp\/v2\/posts\/380895","targetHints":{"allow":["GET"]}}],"collection":[{"href":"https:\/\/www.hashtag.al\/index.php\/wp-json\/wp\/v2\/posts"}],"about":[{"href":"https:\/\/www.hashtag.al\/index.php\/wp-json\/wp\/v2\/types\/post"}],"author":[{"embeddable":true,"href":"https:\/\/www.hashtag.al\/index.php\/wp-json\/wp\/v2\/users\/30"}],"replies":[{"embeddable":true,"href":"https:\/\/www.hashtag.al\/index.php\/wp-json\/wp\/v2\/comments?post=380895"}],"version-history":[{"count":0,"href":"https:\/\/www.hashtag.al\/index.php\/wp-json\/wp\/v2\/posts\/380895\/revisions"}],"wp:featuredmedia":[{"embeddable":true,"href":"https:\/\/www.hashtag.al\/index.php\/wp-json\/wp\/v2\/media\/380896"}],"wp:attachment":[{"href":"https:\/\/www.hashtag.al\/index.php\/wp-json\/wp\/v2\/media?parent=380895"}],"wp:term":[{"taxonomy":"category","embeddable":true,"href":"https:\/\/www.hashtag.al\/index.php\/wp-json\/wp\/v2\/categories?post=380895"},{"taxonomy":"post_tag","embeddable":true,"href":"https:\/\/www.hashtag.al\/index.php\/wp-json\/wp\/v2\/tags?post=380895"}],"curies":[{"name":"wp","href":"https:\/\/api.w.org\/{rel}","templated":true}]}}