{"id":380892,"date":"2020-06-15T10:56:00","date_gmt":"2020-06-15T08:56:00","guid":{"rendered":"https:\/\/hashtag.al\/?p=380892"},"modified":"2020-06-15T10:56:43","modified_gmt":"2020-06-15T08:56:43","slug":"bashkia-e-durresit-mbyll-dyert-dy-raste-me-covid-19","status":"publish","type":"post","link":"https:\/\/www.hashtag.al\/index.php\/2020\/06\/15\/bashkia-e-durresit-mbyll-dyert-dy-raste-me-covid-19\/","title":{"rendered":"Bashkia e Durr\u00ebsit mbyll dyert, dy raste me COVID-19","gt_translate_keys":[{"key":"rendered","format":"text"}]},"content":{"rendered":"<p><a href=\"https:\/\/hashtag.al\/wp-content\/uploads\/2020\/06\/bashkia-durres-700x525.jpg\"><img loading=\"lazy\" decoding=\"async\" class=\"aligncenter size-full wp-image-380893\" src=\"https:\/\/hashtag.al\/wp-content\/uploads\/2020\/06\/bashkia-durres-700x525.jpg\" alt=\"\" width=\"700\" height=\"525\" srcset=\"https:\/\/www.hashtag.al\/wp-content\/uploads\/2020\/06\/bashkia-durres-700x525.jpg 700w, https:\/\/www.hashtag.al\/wp-content\/uploads\/2020\/06\/bashkia-durres-700x525-300x225.jpg 300w\" sizes=\"auto, (max-width: 700px) 100vw, 700px\" \/><\/a><\/p>\n<p><span style=\"color: #000000;\">Pas rastit t\u00eb par\u00eb t\u00eb konfirmuar para disa dit\u00ebsh nga bashkia e Durr\u00ebsit, sot konfirmohet nj\u00eb rast i dyt\u00eb. Sipas televizionit News 24, sot ka dal\u00eb pozitiv n\u00eb testin p\u00ebr COVID-19 nj\u00eb punonj\u00ebs i dyt\u00eb i bashkis\u00eb, q\u00eb ka patur kontakte me t\u00eb parin.<\/span><\/p>\n<p><span style=\"color: #000000;\">Si rezultat, t\u00eb gjith\u00eb punonj\u00ebsit e bashkis\u00eb s\u00eb Durr\u00ebsit q\u00eb jan\u00eb patur kontakte me dy t\u00eb infektuarit, jan\u00eb vendosur n\u00eb karantin\u00eb dhe u jan\u00eb n\u00ebnshtruar testeve. Ata jan\u00eb n\u00eb pritje t\u00eb rezultateve t\u00eb tamponit.<\/span><\/p>\n<p><span style=\"color: #000000;\">Edhe z\u00ebdh\u00ebn\u00ebsi i Bashkis\u00eb s\u00eb Durr\u00ebsit, Dorjan Agolli \u00ebsht\u00eb vendosur n\u00eb karantin\u00eb 14 ditore.<\/span><\/p>\n<p><span style=\"color: #000000;\">Qytetar\u00ebt nuk lejohen n\u00eb godin\u00ebn e bashkis\u00eb, e cila ka mbyllur dyert q\u00eb nga dita e shtun\u00eb. Nga momenti n\u00eb moment, pritet deklarata e p\u00ebrditshme nga Ministria e Sh\u00ebndet\u00ebsis\u00eb, ku do b\u00ebhet p\u00ebrdit\u00ebsimi i t\u00eb dh\u00ebnave lidhur me p\u00ebrhapjen e pandemis\u00eb n\u00eb vend.<\/span><\/p>\n","protected":false,"gt_translate_keys":[{"key":"rendered","format":"html"}]},"excerpt":{"rendered":"<p>Pas rastit t\u00eb par\u00eb t\u00eb konfirmuar para disa dit\u00ebsh nga bashkia e Durr\u00ebsit, sot konfirmohet nj\u00eb rast i dyt\u00eb. Sipas televizionit News 24, sot ka dal\u00eb pozitiv n\u00eb testin p\u00ebr COVID-19 nj\u00eb punonj\u00ebs i dyt\u00eb i bashkis\u00eb, q\u00eb ka patur kontakte me t\u00eb parin. Si rezultat, t\u00eb gjith\u00eb punonj\u00ebsit e bashkis\u00eb s\u00eb Durr\u00ebsit q\u00eb jan\u00eb [&hellip;]<\/p>\n","protected":false,"gt_translate_keys":[{"key":"rendered","format":"html"}]},"author":30,"featured_media":380893,"comment_status":"open","ping_status":"open","sticky":false,"template":"","format":"standard","meta":{"footnotes":""},"categories":[65,13],"tags":[],"class_list":["post-380892","post","type-post","status-publish","format-standard","has-post-thumbnail","hentry","category-lajme","category-te-fundit"],"gt_translate_keys":[{"key":"link","format":"url"}],"_links":{"self":[{"href":"https:\/\/www.hashtag.al\/index.php\/wp-json\/wp\/v2\/posts\/380892","targetHints":{"allow":["GET"]}}],"collection":[{"href":"https:\/\/www.hashtag.al\/index.php\/wp-json\/wp\/v2\/posts"}],"about":[{"href":"https:\/\/www.hashtag.al\/index.php\/wp-json\/wp\/v2\/types\/post"}],"author":[{"embeddable":true,"href":"https:\/\/www.hashtag.al\/index.php\/wp-json\/wp\/v2\/users\/30"}],"replies":[{"embeddable":true,"href":"https:\/\/www.hashtag.al\/index.php\/wp-json\/wp\/v2\/comments?post=380892"}],"version-history":[{"count":0,"href":"https:\/\/www.hashtag.al\/index.php\/wp-json\/wp\/v2\/posts\/380892\/revisions"}],"wp:featuredmedia":[{"embeddable":true,"href":"https:\/\/www.hashtag.al\/index.php\/wp-json\/wp\/v2\/media\/380893"}],"wp:attachment":[{"href":"https:\/\/www.hashtag.al\/index.php\/wp-json\/wp\/v2\/media?parent=380892"}],"wp:term":[{"taxonomy":"category","embeddable":true,"href":"https:\/\/www.hashtag.al\/index.php\/wp-json\/wp\/v2\/categories?post=380892"},{"taxonomy":"post_tag","embeddable":true,"href":"https:\/\/www.hashtag.al\/index.php\/wp-json\/wp\/v2\/tags?post=380892"}],"curies":[{"name":"wp","href":"https:\/\/api.w.org\/{rel}","templated":true}]}}