{"id":380776,"date":"2020-06-14T15:18:55","date_gmt":"2020-06-14T13:18:55","guid":{"rendered":"https:\/\/hashtag.al\/?p=380776"},"modified":"2020-06-14T15:17:17","modified_gmt":"2020-06-14T13:17:17","slug":"haradinaj-per-fundjave-ne-durres-takohet-me-kryemadhin","status":"publish","type":"post","link":"https:\/\/www.hashtag.al\/index.php\/2020\/06\/14\/haradinaj-per-fundjave-ne-durres-takohet-me-kryemadhin\/","title":{"rendered":"Haradinaj p\u00ebr fundjav\u00eb n\u00eb Durr\u00ebs, takohet me Kryemadhin","gt_translate_keys":[{"key":"rendered","format":"text"}]},"content":{"rendered":"<p><a href=\"https:\/\/hashtag.al\/wp-content\/uploads\/2020\/06\/Haradinaj-Kryemadhi.jpg\"><img loading=\"lazy\" decoding=\"async\" class=\"aligncenter size-full wp-image-380777\" src=\"https:\/\/hashtag.al\/wp-content\/uploads\/2020\/06\/Haradinaj-Kryemadhi.jpg\" alt=\"\" width=\"960\" height=\"720\" srcset=\"https:\/\/www.hashtag.al\/wp-content\/uploads\/2020\/06\/Haradinaj-Kryemadhi.jpg 960w, https:\/\/www.hashtag.al\/wp-content\/uploads\/2020\/06\/Haradinaj-Kryemadhi-300x225.jpg 300w, https:\/\/www.hashtag.al\/wp-content\/uploads\/2020\/06\/Haradinaj-Kryemadhi-768x576.jpg 768w\" sizes=\"auto, (max-width: 960px) 100vw, 960px\" \/><\/a><\/p>\n<p><span style=\"color: #000000;\">Mesa duket ish-kryeministri i Kosov\u00ebs Ramush Haradinaj, ka zgjedhur t\u00eb kaloj\u00eb fundjav\u00ebn n\u00eb bregdetin shqiptar. E megjithat\u00eb edhe pse kishte ardhur p\u00ebr t\u00eb pushuar, nuk u \u00ebsht\u00eb ndar\u00eb takimeve dhe diskutimeve politike.<\/span><\/p>\n<p><span style=\"color: #000000;\">Kryetari i Aleanc\u00ebs p\u00ebr Ardhm\u00ebrin\u00eb e Kosov\u00ebs, ka publikuar n\u00eb llogarin\u00eb e tij n\u00eb \u201cFacebook\u201d, nj\u00eb fotografi me kryetaren e LSI-s\u00eb, Monika Kryemadhi.<\/span><\/p>\n<p><span style=\"color: #000000;\">\u00a0\u201cP\u00ebrs\u00ebri n\u00eb Shqip\u00ebri, p\u00ebrs\u00ebri n\u00eb Durr\u00ebs. K\u00ebnaq\u00ebsi t\u00eb kem nj\u00eb bashk\u00ebbisedim me Monika Kryemadhin, Kryetaren e LSI-s\u00eb, lidhur me aktualitetin politik n\u00eb dy shtetet tona. U g\u00ebzova, po ashtu, t\u00eb shoh qytetar\u00ebt e Kosov\u00ebs, q\u00eb po i kthehen bregdetit shqiptar\u201d, shkruan Haradinaj.<\/span><\/p>\n<p><a href=\"https:\/\/hashtag.al\/wp-content\/uploads\/2020\/06\/Haradinaj-Durres.jpg\"><img loading=\"lazy\" decoding=\"async\" class=\"aligncenter size-full wp-image-380778\" src=\"https:\/\/hashtag.al\/wp-content\/uploads\/2020\/06\/Haradinaj-Durres.jpg\" alt=\"\" width=\"720\" height=\"960\" srcset=\"https:\/\/www.hashtag.al\/wp-content\/uploads\/2020\/06\/Haradinaj-Durres.jpg 720w, https:\/\/www.hashtag.al\/wp-content\/uploads\/2020\/06\/Haradinaj-Durres-225x300.jpg 225w\" sizes=\"auto, (max-width: 720px) 100vw, 720px\" \/><\/a><\/p>\n","protected":false,"gt_translate_keys":[{"key":"rendered","format":"html"}]},"excerpt":{"rendered":"<p>Mesa duket ish-kryeministri i Kosov\u00ebs Ramush Haradinaj, ka zgjedhur t\u00eb kaloj\u00eb fundjav\u00ebn n\u00eb bregdetin shqiptar. E megjithat\u00eb edhe pse kishte ardhur p\u00ebr t\u00eb pushuar, nuk u \u00ebsht\u00eb ndar\u00eb takimeve dhe diskutimeve politike. Kryetari i Aleanc\u00ebs p\u00ebr Ardhm\u00ebrin\u00eb e Kosov\u00ebs, ka publikuar n\u00eb llogarin\u00eb e tij n\u00eb \u201cFacebook\u201d, nj\u00eb fotografi me kryetaren e LSI-s\u00eb, Monika Kryemadhi. [&hellip;]<\/p>\n","protected":false,"gt_translate_keys":[{"key":"rendered","format":"html"}]},"author":30,"featured_media":380777,"comment_status":"open","ping_status":"open","sticky":false,"template":"","format":"standard","meta":{"footnotes":""},"categories":[65,13],"tags":[],"class_list":["post-380776","post","type-post","status-publish","format-standard","has-post-thumbnail","hentry","category-lajme","category-te-fundit"],"gt_translate_keys":[{"key":"link","format":"url"}],"_links":{"self":[{"href":"https:\/\/www.hashtag.al\/index.php\/wp-json\/wp\/v2\/posts\/380776","targetHints":{"allow":["GET"]}}],"collection":[{"href":"https:\/\/www.hashtag.al\/index.php\/wp-json\/wp\/v2\/posts"}],"about":[{"href":"https:\/\/www.hashtag.al\/index.php\/wp-json\/wp\/v2\/types\/post"}],"author":[{"embeddable":true,"href":"https:\/\/www.hashtag.al\/index.php\/wp-json\/wp\/v2\/users\/30"}],"replies":[{"embeddable":true,"href":"https:\/\/www.hashtag.al\/index.php\/wp-json\/wp\/v2\/comments?post=380776"}],"version-history":[{"count":0,"href":"https:\/\/www.hashtag.al\/index.php\/wp-json\/wp\/v2\/posts\/380776\/revisions"}],"wp:featuredmedia":[{"embeddable":true,"href":"https:\/\/www.hashtag.al\/index.php\/wp-json\/wp\/v2\/media\/380777"}],"wp:attachment":[{"href":"https:\/\/www.hashtag.al\/index.php\/wp-json\/wp\/v2\/media?parent=380776"}],"wp:term":[{"taxonomy":"category","embeddable":true,"href":"https:\/\/www.hashtag.al\/index.php\/wp-json\/wp\/v2\/categories?post=380776"},{"taxonomy":"post_tag","embeddable":true,"href":"https:\/\/www.hashtag.al\/index.php\/wp-json\/wp\/v2\/tags?post=380776"}],"curies":[{"name":"wp","href":"https:\/\/api.w.org\/{rel}","templated":true}]}}