{"id":380702,"date":"2020-06-14T10:57:23","date_gmt":"2020-06-14T08:57:23","guid":{"rendered":"https:\/\/hashtag.al\/?p=380702"},"modified":"2020-06-14T10:59:22","modified_gmt":"2020-06-14T08:59:22","slug":"presidenti-i-pare-ne-detyre-qe-nderron-jete-nga-koronavirusi","status":"publish","type":"post","link":"https:\/\/www.hashtag.al\/index.php\/2020\/06\/14\/presidenti-i-pare-ne-detyre-qe-nderron-jete-nga-koronavirusi\/","title":{"rendered":"Presidenti i par\u00eb n\u00eb detyr\u00eb q\u00eb nd\u00ebrron jet\u00eb nga koronavirusi","gt_translate_keys":[{"key":"rendered","format":"text"}]},"content":{"rendered":"<p><a href=\"https:\/\/hashtag.al\/wp-content\/uploads\/2020\/06\/Nkurunziza.jpg\"><img loading=\"lazy\" decoding=\"async\" class=\"aligncenter size-full wp-image-380703\" src=\"https:\/\/hashtag.al\/wp-content\/uploads\/2020\/06\/Nkurunziza.jpg\" alt=\"\" width=\"620\" height=\"372\" srcset=\"https:\/\/www.hashtag.al\/wp-content\/uploads\/2020\/06\/Nkurunziza.jpg 620w, https:\/\/www.hashtag.al\/wp-content\/uploads\/2020\/06\/Nkurunziza-300x180.jpg 300w\" sizes=\"auto, (max-width: 620px) 100vw, 620px\" \/><\/a><\/p>\n<p><span style=\"color: #000000;\">Presidenti i Burundit ka nd\u00ebrruar jet\u00eb nga koronavirusi, duke u b\u00ebr\u00eb presidenti i par\u00eb n\u00eb detyr\u00eb q\u00eb ka humbur jet\u00eb si pasoj\u00eb e pandemis\u00eb q\u00eb ka p\u00ebrfshir\u00eb gjith\u00eb bot\u00ebn. T\u00eb pakt\u00ebn sipas mjek\u00ebve n\u00eb spitalin ku ishte shtruar.<\/span><\/p>\n<p><span style=\"color: #000000;\">Por qeveria e vendit m\u00eb par\u00eb e kishte raportuar shkakun e vdekjes s\u00eb Pierre Nkurunziza, 55 vje\u00e7, si nj\u00eb sulm n\u00eb zem\u00ebr.<\/span><\/p>\n<p><span style=\"color: #000000;\"><span style=\"color: #0000ff;\"><a style=\"color: #0000ff;\" href=\"https:\/\/www.dailymail.co.uk\/news\/article-8417217\/Burundi-president-worlds-head-state-die-Covid-confirm-medics.html\">Daily Mail<\/a><\/span> shkruan se mjek\u00ebt e spitalit ku ishte shkruar presidenti, kan\u00eb konfirmuar se Nkurunziza kishte probleme respiratore para vdekjes.<\/span><\/p>\n<p><span style=\"color: #000000;\">Mjek\u00ebt n\u00eb spitalin universitar \u201cKamenge\u201d n\u00eb Bujumbura i than\u00eb AFP-s\u00eb se kreu i institutit t\u00eb sh\u00ebndetit publik k\u00ebrkoi t\u00eb vetmin ventilator t\u00eb spitalit t\u00eb tyre dhe shefin e sh\u00ebrbimit t\u00eb reanimacionit \u2018n\u00eb em\u00ebr t\u00eb presidenc\u00ebs\u2019 t\u00eb h\u00ebn\u00ebn n\u00eb or\u00ebn 10:00 t\u00eb m\u00ebngjesit.<\/span><\/p>\n<p><span style=\"color: #000000;\">Presidenti u d\u00ebrgua n\u00eb spitalin n\u00eb Karusi, por ishte \u201cshum\u00eb von\u00eb\u201d, ai ishte <em>\u201ctashm\u00eb i vdekur\u201d.<\/em><\/span><\/p>\n<p><span style=\"color: #000000;\">Dyshimet kishin qen\u00eb t\u00eb larta se presidenti ishte s\u00ebmur\u00eb me Covid-19 pasi gruaja e tij ishte shtruar n\u00eb spital n\u00eb fund t\u00eb majit, pasi kishte patur probleme me frym\u00ebmarrjen.<\/span><\/p>\n<p><span style=\"color: #000000;\">Vendi afrikan njoftoi vdekjen <em>\u2018e papritur\u2019<\/em> t\u00eb Nkurunziz\u00ebs m\u00eb 9 qershor duke shpallur nj\u00eb jav\u00eb zie komb\u00ebtare.<\/span><\/p>\n<p><span style=\"color: #000000;\">Qeveria ende nuk ka njoftuar nj\u00eb dat\u00eb p\u00ebr varrosjen e tij, por sh\u00ebnon periudh\u00ebn shtat\u00eb ditore t\u00eb zis\u00eb komb\u00ebtare, gjat\u00eb s\u00eb cil\u00ebs ka ndaluar muzik\u00ebn n\u00eb bare, klube t\u00eb nat\u00ebs dhe karaoke.<\/span><\/p>\n<p><a href=\"https:\/\/hashtag.al\/wp-content\/uploads\/2020\/06\/Nkurunziza-1.jpg\"><img loading=\"lazy\" decoding=\"async\" class=\"aligncenter size-full wp-image-380706\" src=\"https:\/\/hashtag.al\/wp-content\/uploads\/2020\/06\/Nkurunziza-1.jpg\" alt=\"\" width=\"634\" height=\"423\" srcset=\"https:\/\/www.hashtag.al\/wp-content\/uploads\/2020\/06\/Nkurunziza-1.jpg 634w, https:\/\/www.hashtag.al\/wp-content\/uploads\/2020\/06\/Nkurunziza-1-300x200.jpg 300w\" sizes=\"auto, (max-width: 634px) 100vw, 634px\" \/><\/a><\/p>\n","protected":false,"gt_translate_keys":[{"key":"rendered","format":"html"}]},"excerpt":{"rendered":"<p>Presidenti i Burundit ka nd\u00ebrruar jet\u00eb nga koronavirusi, duke u b\u00ebr\u00eb presidenti i par\u00eb n\u00eb detyr\u00eb q\u00eb ka humbur jet\u00eb si pasoj\u00eb e pandemis\u00eb q\u00eb ka p\u00ebrfshir\u00eb gjith\u00eb bot\u00ebn. T\u00eb pakt\u00ebn sipas mjek\u00ebve n\u00eb spitalin ku ishte shtruar. Por qeveria e vendit m\u00eb par\u00eb e kishte raportuar shkakun e vdekjes s\u00eb Pierre Nkurunziza, 55 vje\u00e7, [&hellip;]<\/p>\n","protected":false,"gt_translate_keys":[{"key":"rendered","format":"html"}]},"author":30,"featured_media":380703,"comment_status":"open","ping_status":"open","sticky":false,"template":"","format":"standard","meta":{"footnotes":""},"categories":[6,13],"tags":[],"class_list":["post-380702","post","type-post","status-publish","format-standard","has-post-thumbnail","hentry","category-nderkombetare","category-te-fundit"],"gt_translate_keys":[{"key":"link","format":"url"}],"_links":{"self":[{"href":"https:\/\/www.hashtag.al\/index.php\/wp-json\/wp\/v2\/posts\/380702","targetHints":{"allow":["GET"]}}],"collection":[{"href":"https:\/\/www.hashtag.al\/index.php\/wp-json\/wp\/v2\/posts"}],"about":[{"href":"https:\/\/www.hashtag.al\/index.php\/wp-json\/wp\/v2\/types\/post"}],"author":[{"embeddable":true,"href":"https:\/\/www.hashtag.al\/index.php\/wp-json\/wp\/v2\/users\/30"}],"replies":[{"embeddable":true,"href":"https:\/\/www.hashtag.al\/index.php\/wp-json\/wp\/v2\/comments?post=380702"}],"version-history":[{"count":0,"href":"https:\/\/www.hashtag.al\/index.php\/wp-json\/wp\/v2\/posts\/380702\/revisions"}],"wp:featuredmedia":[{"embeddable":true,"href":"https:\/\/www.hashtag.al\/index.php\/wp-json\/wp\/v2\/media\/380703"}],"wp:attachment":[{"href":"https:\/\/www.hashtag.al\/index.php\/wp-json\/wp\/v2\/media?parent=380702"}],"wp:term":[{"taxonomy":"category","embeddable":true,"href":"https:\/\/www.hashtag.al\/index.php\/wp-json\/wp\/v2\/categories?post=380702"},{"taxonomy":"post_tag","embeddable":true,"href":"https:\/\/www.hashtag.al\/index.php\/wp-json\/wp\/v2\/tags?post=380702"}],"curies":[{"name":"wp","href":"https:\/\/api.w.org\/{rel}","templated":true}]}}