{"id":380697,"date":"2020-06-14T10:35:01","date_gmt":"2020-06-14T08:35:01","guid":{"rendered":"https:\/\/hashtag.al\/?p=380697"},"modified":"2020-06-14T10:41:53","modified_gmt":"2020-06-14T08:41:53","slug":"protestat-e-maturanteve-ministria-e-arsimit-do-rishihet-menyra-e-shperndarjes-se-notave","status":"publish","type":"post","link":"https:\/\/www.hashtag.al\/index.php\/2020\/06\/14\/protestat-e-maturanteve-ministria-e-arsimit-do-rishihet-menyra-e-shperndarjes-se-notave\/","title":{"rendered":"Protestat e maturant\u00ebve, Ministria e Arsimit: Do rishihet m\u00ebnyra e shp\u00ebrndarjes s\u00eb notave","gt_translate_keys":[{"key":"rendered","format":"text"}]},"content":{"rendered":"<p><span style=\"color: #000000;\"><a style=\"color: #000000;\" href=\"https:\/\/hashtag.al\/wp-content\/uploads\/2020\/06\/maturante-1.jpg\"><img loading=\"lazy\" decoding=\"async\" class=\"aligncenter size-full wp-image-380698\" src=\"https:\/\/hashtag.al\/wp-content\/uploads\/2020\/06\/maturante-1.jpg\" alt=\"\" width=\"1024\" height=\"576\" srcset=\"https:\/\/www.hashtag.al\/wp-content\/uploads\/2020\/06\/maturante-1.jpg 1024w, https:\/\/www.hashtag.al\/wp-content\/uploads\/2020\/06\/maturante-1-300x169.jpg 300w, https:\/\/www.hashtag.al\/wp-content\/uploads\/2020\/06\/maturante-1-768x432.jpg 768w\" sizes=\"auto, (max-width: 1024px) 100vw, 1024px\" \/><\/a><\/span><\/p>\n<p><span style=\"color: #000000;\">Pas protestave t\u00eb maturant\u00ebve n\u00eb dit\u00ebt e fundit, Komiteti i Matur\u00ebs Shtet\u00ebrore ka vendosur t\u00eb rishikoj\u00eb m\u00ebnyr\u00ebn e shp\u00ebrndarjes s\u00eb notave, pasi kjo ka qen\u00eb nj\u00eb nga k\u00ebrkesat e tyre. K\u00ebshtu njofton sot Ministria e Arsimit, p\u00ebrmes nj\u00eb njoftimi p\u00ebr mediat.<\/span><\/p>\n<p><span style=\"color: #000000;\">Po ashtu, do t\u00eb zgjatet me 30 minuta m\u00eb shum\u00eb provimi i l\u00ebnd\u00ebs s\u00eb Matematik\u00ebs q\u00eb do t\u00eb mbahet nes\u00ebr.<\/span><\/p>\n<p><span style=\"color: #000000;\">Kjo vjen pas thirrjes q\u00eb presidenti Meta i b\u00ebri mbr\u00ebm\u00eb Komitetit t\u00eb Matur\u00ebs Shtet\u00ebrore, q\u00eb t\u00eb adresoj\u00eb sa m\u00eb shpejt t\u00eb gjitha shqet\u00ebsimet e maturant\u00ebve.<\/span><\/p>\n<p><span style=\"color: #000000;\">Paraditen e sotme, maturant\u00ebt pritet t\u00eb dalin s\u00ebrish n\u00eb protest\u00eb n\u00eb or\u00ebn 11:00, p\u00ebr t\u00eb k\u00ebrkuar rishikimin e provimit t\u00eb Gjuh\u00ebs Shqipe e t\u00eb Let\u00ebrsis\u00eb.<\/span><\/p>\n<p><span style=\"color: #000000;\">Ata k\u00ebrkojn\u00eb gjithashtu rivler\u00ebsimin e provimeve dhe uljen e kufirit p\u00ebr not\u00ebn 9 e 10.<\/span><\/p>\n<p><span style=\"color: #000000;\"><strong>NJOFTIMI I PLOT\u00cb<\/strong><\/span><\/p>\n<p><span style=\"color: #000000;\">Komiteti i Matur\u00ebs Shtet\u00ebrore 2020 (KOMSH), q\u00eb n\u00eb dit\u00ebn e par\u00eb pas provimit t\u00eb Gjuh\u00ebs shqipe dhe Let\u00ebrsis\u00eb, ka vler\u00ebsuar me kujdes reagimet e maturant\u00ebve dhe t\u00eb m\u00ebsuesve t\u00eb tyre, si dhe k\u00ebrkesat adresuar Ministris\u00eb s\u00eb Arsimit, Sportit dhe Rinis\u00eb, duke synuar mund\u00ebsit\u00eb e zgjidhjes s\u00eb tyre pa ndikuar n\u00eb procesin e Matur\u00ebs Shtet\u00ebrore.<\/span><\/p>\n<p><span style=\"color: #000000;\">N\u00eb komunikim me m\u00ebsues t\u00eb gjuh\u00ebs shqipe dhe let\u00ebrsis\u00eb dhe n\u00eb bashk\u00ebpunim me Qendr\u00ebn e Sh\u00ebrbimeve Arsimore (QSHA) \u00ebsht\u00eb gjykuar q\u00eb t\u00eb rishihet m\u00ebnyra e shp\u00ebrndarjes s\u00eb notave sipas pik\u00ebve t\u00eb marra nga maturant\u00ebt n\u00eb test, p\u00ebr t\u00eb shmangur shqet\u00ebsimin e maturant\u00ebve mbi notat e tyre, gj\u00eb q\u00eb ka efekt t\u00eb nj\u00ebjt\u00eb p\u00ebr t\u00eb gjith\u00eb ata. Kjo do t\u00eb b\u00ebhet vet\u00ebm pasi t\u00eb kemi rezultatin e pik\u00ebve t\u00eb marra nga maturant\u00ebt.<\/span><\/p>\n<p><span style=\"color: #000000;\">QSHA do t\u00eb publikoj\u00eb q\u00eb sot testin e plot\u00eb dhe p\u00ebr \u00e7do pyetje p\u00ebrgjigjen e sakt\u00eb, n\u00eb m\u00ebnyr\u00eb q\u00eb \u00e7do maturant duke u konsultuar me to, t\u00eb mund t\u00eb b\u00ebj\u00eb nj\u00eb vet\u00ebvler\u00ebsim t\u00eb asaj \u00e7ka ai \u00ebsht\u00eb p\u00ebrgjigjur n\u00eb test.<\/span><\/p>\n<p><span style=\"color: #000000;\">Menj\u00ebher\u00eb sapo t\u00eb dalin rezultatet, maturant\u00ebt krahas not\u00ebs s\u00eb tyre do t\u00eb ken\u00eb dhe variantin q\u00eb kan\u00eb pasur n\u00eb provim me alternativ\u00ebn e sakt\u00eb.<\/span><\/p>\n<p><span style=\"color: #000000;\">Maturant\u00ebt duhet t\u00eb jen\u00eb t\u00eb qart\u00eb dhe t\u00eb bindur se puna e tyre n\u00eb tri vitet e gjimnazit, si dhe puna e m\u00ebsuesve, do t\u00eb vler\u00ebsohet me objektivitet, duke iu garantuar se personalizimi i testit nuk sjell asnj\u00eb ndikim n\u00eb vler\u00ebsimin e tyre.<\/span><\/p>\n<p><span style=\"color: #000000;\">Duke vler\u00ebsuar \u00e7do koment apo sugjerim t\u00eb dh\u00ebn\u00eb n\u00eb k\u00ebto dit\u00eb n\u00eb media apo rrjete sociale nga ekspert\u00eb t\u00eb fush\u00ebs, si dhe nga m\u00ebsuesit, t\u00eb cil\u00ebt njohin nga af\u00ebr programin dhe nivelin e nx\u00ebn\u00ebsve t\u00eb tyre, i ftojm\u00eb ata q\u00eb sot n\u00eb nj\u00eb tryez\u00eb p\u00ebr t\u00eb diskutuar konkretisht mbi cil\u00ebsin\u00eb e pyetjeve t\u00eb testit dhe p\u00ebrputhjen e tyre me programet orientuese t\u00eb Gjuh\u00ebs shqipe dhe Let\u00ebrsis\u00eb, ashtu si\u00e7 ka garantuar QSHA-ja.<\/span><\/p>\n<p><span style=\"color: #000000;\">Nes\u00ebr, maturant\u00ebt kan\u00eb provimin e Matematik\u00ebs dhe m\u00eb pas at\u00eb me zgjedhje, p\u00ebr t\u00eb cil\u00ebt gjykuam dhe e shtuam orarin e provimit edhe me 30 minuta m\u00eb shum\u00eb, meqen\u00ebse ata e k\u00ebrkuan dhe ndjehen m\u00eb mir\u00eb gjat\u00eb plot\u00ebsimit t\u00eb testit.<\/span><\/p>\n<p><span style=\"color: #000000;\">KOMSH-i i uron suksese t\u00eb gjith\u00eb maturant\u00ebve n\u00eb k\u00ebto provime, dhe \u00ebsht\u00eb i gatsh\u00ebm p\u00ebr t\u00eb mir\u00ebpritur dhe adresuar \u00e7do shqet\u00ebsim t\u00eb tyre.<\/span><\/p>\n<p>&nbsp;<\/p>\n","protected":false,"gt_translate_keys":[{"key":"rendered","format":"html"}]},"excerpt":{"rendered":"<p>Pas protestave t\u00eb maturant\u00ebve n\u00eb dit\u00ebt e fundit, Komiteti i Matur\u00ebs Shtet\u00ebrore ka vendosur t\u00eb rishikoj\u00eb m\u00ebnyr\u00ebn e shp\u00ebrndarjes s\u00eb notave, pasi kjo ka qen\u00eb nj\u00eb nga k\u00ebrkesat e tyre. K\u00ebshtu njofton sot Ministria e Arsimit, p\u00ebrmes nj\u00eb njoftimi p\u00ebr mediat. Po ashtu, do t\u00eb zgjatet me 30 minuta m\u00eb shum\u00eb provimi i l\u00ebnd\u00ebs s\u00eb [&hellip;]<\/p>\n","protected":false,"gt_translate_keys":[{"key":"rendered","format":"html"}]},"author":30,"featured_media":380698,"comment_status":"open","ping_status":"open","sticky":false,"template":"","format":"standard","meta":{"footnotes":""},"categories":[65,13],"tags":[],"class_list":["post-380697","post","type-post","status-publish","format-standard","has-post-thumbnail","hentry","category-lajme","category-te-fundit"],"gt_translate_keys":[{"key":"link","format":"url"}],"_links":{"self":[{"href":"https:\/\/www.hashtag.al\/index.php\/wp-json\/wp\/v2\/posts\/380697","targetHints":{"allow":["GET"]}}],"collection":[{"href":"https:\/\/www.hashtag.al\/index.php\/wp-json\/wp\/v2\/posts"}],"about":[{"href":"https:\/\/www.hashtag.al\/index.php\/wp-json\/wp\/v2\/types\/post"}],"author":[{"embeddable":true,"href":"https:\/\/www.hashtag.al\/index.php\/wp-json\/wp\/v2\/users\/30"}],"replies":[{"embeddable":true,"href":"https:\/\/www.hashtag.al\/index.php\/wp-json\/wp\/v2\/comments?post=380697"}],"version-history":[{"count":0,"href":"https:\/\/www.hashtag.al\/index.php\/wp-json\/wp\/v2\/posts\/380697\/revisions"}],"wp:featuredmedia":[{"embeddable":true,"href":"https:\/\/www.hashtag.al\/index.php\/wp-json\/wp\/v2\/media\/380698"}],"wp:attachment":[{"href":"https:\/\/www.hashtag.al\/index.php\/wp-json\/wp\/v2\/media?parent=380697"}],"wp:term":[{"taxonomy":"category","embeddable":true,"href":"https:\/\/www.hashtag.al\/index.php\/wp-json\/wp\/v2\/categories?post=380697"},{"taxonomy":"post_tag","embeddable":true,"href":"https:\/\/www.hashtag.al\/index.php\/wp-json\/wp\/v2\/tags?post=380697"}],"curies":[{"name":"wp","href":"https:\/\/api.w.org\/{rel}","templated":true}]}}