{"id":380690,"date":"2020-06-14T10:11:42","date_gmt":"2020-06-14T08:11:42","guid":{"rendered":"https:\/\/hashtag.al\/?p=380690"},"modified":"2020-06-14T10:14:51","modified_gmt":"2020-06-14T08:14:51","slug":"8-vjedhje-ne-muajt-e-fundit-arrestohen-dy-vlonjatet","status":"publish","type":"post","link":"https:\/\/www.hashtag.al\/index.php\/2020\/06\/14\/8-vjedhje-ne-muajt-e-fundit-arrestohen-dy-vlonjatet\/","title":{"rendered":"8 vjedhje n\u00eb muajt e fundit, arrestohen dy vlonjat\u00ebt","gt_translate_keys":[{"key":"rendered","format":"text"}]},"content":{"rendered":"<p><span style=\"color: #000000;\"><a style=\"color: #000000;\" href=\"https:\/\/hashtag.al\/wp-content\/uploads\/2019\/09\/arrestim-polici.jpg\"><img loading=\"lazy\" decoding=\"async\" class=\"aligncenter size-full wp-image-321776\" src=\"https:\/\/hashtag.al\/wp-content\/uploads\/2019\/09\/arrestim-polici.jpg\" alt=\"\" width=\"780\" height=\"405\" srcset=\"https:\/\/www.hashtag.al\/wp-content\/uploads\/2019\/09\/arrestim-polici.jpg 780w, https:\/\/www.hashtag.al\/wp-content\/uploads\/2019\/09\/arrestim-polici-300x156.jpg 300w, https:\/\/www.hashtag.al\/wp-content\/uploads\/2019\/09\/arrestim-polici-768x399.jpg 768w\" sizes=\"auto, (max-width: 780px) 100vw, 780px\" \/><\/a><\/span><\/p>\n<p><span style=\"color: #000000;\">Dy persona jan\u00eb v\u00ebn\u00eb n\u00eb pranga, n\u00eb Vlor\u00eb, pasi akuzohen p\u00ebr nj\u00eb s\u00ebr\u00eb vjedhjesh. T\u00eb arrestuarit jan\u00eb dy persona t\u00eb cil\u00ebt kan\u00eb qen\u00eb t\u00eb d\u00ebnuar m\u00eb par\u00eb p\u00ebr t\u00eb nj\u00ebjtat akuza: 39 vje\u00e7ari me inicialet R. A. dhe 54-vje\u00e7ari me inicialet A. B.<\/span><\/p>\n<p><span style=\"color: #000000;\">Vjedhjet p\u00ebr t\u00eb cilat akuzohen dy vlonjat\u00ebt kan\u00eb ndodhur nga periudha janar-maj t\u00eb k\u00ebtij viti.<\/span><\/p>\n<p><span style=\"color: #000000;\"><strong>DETAJET E POLICIS\u00cb<\/strong><\/span><\/p>\n<p><span style=\"color: #000000;\">Specialist\u00ebt p\u00ebr Hetimin e Krimeve n\u00eb Komisariatin e Policis\u00eb Vlor\u00eb, n\u00eb vijim t\u00eb pun\u00ebs p\u00ebr parandalimin e vjedhjeve, zbardhjen e atyre t\u00eb ndodhura m\u00eb par\u00eb dhe v\u00ebnien e autor\u00ebve p\u00ebrpara p\u00ebrgjegj\u00ebsis\u00eb penale, si rezultat i nj\u00eb pune t\u00eb mirorganizuar, kan\u00eb finalizuar me sukses operacionin e kapjes s\u00eb k\u00ebtyre dy shtetasve n\u00eb banesat p\u00ebrkat\u00ebse t\u00eb tyre:<\/span><\/p>\n<ol>\n<li><span style=\"color: #000000;\">A., 39 vje\u00e7, banues n\u00eb Vlor\u00eb, i d\u00ebnuar m\u00eb par\u00eb p\u00ebr vjedhje;<\/span><\/li>\n<li><span style=\"color: #000000;\">B., 54 vje\u00e7, banues n\u00eb Vlor\u00eb, i d\u00ebnuar m\u00eb par\u00eb p\u00ebr vjedhje;<\/span><\/li>\n<\/ol>\n<p><span style=\"color: #000000;\">Ndalimi i tyre u b\u00eb pasi Gjykata e Shkall\u00ebs s\u00eb Par\u00eb Vlor\u00eb u ka caktuar mas\u00ebn e sigurimit personal \u201cArrest n\u00eb burg\u201d, p\u00ebr vepr\u00ebn penale \u201cVjedhja\u201d e kryer n\u00eb bashk\u00ebpunim.<\/span><\/p>\n<p><span style=\"color: #000000;\">Gjat\u00eb pun\u00ebs intensive dhe veprimeve hetimore p\u00ebr afro 3 muaj dyshohet se k\u00ebta shtetas, n\u00eb bashk\u00ebpunim me nj\u00ebri-tjetrin, kan\u00eb kryer 8 vjedhje n\u00eb qytetin e Vlor\u00ebs, t\u00eb dokumentuara si m\u00eb posht\u00eb:<\/span><\/p>\n<p><span style=\"color: #000000;\">\u25a0M\u00eb dat\u00eb 11.01.2020, n\u00eb lagjen \u201cPartizani\u201d Vlor\u00eb, kan\u00eb vjedhur n\u00eb banes\u00ebn e shtetasit H. Gj., (i cili jeton jasht\u00eb shtetit), orendi sht\u00ebpiake me vler\u00eb rreth 100.000 lek\u00eb;<\/span><\/p>\n<p><span style=\"color: #000000;\">\u25a0M\u00eb dat\u00eb 29.01.2020, n\u00eb lagjen \u201cHajro \u00c7ak\u00ebrri\u201d Vlor\u00eb, kan\u00eb vedhur n\u00eb banes\u00ebn e shtetasit K. Sh., materiale me vler\u00eb rreth 200.000 lek\u00eb;<\/span><\/p>\n<p><span style=\"color: #000000;\">\u25a0M\u00eb dat\u00eb 12.03.2020, n\u00eb lagjen \u201cRilindja\u201d Vlor\u00eb, kan\u00eb vjedhur n\u00eb banes\u00ebn e shtetasit E. C., 1000 euro, 120.000 lek\u00eb dhe disa bizhuteri me vler\u00eb rreth 50.000 lek\u00eb;<\/span><\/p>\n<p><span style=\"color: #000000;\">\u25a0M\u00eb dat\u00eb 08.05.2020, n\u00eb lagjen \u201cPartizani\u201d Vlor\u00eb, kan\u00eb vjedhur n\u00eb banes\u00ebn e shtetasit A. S., orendi sht\u00ebpiake me vler\u00eb 40.000 lek\u00eb;<\/span><\/p>\n<p><span style=\"color: #000000;\">\u25a0M\u00eb dat\u00eb 10.05.2020, n\u00eb lagjen \u201cLirimi\u201d Vlor\u00eb, kan\u00eb vjedhur n\u00eb banes\u00ebn e shtetases S. B., sende elektrosht\u00ebpiake me vler\u00eb rreth 870 euro;<\/span><\/p>\n<p><span style=\"color: #000000;\">\u25a0M\u00eb dat\u00eb 17.05.2020, n\u00eb lagjen \u201c29 N\u00ebntori\u201d Vlor\u00eb, kan\u00eb vjedhur n\u00eb banes\u00ebn e shtetasit T. T., (i cili jeton jasht\u00eb shtetit), 2 televizor\u00eb me vler\u00eb 50.000 lek\u00eb;<\/span><\/p>\n<p><span style=\"color: #000000;\">\u25a0M\u00eb dat\u00eb 20.05.2020, n\u00eb lagjen \u201c10 Korriku\u201d Vlor\u00eb, kan\u00eb vjedhur n\u00eb banes\u00ebn e shtetases R. B., bizhuteri me vler\u00eb rreth 100.000 lek\u00eb;<\/span><\/p>\n<p><span style=\"color: #000000;\">\u25a0M\u00eb dat\u00eb 29.05.2020, n\u00eb lagjen \u201c15 Tetori\u201d Vlor\u00eb, kan\u00eb vjedhur n\u00eb banes\u00ebn e shtetasit E. K., sende me vler\u00eb rreth 150.000 lek\u00eb;<\/span><\/p>\n<p><span style=\"color: #000000;\">Si rezultat i pun\u00ebs s\u00eb dokumentuar \u00ebsht\u00eb zbuluar se k\u00ebta shtetas vidhnin banesa, kryesisht ato t\u00eb cilat i kishin pronar\u00ebt jasht\u00eb shtetit, me q\u00ebllim p\u00ebr t\u00eb vjedhur sa m\u00eb shum\u00eb pajisje elektrosht\u00ebpiake, veshje, bizhuteri, lek\u00eb etj.<\/span><\/p>\n<p><span style=\"color: #000000;\">Materialet i kaluan Prokuroris\u00eb Vlor\u00eb, p\u00ebr veprime t\u00eb m\u00ebtejshme.<\/span><\/p>\n<p>&nbsp;<\/p>\n","protected":false,"gt_translate_keys":[{"key":"rendered","format":"html"}]},"excerpt":{"rendered":"<p>Dy persona jan\u00eb v\u00ebn\u00eb n\u00eb pranga, n\u00eb Vlor\u00eb, pasi akuzohen p\u00ebr nj\u00eb s\u00ebr\u00eb vjedhjesh. T\u00eb arrestuarit jan\u00eb dy persona t\u00eb cil\u00ebt kan\u00eb qen\u00eb t\u00eb d\u00ebnuar m\u00eb par\u00eb p\u00ebr t\u00eb nj\u00ebjtat akuza: 39 vje\u00e7ari me inicialet R. A. dhe 54-vje\u00e7ari me inicialet A. B. Vjedhjet p\u00ebr t\u00eb cilat akuzohen dy vlonjat\u00ebt kan\u00eb ndodhur nga periudha janar-maj [&hellip;]<\/p>\n","protected":false,"gt_translate_keys":[{"key":"rendered","format":"html"}]},"author":30,"featured_media":321776,"comment_status":"open","ping_status":"open","sticky":false,"template":"","format":"standard","meta":{"footnotes":""},"categories":[65,13],"tags":[],"class_list":["post-380690","post","type-post","status-publish","format-standard","has-post-thumbnail","hentry","category-lajme","category-te-fundit"],"gt_translate_keys":[{"key":"link","format":"url"}],"_links":{"self":[{"href":"https:\/\/www.hashtag.al\/index.php\/wp-json\/wp\/v2\/posts\/380690","targetHints":{"allow":["GET"]}}],"collection":[{"href":"https:\/\/www.hashtag.al\/index.php\/wp-json\/wp\/v2\/posts"}],"about":[{"href":"https:\/\/www.hashtag.al\/index.php\/wp-json\/wp\/v2\/types\/post"}],"author":[{"embeddable":true,"href":"https:\/\/www.hashtag.al\/index.php\/wp-json\/wp\/v2\/users\/30"}],"replies":[{"embeddable":true,"href":"https:\/\/www.hashtag.al\/index.php\/wp-json\/wp\/v2\/comments?post=380690"}],"version-history":[{"count":0,"href":"https:\/\/www.hashtag.al\/index.php\/wp-json\/wp\/v2\/posts\/380690\/revisions"}],"wp:featuredmedia":[{"embeddable":true,"href":"https:\/\/www.hashtag.al\/index.php\/wp-json\/wp\/v2\/media\/321776"}],"wp:attachment":[{"href":"https:\/\/www.hashtag.al\/index.php\/wp-json\/wp\/v2\/media?parent=380690"}],"wp:term":[{"taxonomy":"category","embeddable":true,"href":"https:\/\/www.hashtag.al\/index.php\/wp-json\/wp\/v2\/categories?post=380690"},{"taxonomy":"post_tag","embeddable":true,"href":"https:\/\/www.hashtag.al\/index.php\/wp-json\/wp\/v2\/tags?post=380690"}],"curies":[{"name":"wp","href":"https:\/\/api.w.org\/{rel}","templated":true}]}}