{"id":380638,"date":"2020-06-13T20:34:03","date_gmt":"2020-06-13T18:34:03","guid":{"rendered":"https:\/\/hashtag.al\/?p=380638"},"modified":"2020-06-13T20:30:02","modified_gmt":"2020-06-13T18:30:02","slug":"meta-komiteti-i-matures-shteterore-te-marre-ne-shqyrtim-kerkesat-e-maturanteve","status":"publish","type":"post","link":"https:\/\/www.hashtag.al\/index.php\/2020\/06\/13\/meta-komiteti-i-matures-shteterore-te-marre-ne-shqyrtim-kerkesat-e-maturanteve\/","title":{"rendered":"Meta: Komiteti i Matur\u00ebs Shtet\u00ebrore t\u00eb marr\u00eb n\u00eb shqyrtim k\u00ebrkesat e maturant\u00ebve","gt_translate_keys":[{"key":"rendered","format":"text"}]},"content":{"rendered":"<p><a href=\"https:\/\/hashtag.al\/?attachment_id=380639\" rel=\"attachment wp-att-380639\"><img loading=\"lazy\" decoding=\"async\" class=\"aligncenter size-full wp-image-380639\" src=\"https:\/\/hashtag.al\/wp-content\/uploads\/2020\/06\/metamaturantet.jpg\" alt=\"\" width=\"1280\" height=\"853\" srcset=\"https:\/\/www.hashtag.al\/wp-content\/uploads\/2020\/06\/metamaturantet.jpg 1280w, https:\/\/www.hashtag.al\/wp-content\/uploads\/2020\/06\/metamaturantet-300x200.jpg 300w, https:\/\/www.hashtag.al\/wp-content\/uploads\/2020\/06\/metamaturantet-768x512.jpg 768w, https:\/\/www.hashtag.al\/wp-content\/uploads\/2020\/06\/metamaturantet-1024x682.jpg 1024w\" sizes=\"auto, (max-width: 1280px) 100vw, 1280px\" \/><\/a><\/p>\n<p><span style=\"color: #000000;\">Presidenti Meta i ka b\u00ebr\u00eb thirrje Komitetit t\u00eb Matur\u00ebs Shtet\u00ebrore q\u00eb t\u00eb marr\u00eb n\u00eb shqyrtim sa m\u00eb spejt t\u00eb gjitha shqet\u00ebsimet e maturant\u00ebve. <\/span><\/p>\n<p><span style=\"color: #000000;\">Ai shkruan se po e ndjek me shqet\u00ebsim protest\u00ebn e maturant\u00ebve dhe k\u00ebrkesat e tyre ndaj autoriteteve p\u00ebrgjegj\u00ebse.<\/span><\/p>\n<p><span style=\"color: #000000;\"><em>\u201cPo ndjek me shqet\u00ebsim protest\u00ebn e maturant\u00ebve dhe k\u00ebrkesat e tyre ndaj autoriteteve p\u00ebrgjegj\u00ebse.<\/em><\/span><\/p>\n<p><span style=\"color: #000000;\"><em>I b\u00ebj thirrje Komitetit t\u00eb Matur\u00ebs Shtet\u00ebrore q\u00eb n\u00eb p\u00ebrmbushje t\u00eb detyrimit ligjor dhe p\u00ebrball\u00eb k\u00ebrkesave t\u00eb student\u00ebve, n\u00eb transparenc\u00eb t\u00eb plot\u00eb, t\u00eb marr\u00eb sa m\u00eb par\u00eb n\u00eb shqyrtim t\u00eb gjitha shqet\u00ebsimet e tyre dhe t\u2019u p\u00ebrgjigjet me p\u00ebrgjegj\u00ebsi t\u00eb plot\u00eb.<\/em><\/span><\/p>\n<p><span style=\"color: #000000;\"><em> Edhe z\u00ebri i vet\u00ebm i nj\u00eb maturanti duhet d\u00ebgjuar, vler\u00ebsuar dhe sqaruar p\u00ebr paqart\u00ebsit\u00eb dhe v\u00ebshtir\u00ebsit\u00eb q\u00eb ka hasur n\u00eb k\u00ebt\u00eb koh\u00eb pandemie. Viti q\u00eb kaloi ka qen\u00eb shum\u00eb i v\u00ebshtir\u00eb p\u00ebr t\u00eb gjith\u00eb sistemin arsimor, por n\u00eb m\u00ebnyr\u00eb t\u00eb ve\u00e7ant\u00eb p\u00ebr maturant\u00ebt tan\u00eb. <\/em><\/span><\/p>\n<p><span style=\"color: #000000;\"><em>Provimi i Matur\u00ebs Shtet\u00ebrore t\u00eb sh\u00ebrbej\u00eb si nj\u00eb vler\u00ebsim i drejt\u00eb i dijeve t\u00eb tyre n\u00eb koh\u00eb t\u00eb v\u00ebshtira, dhe jo si nj\u00eb nd\u00ebshkim ndaj pamund\u00ebsis\u00eb objektive t\u00eb student\u00ebve dhe kufizimeve t\u00eb pamerituara p\u00ebr arritjen e rezultateve t\u00eb k\u00ebrkuara!\u201d<\/em> \u2013 shkruan Meta n\u00eb Facebook.<\/span><\/p>\n","protected":false,"gt_translate_keys":[{"key":"rendered","format":"html"}]},"excerpt":{"rendered":"<p>Presidenti Meta i ka b\u00ebr\u00eb thirrje Komitetit t\u00eb Matur\u00ebs Shtet\u00ebrore q\u00eb t\u00eb marr\u00eb n\u00eb shqyrtim sa m\u00eb spejt t\u00eb gjitha shqet\u00ebsimet e maturant\u00ebve. Ai shkruan se po e ndjek me shqet\u00ebsim protest\u00ebn e maturant\u00ebve dhe k\u00ebrkesat e tyre ndaj autoriteteve p\u00ebrgjegj\u00ebse. \u201cPo ndjek me shqet\u00ebsim protest\u00ebn e maturant\u00ebve dhe k\u00ebrkesat e tyre ndaj autoriteteve p\u00ebrgjegj\u00ebse. [&hellip;]<\/p>\n","protected":false,"gt_translate_keys":[{"key":"rendered","format":"html"}]},"author":51,"featured_media":380639,"comment_status":"open","ping_status":"open","sticky":false,"template":"","format":"standard","meta":{"footnotes":""},"categories":[65,13],"tags":[],"class_list":["post-380638","post","type-post","status-publish","format-standard","has-post-thumbnail","hentry","category-lajme","category-te-fundit"],"gt_translate_keys":[{"key":"link","format":"url"}],"_links":{"self":[{"href":"https:\/\/www.hashtag.al\/index.php\/wp-json\/wp\/v2\/posts\/380638","targetHints":{"allow":["GET"]}}],"collection":[{"href":"https:\/\/www.hashtag.al\/index.php\/wp-json\/wp\/v2\/posts"}],"about":[{"href":"https:\/\/www.hashtag.al\/index.php\/wp-json\/wp\/v2\/types\/post"}],"author":[{"embeddable":true,"href":"https:\/\/www.hashtag.al\/index.php\/wp-json\/wp\/v2\/users\/51"}],"replies":[{"embeddable":true,"href":"https:\/\/www.hashtag.al\/index.php\/wp-json\/wp\/v2\/comments?post=380638"}],"version-history":[{"count":0,"href":"https:\/\/www.hashtag.al\/index.php\/wp-json\/wp\/v2\/posts\/380638\/revisions"}],"wp:featuredmedia":[{"embeddable":true,"href":"https:\/\/www.hashtag.al\/index.php\/wp-json\/wp\/v2\/media\/380639"}],"wp:attachment":[{"href":"https:\/\/www.hashtag.al\/index.php\/wp-json\/wp\/v2\/media?parent=380638"}],"wp:term":[{"taxonomy":"category","embeddable":true,"href":"https:\/\/www.hashtag.al\/index.php\/wp-json\/wp\/v2\/categories?post=380638"},{"taxonomy":"post_tag","embeddable":true,"href":"https:\/\/www.hashtag.al\/index.php\/wp-json\/wp\/v2\/tags?post=380638"}],"curies":[{"name":"wp","href":"https:\/\/api.w.org\/{rel}","templated":true}]}}