{"id":380633,"date":"2020-06-13T20:19:42","date_gmt":"2020-06-13T18:19:42","guid":{"rendered":"https:\/\/hashtag.al\/?p=380633"},"modified":"2020-06-13T20:19:56","modified_gmt":"2020-06-13T18:19:56","slug":"maturantet-njoftojne-proteste-para-ministrise-se-arsimit-neser-ne-1100","status":"publish","type":"post","link":"https:\/\/www.hashtag.al\/index.php\/2020\/06\/13\/maturantet-njoftojne-proteste-para-ministrise-se-arsimit-neser-ne-1100\/","title":{"rendered":"Maturant\u00ebt njoftojn\u00eb protest\u00eb para Ministris\u00eb s\u00eb Arsimit, nes\u00ebr n\u00eb 11:00","gt_translate_keys":[{"key":"rendered","format":"text"}]},"content":{"rendered":"<p><a href=\"https:\/\/hashtag.al\/index.php\/2020\/06\/13\/maturantet-njoftojne-proteste-para-ministrise-se-arsimit-neser-ne-1100\/maturantet2\/\" rel=\"attachment wp-att-380634\"><img loading=\"lazy\" decoding=\"async\" class=\"aligncenter size-full wp-image-380634\" src=\"https:\/\/hashtag.al\/wp-content\/uploads\/2020\/06\/maturantet2.jpg\" alt=\"\" width=\"1280\" height=\"865\" srcset=\"https:\/\/www.hashtag.al\/wp-content\/uploads\/2020\/06\/maturantet2.jpg 1280w, https:\/\/www.hashtag.al\/wp-content\/uploads\/2020\/06\/maturantet2-300x203.jpg 300w, https:\/\/www.hashtag.al\/wp-content\/uploads\/2020\/06\/maturantet2-768x519.jpg 768w, https:\/\/www.hashtag.al\/wp-content\/uploads\/2020\/06\/maturantet2-1024x692.jpg 1024w\" sizes=\"auto, (max-width: 1280px) 100vw, 1280px\" \/><\/a><\/p>\n<p><span style=\"color: #000000;\">Maturant\u00ebt kan\u00eb lajm\u00ebruar p\u00ebr zhvillimin e nj\u00eb proteste dit\u00ebn e nes\u00ebrme. <\/span><\/p>\n<p><span style=\"color: #000000;\">Protesta \u00ebsht\u00eb njoftuar p\u00ebr n\u00eb or\u00ebn 11:00 t\u00eb paradites. Ata k\u00ebrkojn\u00eb rishikimin e provimit t\u00eb Gjuh\u00ebs Shqipe e t\u00eb Let\u00ebrsis\u00eb.<\/span><\/p>\n<p><span style=\"color: #000000;\"> Ata k\u00ebrkojn\u00eb gjithashtu rivler\u00ebsimin e provimeve dhe uljen e kufirit p\u00ebr not\u00ebn 9 e 10. <\/span><\/p>\n<p><span style=\"color: #000000;\">Ministria e Arsimit nga ana e saj \u00a0n\u00eb nj\u00eb reagim ka deklaruar se provimi nuk do p\u00ebrs\u00ebritet. <\/span><\/p>\n<p><span style=\"color: #000000;\">Zv.ministrja Guga u ka b\u00ebr\u00eb thirrje maturant\u00ebve q\u00eb t\u00eb p\u00ebrgatiten p\u00ebr provimet e radh\u00ebs.<\/span><\/p>\n<p><span style=\"color: #000000;\"><em>&#8220;Problematikat e ngritura, jan\u00eb adresuar n\u00eb QSHA. S\u00eb shpejti, analiz\u00eb nga grup ekspert\u00ebsh dhe njoftim publik p\u00ebr gjetjet. Si nj\u00eb ish-drejtore gjimnazi q\u00eb kam qen\u00eb shum\u00eb af\u00ebr jush dhe kemi ndar\u00eb e zgjidhur bashk\u00eb situata t\u00eb ndryshme dhe sot n\u00eb cil\u00ebsin\u00eb e z\u00ebvend\u00ebsministres, ju siguroj se problematikat q\u00eb ju keni sjell\u00eb n\u00eb lidhje me testin jan\u00eb adresuar n\u00eb Qendr\u00ebn e Sh\u00ebrbimeve Arsimore, e cila do t\u00eb analizoj\u00eb n\u00eb grup ekspert\u00ebsh dhe do t\u00eb b\u00ebj\u00eb njoftim publik p\u00ebr gjetjet. N\u00ebse testi rezulton t\u00eb ket\u00eb qen\u00eb kaq i v\u00ebshtir\u00eb sa shum\u00eb nx\u00ebn\u00ebs nuk kan\u00eb arritur ta realizojn\u00eb, ky cut-off do t\u00eb l\u00ebviz\u00eb p\u00ebr t\u00eb gjith\u00eb. Por, si\u00e7 ju ka shpjeguar Qendra e Sh\u00ebrbimeve Arsimore, kjo b\u00ebhet n\u00eb fund, kur analizohen rezultatet. Korrigjimi i testit n\u00eb m\u00ebnyr\u00eb digjitale \u00ebsht\u00eb nje korrigjim jo-subjektiv dhe transparent q\u00eb shmang \u00e7far\u00ebdo gabimi t\u00eb mundsh\u00ebm dhe jep nj\u00eb rezultat m\u00eb t\u00eb shpejt\u00eb n\u00eb koh\u00eb.\u201d<\/em> \u2013 tha nd\u00ebr t\u00eb tjera Guga n\u00eb nj\u00eb videomesazh.<\/span><\/p>\n<p><a href=\"https:\/\/hashtag.al\/index.php\/2020\/06\/13\/maturantet-njoftojne-proteste-para-ministrise-se-arsimit-neser-ne-1100\/maturantet-2\/\" rel=\"attachment wp-att-380635\"><img loading=\"lazy\" decoding=\"async\" class=\"aligncenter size-full wp-image-380635\" src=\"https:\/\/hashtag.al\/wp-content\/uploads\/2020\/06\/maturantet.jpg\" alt=\"\" width=\"900\" height=\"1273\" srcset=\"https:\/\/www.hashtag.al\/wp-content\/uploads\/2020\/06\/maturantet.jpg 900w, https:\/\/www.hashtag.al\/wp-content\/uploads\/2020\/06\/maturantet-212x300.jpg 212w, https:\/\/www.hashtag.al\/wp-content\/uploads\/2020\/06\/maturantet-768x1086.jpg 768w, https:\/\/www.hashtag.al\/wp-content\/uploads\/2020\/06\/maturantet-724x1024.jpg 724w\" sizes=\"auto, (max-width: 900px) 100vw, 900px\" \/><\/a><\/p>\n","protected":false,"gt_translate_keys":[{"key":"rendered","format":"html"}]},"excerpt":{"rendered":"<p>Maturant\u00ebt kan\u00eb lajm\u00ebruar p\u00ebr zhvillimin e nj\u00eb proteste dit\u00ebn e nes\u00ebrme. Protesta \u00ebsht\u00eb njoftuar p\u00ebr n\u00eb or\u00ebn 11:00 t\u00eb paradites. Ata k\u00ebrkojn\u00eb rishikimin e provimit t\u00eb Gjuh\u00ebs Shqipe e t\u00eb Let\u00ebrsis\u00eb. Ata k\u00ebrkojn\u00eb gjithashtu rivler\u00ebsimin e provimeve dhe uljen e kufirit p\u00ebr not\u00ebn 9 e 10. Ministria e Arsimit nga ana e saj \u00a0n\u00eb nj\u00eb [&hellip;]<\/p>\n","protected":false,"gt_translate_keys":[{"key":"rendered","format":"html"}]},"author":51,"featured_media":380634,"comment_status":"open","ping_status":"open","sticky":false,"template":"","format":"standard","meta":{"footnotes":""},"categories":[65,13],"tags":[],"class_list":["post-380633","post","type-post","status-publish","format-standard","has-post-thumbnail","hentry","category-lajme","category-te-fundit"],"gt_translate_keys":[{"key":"link","format":"url"}],"_links":{"self":[{"href":"https:\/\/www.hashtag.al\/index.php\/wp-json\/wp\/v2\/posts\/380633","targetHints":{"allow":["GET"]}}],"collection":[{"href":"https:\/\/www.hashtag.al\/index.php\/wp-json\/wp\/v2\/posts"}],"about":[{"href":"https:\/\/www.hashtag.al\/index.php\/wp-json\/wp\/v2\/types\/post"}],"author":[{"embeddable":true,"href":"https:\/\/www.hashtag.al\/index.php\/wp-json\/wp\/v2\/users\/51"}],"replies":[{"embeddable":true,"href":"https:\/\/www.hashtag.al\/index.php\/wp-json\/wp\/v2\/comments?post=380633"}],"version-history":[{"count":0,"href":"https:\/\/www.hashtag.al\/index.php\/wp-json\/wp\/v2\/posts\/380633\/revisions"}],"wp:featuredmedia":[{"embeddable":true,"href":"https:\/\/www.hashtag.al\/index.php\/wp-json\/wp\/v2\/media\/380634"}],"wp:attachment":[{"href":"https:\/\/www.hashtag.al\/index.php\/wp-json\/wp\/v2\/media?parent=380633"}],"wp:term":[{"taxonomy":"category","embeddable":true,"href":"https:\/\/www.hashtag.al\/index.php\/wp-json\/wp\/v2\/categories?post=380633"},{"taxonomy":"post_tag","embeddable":true,"href":"https:\/\/www.hashtag.al\/index.php\/wp-json\/wp\/v2\/tags?post=380633"}],"curies":[{"name":"wp","href":"https:\/\/api.w.org\/{rel}","templated":true}]}}