{"id":380608,"date":"2020-06-13T18:34:08","date_gmt":"2020-06-13T16:34:08","guid":{"rendered":"https:\/\/hashtag.al\/?p=380608"},"modified":"2020-06-13T18:30:26","modified_gmt":"2020-06-13T16:30:26","slug":"sepp-blatter-serish-ne-telashe-prokuroria-e-zvicres-nis-hetime-ndaj-tij","status":"publish","type":"post","link":"https:\/\/www.hashtag.al\/index.php\/2020\/06\/13\/sepp-blatter-serish-ne-telashe-prokuroria-e-zvicres-nis-hetime-ndaj-tij\/","title":{"rendered":"Sepp Blatter s\u00ebrish n\u00eb telashe, prokuroria e Zvicr\u00ebs nis hetime ndaj tij","gt_translate_keys":[{"key":"rendered","format":"text"}]},"content":{"rendered":"<p><a href=\"https:\/\/hashtag.al\/?attachment_id=380609\" rel=\"attachment wp-att-380609\"><img loading=\"lazy\" decoding=\"async\" class=\"aligncenter size-full wp-image-380609\" src=\"https:\/\/hashtag.al\/wp-content\/uploads\/2020\/06\/blatter.jpg\" alt=\"\" width=\"4161\" height=\"2769\" srcset=\"https:\/\/www.hashtag.al\/wp-content\/uploads\/2020\/06\/blatter.jpg 4161w, https:\/\/www.hashtag.al\/wp-content\/uploads\/2020\/06\/blatter-300x200.jpg 300w, https:\/\/www.hashtag.al\/wp-content\/uploads\/2020\/06\/blatter-768x511.jpg 768w, https:\/\/www.hashtag.al\/wp-content\/uploads\/2020\/06\/blatter-1024x681.jpg 1024w\" sizes=\"auto, (max-width: 4161px) 100vw, 4161px\" \/><\/a><\/p>\n<p><span style=\"color: #000000;\">Ish-presidenti i FIFA-s, Sepp Blatter \u00ebsht\u00eb s\u00ebrish n\u00eb telashe pas nisjes s\u00eb nj\u00eb hetimi penal ndaj tij.<\/span><\/p>\n<p><span style=\"color: #000000;\"> Ish-shefi i institucionit m\u00eb t\u00eb r\u00ebnd\u00ebsish\u00ebm t\u00eb futbollit n\u00eb bot\u00eb \u00ebsht\u00eb p\u00ebrfshir\u00eb n\u00eb nj\u00eb pages\u00eb t\u00eb dyshimt\u00eb nga ana e FIFA-s prej 1 milion dollar\u00ebsh ndaj Federat\u00ebs s\u00eb Trinidad Tobagos. <\/span><\/p>\n<p><span style=\"color: #000000;\">Nj\u00eb dokument i prokuroris\u00eb s\u00eb federale t\u00eb Zvicr\u00ebs, q\u00eb citohet nga AP pohon se Blatter akuzohet p\u00ebr nj\u00eb hua t\u00eb dh\u00ebn\u00eb nga FIFA n\u00eb vitin 2010 q\u00eb m\u00eb pas \u00ebsht\u00eb anuluar. <\/span><\/p>\n<p><span style=\"color: #000000;\">84-vje\u00e7ari ka mohuar \u00e7do akuz\u00eb ndaj tij edhe pse po hetohet nga drejt\u00ebsia amerikane e ajo zvicerane. Ish-shefi i FIFA-s po lufton kund\u00ebr ekstradimit n\u00eb SHBA.<\/span><\/p>\n","protected":false,"gt_translate_keys":[{"key":"rendered","format":"html"}]},"excerpt":{"rendered":"<p>Ish-presidenti i FIFA-s, Sepp Blatter \u00ebsht\u00eb s\u00ebrish n\u00eb telashe pas nisjes s\u00eb nj\u00eb hetimi penal ndaj tij. Ish-shefi i institucionit m\u00eb t\u00eb r\u00ebnd\u00ebsish\u00ebm t\u00eb futbollit n\u00eb bot\u00eb \u00ebsht\u00eb p\u00ebrfshir\u00eb n\u00eb nj\u00eb pages\u00eb t\u00eb dyshimt\u00eb nga ana e FIFA-s prej 1 milion dollar\u00ebsh ndaj Federat\u00ebs s\u00eb Trinidad Tobagos. Nj\u00eb dokument i prokuroris\u00eb s\u00eb federale t\u00eb Zvicr\u00ebs, [&hellip;]<\/p>\n","protected":false,"gt_translate_keys":[{"key":"rendered","format":"html"}]},"author":51,"featured_media":380609,"comment_status":"open","ping_status":"open","sticky":false,"template":"","format":"standard","meta":{"footnotes":""},"categories":[134],"tags":[],"class_list":["post-380608","post","type-post","status-publish","format-standard","has-post-thumbnail","hentry","category-sport"],"gt_translate_keys":[{"key":"link","format":"url"}],"_links":{"self":[{"href":"https:\/\/www.hashtag.al\/index.php\/wp-json\/wp\/v2\/posts\/380608","targetHints":{"allow":["GET"]}}],"collection":[{"href":"https:\/\/www.hashtag.al\/index.php\/wp-json\/wp\/v2\/posts"}],"about":[{"href":"https:\/\/www.hashtag.al\/index.php\/wp-json\/wp\/v2\/types\/post"}],"author":[{"embeddable":true,"href":"https:\/\/www.hashtag.al\/index.php\/wp-json\/wp\/v2\/users\/51"}],"replies":[{"embeddable":true,"href":"https:\/\/www.hashtag.al\/index.php\/wp-json\/wp\/v2\/comments?post=380608"}],"version-history":[{"count":0,"href":"https:\/\/www.hashtag.al\/index.php\/wp-json\/wp\/v2\/posts\/380608\/revisions"}],"wp:featuredmedia":[{"embeddable":true,"href":"https:\/\/www.hashtag.al\/index.php\/wp-json\/wp\/v2\/media\/380609"}],"wp:attachment":[{"href":"https:\/\/www.hashtag.al\/index.php\/wp-json\/wp\/v2\/media?parent=380608"}],"wp:term":[{"taxonomy":"category","embeddable":true,"href":"https:\/\/www.hashtag.al\/index.php\/wp-json\/wp\/v2\/categories?post=380608"},{"taxonomy":"post_tag","embeddable":true,"href":"https:\/\/www.hashtag.al\/index.php\/wp-json\/wp\/v2\/tags?post=380608"}],"curies":[{"name":"wp","href":"https:\/\/api.w.org\/{rel}","templated":true}]}}