{"id":380529,"date":"2020-06-13T11:20:57","date_gmt":"2020-06-13T09:20:57","guid":{"rendered":"https:\/\/hashtag.al\/?p=380529"},"modified":"2020-06-13T11:14:44","modified_gmt":"2020-06-13T09:14:44","slug":"demtimi-i-parkut-arkeologjik-te-apolonise-drejtoresha-dyrmishaj-akt-vandalizmi-gjate-karantines-rasti-eshte-ne-hetim","status":"publish","type":"post","link":"https:\/\/www.hashtag.al\/index.php\/2020\/06\/13\/demtimi-i-parkut-arkeologjik-te-apolonise-drejtoresha-dyrmishaj-akt-vandalizmi-gjate-karantines-rasti-eshte-ne-hetim\/","title":{"rendered":"D\u00ebmtimi i parkut Arkeologjik t\u00eb Apolonis\u00eb, drejtoresha Dyrmishaj: Akt vandalizmi gjat\u00eb karantin\u00ebs, rasti \u00ebsht\u00eb n\u00eb hetim","gt_translate_keys":[{"key":"rendered","format":"text"}]},"content":{"rendered":"<p><img loading=\"lazy\" decoding=\"async\" class=\"aligncenter size-full wp-image-380467\" src=\"https:\/\/hashtag.al\/wp-content\/uploads\/2020\/06\/apolloni1.jpg\" alt=\"\" width=\"960\" height=\"465\" srcset=\"https:\/\/www.hashtag.al\/wp-content\/uploads\/2020\/06\/apolloni1.jpg 960w, https:\/\/www.hashtag.al\/wp-content\/uploads\/2020\/06\/apolloni1-300x145.jpg 300w, https:\/\/www.hashtag.al\/wp-content\/uploads\/2020\/06\/apolloni1-768x372.jpg 768w\" sizes=\"auto, (max-width: 960px) 100vw, 960px\" \/><\/p>\n<p><span style=\"color: #000000;\">Drejtoresha e Parkut Arekeologjik t\u00eb Apolonis\u00eb dhe Bylisit, Ornela Dyrmishaj ka reaguar p\u00ebr vandalizmin e parkut gjat\u00eb periudh\u00ebs s\u00eb karantin\u00ebs.<\/span><\/p>\n<p><span style=\"color: #000000;\">Ajo e ka cil\u00ebsuar nj\u00eb akt vandalizmi, duke shtuar se ngjarja ka ndodhur n\u00eb muajin prill, nd\u00ebrsa rasti \u00ebsht\u00eb referuar n\u00eb polici, ku \u00e7\u00ebshtja \u00ebsht\u00eb n\u00eb hetim.<\/span><\/p>\n<p><img loading=\"lazy\" decoding=\"async\" class=\"aligncenter size-full wp-image-380530\" src=\"https:\/\/hashtag.al\/wp-content\/uploads\/2020\/06\/drejtoresha-apolonia-770x422.png\" alt=\"\" width=\"770\" height=\"422\" srcset=\"https:\/\/www.hashtag.al\/wp-content\/uploads\/2020\/06\/drejtoresha-apolonia-770x422.png 770w, https:\/\/www.hashtag.al\/wp-content\/uploads\/2020\/06\/drejtoresha-apolonia-770x422-300x164.png 300w, https:\/\/www.hashtag.al\/wp-content\/uploads\/2020\/06\/drejtoresha-apolonia-770x422-768x421.png 768w\" sizes=\"auto, (max-width: 770px) 100vw, 770px\" \/><\/p>\n<p><span style=\"color: #000000;\">\u201c<em>\u00cbsht\u00eb d\u00ebmtuar nj\u00eb monument dhe ky \u00ebsht\u00eb vandaliz\u00ebm. Dy kolona t\u00eb fasad\u00ebs s\u00eb fontan\u00ebs monumentale t\u00eb Apolonis\u00eb jan\u00eb, fatkeq\u00ebsisht, d\u00ebmtuar dy muaj m\u00eb par\u00eb, gjat\u00eb periudh\u00ebs s\u00eb izolimit p\u00ebr shkak t\u00eb Covid 19. Kolonat jan\u00eb gjetur t\u00eb thyera n\u00eb dat\u00ebn 13 prill. Sapo kemi konstatuar d\u00ebmtimin, kemi b\u00ebr\u00eb denoncimin n\u00eb polici, e cila ka ardhur dhe ka marr\u00eb gjith\u00eb t\u00eb dh\u00ebnat.<\/em><\/span><\/p>\n<p><span style=\"color: #000000;\"><em>Nj\u00ebkoh\u00ebsisht nga ana jon\u00eb \u00ebsht\u00eb b\u00ebr\u00eb dhe gjith\u00eb dokumentacioni p\u00ebrkat\u00ebs, si dhe b\u00ebm\u00eb nd\u00ebrhyrjen n\u00eb monument p\u00ebr ta rikthyer n\u00eb gjendjen q\u00eb ishte. E gjith\u00eb situata tani \u00ebsht\u00eb n\u00eb dor\u00eb t\u00eb forcave t\u00eb rendit dhe prokuroris\u00eb, q\u00eb po vijojn\u00eb hetimet<\/em>\u201d-tha drejtoresha.<\/span><\/p>\n<p><img loading=\"lazy\" decoding=\"async\" class=\"aligncenter size-full wp-image-380468\" src=\"https:\/\/hashtag.al\/wp-content\/uploads\/2020\/06\/apolloni1.jpg2_.jpg\" alt=\"\" width=\"529\" height=\"329\" srcset=\"https:\/\/www.hashtag.al\/wp-content\/uploads\/2020\/06\/apolloni1.jpg2_.jpg 529w, https:\/\/www.hashtag.al\/wp-content\/uploads\/2020\/06\/apolloni1.jpg2_-300x187.jpg 300w\" sizes=\"auto, (max-width: 529px) 100vw, 529px\" \/><\/p>\n","protected":false,"gt_translate_keys":[{"key":"rendered","format":"html"}]},"excerpt":{"rendered":"<p>Drejtoresha e Parkut Arekeologjik t\u00eb Apolonis\u00eb dhe Bylisit, Ornela Dyrmishaj ka reaguar p\u00ebr vandalizmin e parkut gjat\u00eb periudh\u00ebs s\u00eb karantin\u00ebs. Ajo e ka cil\u00ebsuar nj\u00eb akt vandalizmi, duke shtuar se ngjarja ka ndodhur n\u00eb muajin prill, nd\u00ebrsa rasti \u00ebsht\u00eb referuar n\u00eb polici, ku \u00e7\u00ebshtja \u00ebsht\u00eb n\u00eb hetim. \u201c\u00cbsht\u00eb d\u00ebmtuar nj\u00eb monument dhe ky \u00ebsht\u00eb vandaliz\u00ebm. [&hellip;]<\/p>\n","protected":false,"gt_translate_keys":[{"key":"rendered","format":"html"}]},"author":32,"featured_media":380467,"comment_status":"open","ping_status":"open","sticky":false,"template":"","format":"standard","meta":{"footnotes":""},"categories":[65,13],"tags":[],"class_list":["post-380529","post","type-post","status-publish","format-standard","has-post-thumbnail","hentry","category-lajme","category-te-fundit"],"gt_translate_keys":[{"key":"link","format":"url"}],"_links":{"self":[{"href":"https:\/\/www.hashtag.al\/index.php\/wp-json\/wp\/v2\/posts\/380529","targetHints":{"allow":["GET"]}}],"collection":[{"href":"https:\/\/www.hashtag.al\/index.php\/wp-json\/wp\/v2\/posts"}],"about":[{"href":"https:\/\/www.hashtag.al\/index.php\/wp-json\/wp\/v2\/types\/post"}],"author":[{"embeddable":true,"href":"https:\/\/www.hashtag.al\/index.php\/wp-json\/wp\/v2\/users\/32"}],"replies":[{"embeddable":true,"href":"https:\/\/www.hashtag.al\/index.php\/wp-json\/wp\/v2\/comments?post=380529"}],"version-history":[{"count":0,"href":"https:\/\/www.hashtag.al\/index.php\/wp-json\/wp\/v2\/posts\/380529\/revisions"}],"wp:featuredmedia":[{"embeddable":true,"href":"https:\/\/www.hashtag.al\/index.php\/wp-json\/wp\/v2\/media\/380467"}],"wp:attachment":[{"href":"https:\/\/www.hashtag.al\/index.php\/wp-json\/wp\/v2\/media?parent=380529"}],"wp:term":[{"taxonomy":"category","embeddable":true,"href":"https:\/\/www.hashtag.al\/index.php\/wp-json\/wp\/v2\/categories?post=380529"},{"taxonomy":"post_tag","embeddable":true,"href":"https:\/\/www.hashtag.al\/index.php\/wp-json\/wp\/v2\/tags?post=380529"}],"curies":[{"name":"wp","href":"https:\/\/api.w.org\/{rel}","templated":true}]}}