{"id":380342,"date":"2020-06-12T13:32:22","date_gmt":"2020-06-12T11:32:22","guid":{"rendered":"https:\/\/hashtag.al\/?p=380342"},"modified":"2020-06-12T13:35:38","modified_gmt":"2020-06-12T11:35:38","slug":"meta-per-largimin-e-dvoranit-vendim-i-vonuar-por-pozitiv","status":"publish","type":"post","link":"https:\/\/www.hashtag.al\/index.php\/2020\/06\/12\/meta-per-largimin-e-dvoranit-vendim-i-vonuar-por-pozitiv\/","title":{"rendered":"Meta p\u00ebr largimin e Dvoranit: Vendim i vonuar, por pozitiv","gt_translate_keys":[{"key":"rendered","format":"text"}]},"content":{"rendered":"<p><a href=\"https:\/\/hashtag.al\/wp-content\/uploads\/2020\/06\/ilir-Meta.png\"><img loading=\"lazy\" decoding=\"async\" class=\"aligncenter size-full wp-image-380343\" src=\"https:\/\/hashtag.al\/wp-content\/uploads\/2020\/06\/ilir-Meta.png\" alt=\"\" width=\"615\" height=\"333\" srcset=\"https:\/\/www.hashtag.al\/wp-content\/uploads\/2020\/06\/ilir-Meta.png 615w, https:\/\/www.hashtag.al\/wp-content\/uploads\/2020\/06\/ilir-Meta-300x162.png 300w\" sizes=\"auto, (max-width: 615px) 100vw, 615px\" \/><\/a><\/p>\n<p><span style=\"color: #000000;\">Presidenti i vendit Ilir Meta ka folir lidhur me vendimin e KLGJ-s\u00eb p\u00ebr t\u00eb larguar Ardian Dvoranin si an\u00ebtar i Gjykat\u00ebs s\u00eb Lart\u00eb dhe rrjedhimisht edhe nga posti i kryetarit t\u00eb KED-s\u00eb.<\/span><\/p>\n<p><span style=\"color: #000000;\">N\u00eb komunimin e p\u00ebrjavsh\u00ebm me gazetar\u00ebt, Meta tha se ky vendim ishte i vonuar por pozitiv.<\/span><\/p>\n<p><span style=\"color: #000000;\"><em>\u201cUn\u00eb besoj q\u00ebndrimi i Presidentit mbetet i Kushtetut\u00ebs dhe ligjit q\u00eb kan\u00eb qen\u00eb shum\u00eb t\u00eb qarta. Vendimi i djesh\u00ebm \u00ebsht\u00eb i vonuar por pozitiv. Mund\u00ebsi p\u00ebr t\u00eb ruajtur integritetin e institucioneve t\u00eb reja t\u00eb drejt\u00ebsis\u00eb.&#8221;<\/em>&#8211; tha Meta.<\/span><\/p>\n<p><span style=\"color: #000000;\">I pyetur n\u00ebse mendon se an\u00ebtar\u00ebt e tjer\u00eb q\u00eb do t\u00eb zgjidhen tani n\u00eb Gjykat\u00ebn Kushtetuese do t\u00eb jen\u00eb t\u00eb pavarur, Meta tha se nuk merret me individ\u00ebt.<\/span><\/p>\n<p><span style=\"color: #000000;\"><em>&#8220;P\u00ebr mua si president nuk ka qen\u00eb dhe nuk do t\u00eb jen\u00eb individ\u00ebt, por legjitimiteti i tyre n\u00eb raport me ligjin dhe kushtetut\u00ebn. P\u00ebr mua vendimtare ka qen\u00eb dhe mbetet, respektimi i kushtetut\u00ebs dhe ligjeve&#8221;.<\/em>&#8211; tha ai.<\/span><\/p>\n<p>&nbsp;<\/p>\n","protected":false,"gt_translate_keys":[{"key":"rendered","format":"html"}]},"excerpt":{"rendered":"<p>Presidenti i vendit Ilir Meta ka folir lidhur me vendimin e KLGJ-s\u00eb p\u00ebr t\u00eb larguar Ardian Dvoranin si an\u00ebtar i Gjykat\u00ebs s\u00eb Lart\u00eb dhe rrjedhimisht edhe nga posti i kryetarit t\u00eb KED-s\u00eb. N\u00eb komunimin e p\u00ebrjavsh\u00ebm me gazetar\u00ebt, Meta tha se ky vendim ishte i vonuar por pozitiv. \u201cUn\u00eb besoj q\u00ebndrimi i Presidentit mbetet i [&hellip;]<\/p>\n","protected":false,"gt_translate_keys":[{"key":"rendered","format":"html"}]},"author":30,"featured_media":380343,"comment_status":"open","ping_status":"open","sticky":false,"template":"","format":"standard","meta":{"footnotes":""},"categories":[65,13],"tags":[],"class_list":["post-380342","post","type-post","status-publish","format-standard","has-post-thumbnail","hentry","category-lajme","category-te-fundit"],"gt_translate_keys":[{"key":"link","format":"url"}],"_links":{"self":[{"href":"https:\/\/www.hashtag.al\/index.php\/wp-json\/wp\/v2\/posts\/380342","targetHints":{"allow":["GET"]}}],"collection":[{"href":"https:\/\/www.hashtag.al\/index.php\/wp-json\/wp\/v2\/posts"}],"about":[{"href":"https:\/\/www.hashtag.al\/index.php\/wp-json\/wp\/v2\/types\/post"}],"author":[{"embeddable":true,"href":"https:\/\/www.hashtag.al\/index.php\/wp-json\/wp\/v2\/users\/30"}],"replies":[{"embeddable":true,"href":"https:\/\/www.hashtag.al\/index.php\/wp-json\/wp\/v2\/comments?post=380342"}],"version-history":[{"count":0,"href":"https:\/\/www.hashtag.al\/index.php\/wp-json\/wp\/v2\/posts\/380342\/revisions"}],"wp:featuredmedia":[{"embeddable":true,"href":"https:\/\/www.hashtag.al\/index.php\/wp-json\/wp\/v2\/media\/380343"}],"wp:attachment":[{"href":"https:\/\/www.hashtag.al\/index.php\/wp-json\/wp\/v2\/media?parent=380342"}],"wp:term":[{"taxonomy":"category","embeddable":true,"href":"https:\/\/www.hashtag.al\/index.php\/wp-json\/wp\/v2\/categories?post=380342"},{"taxonomy":"post_tag","embeddable":true,"href":"https:\/\/www.hashtag.al\/index.php\/wp-json\/wp\/v2\/tags?post=380342"}],"curies":[{"name":"wp","href":"https:\/\/api.w.org\/{rel}","templated":true}]}}