{"id":379768,"date":"2020-06-10T11:07:18","date_gmt":"2020-06-10T09:07:18","guid":{"rendered":"https:\/\/hashtag.al\/?p=379768"},"modified":"2020-06-10T11:07:18","modified_gmt":"2020-06-10T09:07:18","slug":"murrizi-pas-takimit-me-rucin-nuk-do-ta-votojme-reformen-zgjedhore","status":"publish","type":"post","link":"https:\/\/www.hashtag.al\/index.php\/2020\/06\/10\/murrizi-pas-takimit-me-rucin-nuk-do-ta-votojme-reformen-zgjedhore\/","title":{"rendered":"Murrizi pas takimit me Ru\u00e7in: Nuk do ta votojm\u00eb Reform\u00ebn Zgjedhore","gt_translate_keys":[{"key":"rendered","format":"text"}]},"content":{"rendered":"<p><a href=\"https:\/\/hashtag.al\/wp-content\/uploads\/2020\/06\/Murrizi.png\"><img loading=\"lazy\" decoding=\"async\" class=\"aligncenter size-full wp-image-378881\" src=\"https:\/\/hashtag.al\/wp-content\/uploads\/2020\/06\/Murrizi.png\" alt=\"\" width=\"837\" height=\"417\" srcset=\"https:\/\/www.hashtag.al\/wp-content\/uploads\/2020\/06\/Murrizi.png 837w, https:\/\/www.hashtag.al\/wp-content\/uploads\/2020\/06\/Murrizi-300x149.png 300w, https:\/\/www.hashtag.al\/wp-content\/uploads\/2020\/06\/Murrizi-768x383.png 768w\" sizes=\"auto, (max-width: 837px) 100vw, 837px\" \/><\/a><\/p>\n<p><span style=\"color: #000000;\">Ka p\u00ebrfunduar mbledhja e kreut t\u00eb Kuvendit Gramoz Ru\u00e7i me tre kryetar\u00ebt e grupeve t\u00eb opozit\u00ebs parlamentare.<\/span><\/p>\n<p><span style=\"color: #000000;\">Pas k\u00ebtij takimi, Myslym Murrizi deklaroi se opozita parlamentare nuk do ta votoj\u00eb Reform\u00ebn Zgjedhore.<\/span><\/p>\n<p><span style=\"color: #000000;\">Ai u shpreh n\u00eb nj\u00eb prononcim p\u00ebr mediat se produkti i K\u00ebshillit Politik nuk ishte ai q\u00eb ata prisnin nd\u00ebrsa risolli n\u00eb v\u00ebmendje tre kushtet e tyre.<\/span><\/p>\n<p><span style=\"color: #000000;\"><em>\u201cAskush brenda apo jasht\u00eb institucioneve legjitime nuk tallet me sovranitetin e vot\u00ebs ton\u00eb dhe mandatin e deputetit q\u00eb ne kemi marr\u00eb. Po presim Ram\u00ebn n\u00eb respekt q\u00eb ai t\u00eb na kthej\u00eb p\u00ebrgjigje. Ne nuk mund t\u00eb rrinim p\u00ebr t\u00eb vazhduar normalitetin, aq m\u00eb tep\u00ebr kur prioritet i parlamentit \u00ebsht\u00eb reforma zgjedhore dhe jo arnimet p\u00ebr t\u00eb l\u00ebn\u00eb n\u00eb fuqi marr\u00ebveshjen e 2008. Problemi kryesor i Parlamentit \u00ebsht\u00eb reforma zgjedhore. Nuk \u00ebsht\u00eb tagri im q\u00eb t\u00eb merrem m\u00eb me sharlatan\u00eb q\u00eb k\u00ebrkojn\u00eb \u00e7do post sa her\u00eb i jepet mund\u00ebsia. Grupi Parlamentar q\u00eb p\u00ebrfaq\u00ebsoj nuk do ta votoj\u00eb reform\u00ebn n\u00ebse nuk sigurohen listat e hapurave, administrat\u00eb zgjedhore jo politike dhe vota e emigrant\u00ebve. Produkti i K\u00ebshillit Politik nuk ishte ai q\u00eb prisnim\u201c<\/em>, tha Murrizi<\/span><\/p>\n","protected":false,"gt_translate_keys":[{"key":"rendered","format":"html"}]},"excerpt":{"rendered":"<p>Ka p\u00ebrfunduar mbledhja e kreut t\u00eb Kuvendit Gramoz Ru\u00e7i me tre kryetar\u00ebt e grupeve t\u00eb opozit\u00ebs parlamentare. Pas k\u00ebtij takimi, Myslym Murrizi deklaroi se opozita parlamentare nuk do ta votoj\u00eb Reform\u00ebn Zgjedhore. Ai u shpreh n\u00eb nj\u00eb prononcim p\u00ebr mediat se produkti i K\u00ebshillit Politik nuk ishte ai q\u00eb ata prisnin nd\u00ebrsa risolli n\u00eb v\u00ebmendje [&hellip;]<\/p>\n","protected":false,"gt_translate_keys":[{"key":"rendered","format":"html"}]},"author":30,"featured_media":378881,"comment_status":"open","ping_status":"open","sticky":false,"template":"","format":"standard","meta":{"footnotes":""},"categories":[65,13],"tags":[],"class_list":["post-379768","post","type-post","status-publish","format-standard","has-post-thumbnail","hentry","category-lajme","category-te-fundit"],"gt_translate_keys":[{"key":"link","format":"url"}],"_links":{"self":[{"href":"https:\/\/www.hashtag.al\/index.php\/wp-json\/wp\/v2\/posts\/379768","targetHints":{"allow":["GET"]}}],"collection":[{"href":"https:\/\/www.hashtag.al\/index.php\/wp-json\/wp\/v2\/posts"}],"about":[{"href":"https:\/\/www.hashtag.al\/index.php\/wp-json\/wp\/v2\/types\/post"}],"author":[{"embeddable":true,"href":"https:\/\/www.hashtag.al\/index.php\/wp-json\/wp\/v2\/users\/30"}],"replies":[{"embeddable":true,"href":"https:\/\/www.hashtag.al\/index.php\/wp-json\/wp\/v2\/comments?post=379768"}],"version-history":[{"count":0,"href":"https:\/\/www.hashtag.al\/index.php\/wp-json\/wp\/v2\/posts\/379768\/revisions"}],"wp:featuredmedia":[{"embeddable":true,"href":"https:\/\/www.hashtag.al\/index.php\/wp-json\/wp\/v2\/media\/378881"}],"wp:attachment":[{"href":"https:\/\/www.hashtag.al\/index.php\/wp-json\/wp\/v2\/media?parent=379768"}],"wp:term":[{"taxonomy":"category","embeddable":true,"href":"https:\/\/www.hashtag.al\/index.php\/wp-json\/wp\/v2\/categories?post=379768"},{"taxonomy":"post_tag","embeddable":true,"href":"https:\/\/www.hashtag.al\/index.php\/wp-json\/wp\/v2\/tags?post=379768"}],"curies":[{"name":"wp","href":"https:\/\/api.w.org\/{rel}","templated":true}]}}