{"id":379764,"date":"2020-06-10T10:58:28","date_gmt":"2020-06-10T08:58:28","guid":{"rendered":"https:\/\/hashtag.al\/?p=379764"},"modified":"2020-06-10T10:58:28","modified_gmt":"2020-06-10T08:58:28","slug":"rritja-rekord-e-rasteve-manastirliu-normaliteti-i-ri-sdo-jete-kurre-si-para-pandemise","status":"publish","type":"post","link":"https:\/\/www.hashtag.al\/index.php\/2020\/06\/10\/rritja-rekord-e-rasteve-manastirliu-normaliteti-i-ri-sdo-jete-kurre-si-para-pandemise\/","title":{"rendered":"Rritja rekord e rasteve, Manastirliu: Normaliteti i ri s\u2019do jet\u00eb kurr\u00eb si para pandemis\u00eb","gt_translate_keys":[{"key":"rendered","format":"text"}]},"content":{"rendered":"<p><a href=\"https:\/\/hashtag.al\/wp-content\/uploads\/2020\/05\/manastirliu2.jpg\"><img loading=\"lazy\" decoding=\"async\" class=\"aligncenter size-full wp-image-373659\" src=\"https:\/\/hashtag.al\/wp-content\/uploads\/2020\/05\/manastirliu2.jpg\" alt=\"\" width=\"1280\" height=\"924\" srcset=\"https:\/\/www.hashtag.al\/wp-content\/uploads\/2020\/05\/manastirliu2.jpg 1280w, https:\/\/www.hashtag.al\/wp-content\/uploads\/2020\/05\/manastirliu2-300x217.jpg 300w, https:\/\/www.hashtag.al\/wp-content\/uploads\/2020\/05\/manastirliu2-768x554.jpg 768w, https:\/\/www.hashtag.al\/wp-content\/uploads\/2020\/05\/manastirliu2-1024x739.jpg 1024w\" sizes=\"auto, (max-width: 1280px) 100vw, 1280px\" \/><\/a><\/p>\n<p><span style=\"color: #000000;\">Nd\u00ebrsa dje dhe sot kemi sh\u00ebnuar rritjen m\u00eb t\u00eb lart\u00eb t\u00eb numrit t\u00eb t\u00eb infektuarve, Ministrja e Sh\u00ebndet\u00ebsis\u00eb dhe e Mbrojtjes Sociale Ogerta Manastirliu u b\u00ebn nj\u00eb apel qytetar\u00ebve.<\/span><\/p>\n<p><span style=\"color: #000000;\">Manastirliu thot\u00eb se pas hapjes grafuale, ka patur rritje t\u00eb numrit t\u00eb shtrimeve n\u00eb Sh\u00ebrbimin Infektiv, ndaj u kujton qytetar\u00ebve se virusi \u00ebsht\u00eb ende mes nesh dhe duhet t\u00eb respektojn\u00eb rregullat e higjien\u00ebs dhe t\u00eb distancimit social.<\/span><\/p>\n<p><span style=\"color: #000000;\">\u201cJu lutem, t\u00eb mos e ulim vigjilenc\u00ebn dhe t\u00eb mbrojm\u00eb veten, t\u00eb af\u00ebrmit, miqt\u00eb tan\u00eb.<\/span><br \/>\n<span style=\"color: #000000;\">Ju lutem, vazhdojm\u00eb t\u00eb bashk\u00ebpunojm\u00eb p\u00ebr t\u00eb mos e \u00e7uar d\u00ebm sakrific\u00ebn e k\u00ebtyre muajve, kur t\u00eb gjith\u00eb bashk\u00eb, qeveri dhe shoq\u00ebri dham\u00eb nj\u00eb shembull t\u00eb shk\u00eblqyer t\u00eb bashk\u00ebpunimit n\u00eb mbrojtje t\u00eb sh\u00ebndetit, n\u00ebp\u00ebrmjet zbatimit t\u00eb rregullave t\u00eb higjen\u00ebs dhe distancimit fizik, si dhe protokolleve t\u00eb nxjerra nga institucionet sh\u00ebndet\u00ebsore.\u201d \u2013 shkruan ministrja. Ajo shprehet se normaliteti i ri tanim\u00eb s\u2019do t\u00eb jet\u00eb m\u00eb kurr\u00eb sikurse ai q\u00eb ishte p\u00ebrpara pandemis\u00eb.<\/span><\/p>\n<p><span style=\"color: #000000;\">Dit\u00ebn e djeshme u regjistrua numri rekord prej 36 rastesh t\u00eb reja n\u00eb 24 or\u00eb, e ky num\u00ebr sot ishte akoma m\u00eb i lart\u00eb. Plot 42.<\/span><\/p>\n<p><strong><span style=\"color: #000000;\">MESAZHI I MANASTIRLIUT<\/span><\/strong><\/p>\n<p><span style=\"color: #000000;\">T\u00eb gjith\u00eb ne d\u00ebshirojm\u00eb nj\u00eb gj\u00eb, kundrejt Covid-19, s\u00ebmundjes q\u00eb shkakton koronavirusi i ri: Ta mundim nj\u00eb her\u00eb e mir\u00eb, p\u00ebr t\u00eb mos e patur m\u00eb mes nesh.<\/span><\/p>\n<p><span style=\"color: #000000;\">Shtete shum\u00eb m\u00eb t\u00eb zhvilluara se Shqip\u00ebria po vazhdojn\u00eb t\u00eb p\u00ebrballen me k\u00ebt\u00eb infeksion. Disa pa e nd\u00ebrprer\u00eb asnj\u00ebher\u00eb luft\u00ebn, t\u00eb tjer\u00eb duke luftuar me rikthimin e tij.<\/span><\/p>\n<p><span style=\"color: #000000;\">Pas hapjes fillimisht graduale, dhe m\u00eb pas t\u00ebr\u00ebsore dy jav\u00eb m\u00eb par\u00eb, Shqip\u00ebria ka ende transmetime komunitare t\u00eb infeksionit n\u00eb Tiran\u00eb, Shkod\u00ebr dhe Durr\u00ebs. Kemi t\u00eb prekur dhe shtim t\u00eb numrit t\u00eb pacient\u00ebve n\u00eb Spitalin Infektiv.<\/span><\/p>\n<p><span style=\"color: #000000;\">Q\u00eb kur vendos\u00ebm p\u00ebr rihapjen, kemi ndar\u00eb me ju besimin se gj\u00ebrat do t\u00eb shkojn\u00eb mir\u00eb, vet\u00ebm n\u00ebse plot\u00ebsohet nj\u00eb kusht themelor: bashk\u00ebpunimi i qytetar\u00ebve. Normaliteti i ri nuk do t\u00eb jet\u00eb kurr\u00eb si ai i para Covid-19, p\u00ebr sa koh\u00eb q\u00eb asnj\u00eb vend i bot\u00ebs nuk ka mundur t\u00eb gjej\u00eb ende, as kur\u00ebn, as vaksin\u00ebn.<\/span><\/p>\n<p><span style=\"color: #000000;\">P\u00ebr k\u00ebt\u00eb arsye, asnj\u00ebri nga ne nuk mund t\u2019i lejoj\u00eb vetes q\u00eb, pas rihapjes, t\u00eb relaksoj\u00eb dhe neglizhoj\u00eb masat individuale t\u00eb higjen\u00ebs dhe distancimit social, apo edhe t\u00eb protokolleve. Sepse kjo do t\u00eb ishte nj\u00eb \u201crecet\u00eb\u201d p\u00ebr p\u00ebrhapje t\u00eb shpejt\u00eb t\u00eb infeksionit.<\/span><\/p>\n<p><span style=\"color: #000000;\">N\u00eb situat\u00ebn ku ndodhemi sot, e cila ishte brenda pritshm\u00ebrive tona kur planifikuam rihapjen, \u00ebsht\u00eb e domosdoshme q\u00eb gjith\u00ebsecili t\u00eb marr\u00eb p\u00ebrgjegj\u00ebsit\u00eb e veta qytetare, me q\u00ebllim q\u00eb t\u00eb ruaj\u00eb veten dhe t\u00eb tjer\u00ebt.<\/span><\/p>\n<p><span style=\"color: #000000;\">Sistemi sh\u00ebndet\u00ebsor \u00ebsht\u00eb n\u00eb nivelin m\u00eb t\u00eb lart\u00eb t\u00eb gatishm\u00ebris\u00eb dhe puna n\u00eb terren nuk \u00ebsht\u00eb ndalur p\u00ebr asnj\u00eb \u00e7ast, p\u00ebr zbulimin e \u00e7do rasti dhe kontakti, p\u00ebr t\u00eb k\u00ebputur zinxhirin e infeksionit.<\/span><\/p>\n<p><span style=\"color: #000000;\">Megjithat\u00eb, edhe mjek\u00ebt, heronjt\u00eb e gjith\u00ebpranuar t\u00eb k\u00ebtyre koh\u00ebve, pak mund t\u00eb b\u00ebjn\u00eb pa bashk\u00ebpunimin e qytetar\u00ebve, ashtu si\u00e7 ka ndodhur q\u00eb n\u00eb dit\u00ebn e par\u00eb t\u00eb k\u00ebsaj luft\u00eb.<\/span><\/p>\n<p><span style=\"color: #000000;\">E kam th\u00ebn\u00eb edhe her\u00eb tjet\u00ebr, pak vlen t\u2019i l\u00ebvdojm\u00eb dhe fal\u00ebnderojm\u00eb, n\u00ebse vet\u00eb nuk b\u00ebjm\u00eb secili pjes\u00ebn ton\u00eb, p\u00ebr t\u00eb parandaluar p\u00ebrhapjen e Covid-19.<\/span><br \/>\n<span style=\"color: #000000;\">Ju lutem d\u00ebgjojini thirrjet e tyre, dhe informohuni vet\u00ebm n\u00ebp\u00ebrmjet institucioneve p\u00ebrgjegj\u00ebse sh\u00ebndet\u00ebsore.<\/span><br \/>\n<span style=\"color: #000000;\">Ju lutem, t\u00eb mos e ulim vigjilenc\u00ebn dhe t\u00eb mbrojm\u00eb veten, t\u00eb af\u00ebrmit, miqt\u00eb tan\u00eb.<\/span><br \/>\n<span style=\"color: #000000;\">Ju lutem, vazhdojm\u00eb t\u00eb bashk\u00ebpunojm\u00eb p\u00ebr t\u00eb mos e \u00e7uar d\u00ebm sakrific\u00ebn e k\u00ebtyre muajve, kur t\u00eb gjith\u00eb bashk\u00eb, qeveri dhe shoq\u00ebri dham\u00eb nj\u00eb shembull t\u00eb shk\u00eblqyer t\u00eb bashk\u00ebpunimit n\u00eb mbrojtje t\u00eb sh\u00ebndetit, n\u00ebp\u00ebrmjet zbatimit t\u00eb rregullave t\u00eb higjen\u00ebs dhe distancimit fizik, si dhe protokolleve t\u00eb nxjerra nga institucionet sh\u00ebndet\u00ebsore.<\/span><\/p>\n<p>&nbsp;<\/p>\n","protected":false,"gt_translate_keys":[{"key":"rendered","format":"html"}]},"excerpt":{"rendered":"<p>Nd\u00ebrsa dje dhe sot kemi sh\u00ebnuar rritjen m\u00eb t\u00eb lart\u00eb t\u00eb numrit t\u00eb t\u00eb infektuarve, Ministrja e Sh\u00ebndet\u00ebsis\u00eb dhe e Mbrojtjes Sociale Ogerta Manastirliu u b\u00ebn nj\u00eb apel qytetar\u00ebve. Manastirliu thot\u00eb se pas hapjes grafuale, ka patur rritje t\u00eb numrit t\u00eb shtrimeve n\u00eb Sh\u00ebrbimin Infektiv, ndaj u kujton qytetar\u00ebve se virusi \u00ebsht\u00eb ende mes nesh [&hellip;]<\/p>\n","protected":false,"gt_translate_keys":[{"key":"rendered","format":"html"}]},"author":30,"featured_media":373659,"comment_status":"open","ping_status":"open","sticky":false,"template":"","format":"standard","meta":{"footnotes":""},"categories":[65,13],"tags":[],"class_list":["post-379764","post","type-post","status-publish","format-standard","has-post-thumbnail","hentry","category-lajme","category-te-fundit"],"gt_translate_keys":[{"key":"link","format":"url"}],"_links":{"self":[{"href":"https:\/\/www.hashtag.al\/index.php\/wp-json\/wp\/v2\/posts\/379764","targetHints":{"allow":["GET"]}}],"collection":[{"href":"https:\/\/www.hashtag.al\/index.php\/wp-json\/wp\/v2\/posts"}],"about":[{"href":"https:\/\/www.hashtag.al\/index.php\/wp-json\/wp\/v2\/types\/post"}],"author":[{"embeddable":true,"href":"https:\/\/www.hashtag.al\/index.php\/wp-json\/wp\/v2\/users\/30"}],"replies":[{"embeddable":true,"href":"https:\/\/www.hashtag.al\/index.php\/wp-json\/wp\/v2\/comments?post=379764"}],"version-history":[{"count":0,"href":"https:\/\/www.hashtag.al\/index.php\/wp-json\/wp\/v2\/posts\/379764\/revisions"}],"wp:featuredmedia":[{"embeddable":true,"href":"https:\/\/www.hashtag.al\/index.php\/wp-json\/wp\/v2\/media\/373659"}],"wp:attachment":[{"href":"https:\/\/www.hashtag.al\/index.php\/wp-json\/wp\/v2\/media?parent=379764"}],"wp:term":[{"taxonomy":"category","embeddable":true,"href":"https:\/\/www.hashtag.al\/index.php\/wp-json\/wp\/v2\/categories?post=379764"},{"taxonomy":"post_tag","embeddable":true,"href":"https:\/\/www.hashtag.al\/index.php\/wp-json\/wp\/v2\/tags?post=379764"}],"curies":[{"name":"wp","href":"https:\/\/api.w.org\/{rel}","templated":true}]}}