{"id":379674,"date":"2020-06-09T23:59:16","date_gmt":"2020-06-09T21:59:16","guid":{"rendered":"https:\/\/hashtag.al\/?p=379674"},"modified":"2020-06-09T19:35:36","modified_gmt":"2020-06-09T17:35:36","slug":"kulla-eiffel-hapet-per-publikun-nga-25-qershori-koronavirusi-e-mbylli-per-3-muaj","status":"publish","type":"post","link":"https:\/\/www.hashtag.al\/index.php\/2020\/06\/09\/kulla-eiffel-hapet-per-publikun-nga-25-qershori-koronavirusi-e-mbylli-per-3-muaj\/","title":{"rendered":"Kulla Eiffel hapet p\u00ebr publikun nga 25 qershori, koronavirusi e mbylli p\u00ebr 3 muaj","gt_translate_keys":[{"key":"rendered","format":"text"}]},"content":{"rendered":"<p><img loading=\"lazy\" decoding=\"async\" class=\"aligncenter size-full wp-image-379675\" src=\"https:\/\/hashtag.al\/wp-content\/uploads\/2020\/06\/eiffel-tower.jpg\" alt=\"\" width=\"704\" height=\"489\" srcset=\"https:\/\/www.hashtag.al\/wp-content\/uploads\/2020\/06\/eiffel-tower.jpg 704w, https:\/\/www.hashtag.al\/wp-content\/uploads\/2020\/06\/eiffel-tower-300x208.jpg 300w\" sizes=\"auto, (max-width: 704px) 100vw, 704px\" \/><\/p>\n<p><span style=\"color: #000000;\">Kulla Eiffel do t\u00eb rihapet p\u00ebr publikun nga 25 qershori, pas tre muajsh mbyllje dhe vet\u00ebm deri n\u00eb katin e dyt\u00eb, njoftoi sot kompania operative e monumentit.<\/span><\/p>\n<p><span style=\"color: #000000;\">\u201cPas m\u00eb shum\u00eb se tre muaj mbyllje n\u00eb kuad\u00ebr t\u00eb pandemis\u00eb s\u00eb COVID-19, mbyllja m\u00eb e gjat\u00eb q\u00eb nga Lufta e Dyt\u00eb Bot\u00ebrore, Kulla Eiffel do t\u00eb rihapet p\u00ebr publikun m\u00eb 25 qershor 2020 n\u00eb 10 t\u00eb m\u00ebngjesit\u201d, shkroi ajo n\u00eb faqen e saj t\u00eb internetit.<\/span><\/p>\n<p><span style=\"color: #000000;\">Sipas kompanis\u00eb operative, do t\u00eb jet\u00eb e detyrueshme v\u00ebnia e maskave nga 11 vje\u00e7 e sip\u00ebr, do t\u00eb p\u00ebrdoren vet\u00ebm shkall\u00ebt, numri i vizitor\u00ebve do t\u00eb jet\u00eb i kufizuar n\u00eb parmak\u00eb e kate, si edhe do t\u00eb p\u00ebrcaktohet nj\u00eb drejtim l\u00ebvizjeje.<\/span><\/p>\n<p><span style=\"color: #000000;\">Kulla Eiffel, e nd\u00ebrtuar n\u00eb vitin 1889 nga Gustave Eiffel, pret pothuajse 7 milion\u00eb vizitor\u00eb n\u00eb vit.<\/span><\/p>\n<p>&nbsp;<\/p>\n","protected":false,"gt_translate_keys":[{"key":"rendered","format":"html"}]},"excerpt":{"rendered":"<p>Kulla Eiffel do t\u00eb rihapet p\u00ebr publikun nga 25 qershori, pas tre muajsh mbyllje dhe vet\u00ebm deri n\u00eb katin e dyt\u00eb, njoftoi sot kompania operative e monumentit. \u201cPas m\u00eb shum\u00eb se tre muaj mbyllje n\u00eb kuad\u00ebr t\u00eb pandemis\u00eb s\u00eb COVID-19, mbyllja m\u00eb e gjat\u00eb q\u00eb nga Lufta e Dyt\u00eb Bot\u00ebrore, Kulla Eiffel do t\u00eb rihapet [&hellip;]<\/p>\n","protected":false,"gt_translate_keys":[{"key":"rendered","format":"html"}]},"author":32,"featured_media":379675,"comment_status":"open","ping_status":"open","sticky":false,"template":"","format":"standard","meta":{"footnotes":""},"categories":[65,13],"tags":[],"class_list":["post-379674","post","type-post","status-publish","format-standard","has-post-thumbnail","hentry","category-lajme","category-te-fundit"],"gt_translate_keys":[{"key":"link","format":"url"}],"_links":{"self":[{"href":"https:\/\/www.hashtag.al\/index.php\/wp-json\/wp\/v2\/posts\/379674","targetHints":{"allow":["GET"]}}],"collection":[{"href":"https:\/\/www.hashtag.al\/index.php\/wp-json\/wp\/v2\/posts"}],"about":[{"href":"https:\/\/www.hashtag.al\/index.php\/wp-json\/wp\/v2\/types\/post"}],"author":[{"embeddable":true,"href":"https:\/\/www.hashtag.al\/index.php\/wp-json\/wp\/v2\/users\/32"}],"replies":[{"embeddable":true,"href":"https:\/\/www.hashtag.al\/index.php\/wp-json\/wp\/v2\/comments?post=379674"}],"version-history":[{"count":0,"href":"https:\/\/www.hashtag.al\/index.php\/wp-json\/wp\/v2\/posts\/379674\/revisions"}],"wp:featuredmedia":[{"embeddable":true,"href":"https:\/\/www.hashtag.al\/index.php\/wp-json\/wp\/v2\/media\/379675"}],"wp:attachment":[{"href":"https:\/\/www.hashtag.al\/index.php\/wp-json\/wp\/v2\/media?parent=379674"}],"wp:term":[{"taxonomy":"category","embeddable":true,"href":"https:\/\/www.hashtag.al\/index.php\/wp-json\/wp\/v2\/categories?post=379674"},{"taxonomy":"post_tag","embeddable":true,"href":"https:\/\/www.hashtag.al\/index.php\/wp-json\/wp\/v2\/tags?post=379674"}],"curies":[{"name":"wp","href":"https:\/\/api.w.org\/{rel}","templated":true}]}}