{"id":379462,"date":"2020-06-09T07:54:43","date_gmt":"2020-06-09T05:54:43","guid":{"rendered":"https:\/\/hashtag.al\/?p=379462"},"modified":"2020-06-09T07:58:13","modified_gmt":"2020-06-09T05:58:13","slug":"ky-eshte-snajperi-me-te-cilin-u-qellua-ardian-capja","status":"publish","type":"post","link":"https:\/\/www.hashtag.al\/index.php\/2020\/06\/09\/ky-eshte-snajperi-me-te-cilin-u-qellua-ardian-capja\/","title":{"rendered":"Ky \u00ebsht\u00eb snajperi me t\u00eb cilin u q\u00ebllua Ardian \u00c7apja","gt_translate_keys":[{"key":"rendered","format":"text"}]},"content":{"rendered":"<p><a href=\"https:\/\/hashtag.al\/wp-content\/uploads\/2020\/06\/snajperi.png\"><img loading=\"lazy\" decoding=\"async\" class=\"aligncenter size-full wp-image-379463\" src=\"https:\/\/hashtag.al\/wp-content\/uploads\/2020\/06\/snajperi.png\" alt=\"\" width=\"564\" height=\"331\" srcset=\"https:\/\/www.hashtag.al\/wp-content\/uploads\/2020\/06\/snajperi.png 564w, https:\/\/www.hashtag.al\/wp-content\/uploads\/2020\/06\/snajperi-300x176.png 300w\" sizes=\"auto, (max-width: 564px) 100vw, 564px\" \/><\/a><\/p>\n<p><span style=\"color: #000000;\">Kjo \u00ebsht\u00eb fotografia e snajperit me t\u00eb cilin dyshohet se u b\u00eb atentati ndaj Ardian \u00c7apjas n\u00eb qytetin e Elbasanit, m\u00ebngjesin e s\u00eb h\u00ebn\u00ebs.<\/span><\/p>\n<p><span style=\"color: #000000;\">Pamjet e publikuara n\u00eb emisionin \u201cOpinion\u201d t\u00eb gazetarit Blendi Fevziu tregojn\u00eb snajperin e gjetur brenda automjetit t\u00eb djegur, t\u00eb p\u00ebrdorur nga autor\u00ebt.<\/span><\/p>\n<p><span style=\"color: #000000;\">Duke cituar nj\u00eb specialist t\u00eb arm\u00ebve, Fevziu thot\u00eb se b\u00ebhet fjal\u00eb p\u00ebr nj\u00eb snajper me precision shum\u00eb t\u00eb lart\u00eb, q\u00eb p\u00ebrdoret nga Forcat RENEA.<\/span><\/p>\n<p><span style=\"color: #000000;\"><em>\u201cKy \u00ebsht\u00eb snajperi i djegur brenda makin\u00ebs. Po ta shihni ky \u00ebsht\u00eb snajperi, t\u00eb gjitha pjes\u00ebt me fib\u00ebr dhe dru jan\u00eb t\u00eb djegura, vet\u00ebm ka mbetur pjes\u00eb mb\u00ebshtet\u00ebse. Ky \u00ebsht\u00eb snajperi. Nj\u00eb specialist i arm\u00ebve m\u00eb thot\u00eb me t\u00eb dh\u00ebna m\u00eb t\u00eb sakta, p\u00ebr snajperin e p\u00ebrdorur. \u00cbsht\u00eb snajper Saiko, finlandez, modeli m10, t\u00eb cilin e disponon RENEA. Shkon deri n\u00eb 1500-200 metra fuqia shpuese. Pra b\u00ebhet fjal\u00eb p\u00ebr nj\u00eb arm\u00eb me precizion shum\u00eb t\u00eb lart\u00eb\u201d<\/em>&#8211; thot\u00eb Fevziu.<\/span><\/p>\n<p><span style=\"color: #000000;\">Sipas gazetarit Spartak Koka, i cili ishte i ftuar n\u00eb studio, grupi hetimor dyshon se plumbi q\u00eb goditi zotin \u00c7apja, vinte nga kodra p\u00ebrball\u00eb sht\u00ebpis\u00eb s\u00eb tij.<\/span><\/p>\n<p><span style=\"color: #000000;\">Bazuar n\u00eb informacionet q\u00eb qarkulluan dit\u00ebn e djeshme, snajperi i p\u00ebrdorur ishte me numra t\u00eb fshir\u00eb.<\/span><\/p>\n<p><iframe loading=\"lazy\" title=\"Publikohet foto e snajperit me te cilin u qellua Ardian \u00c7apja\" width=\"1170\" height=\"658\" src=\"https:\/\/www.youtube.com\/embed\/HijXG7qkeyE?feature=oembed\" frameborder=\"0\" allow=\"accelerometer; autoplay; clipboard-write; encrypted-media; gyroscope; picture-in-picture\" allowfullscreen><\/iframe><\/p>\n","protected":false,"gt_translate_keys":[{"key":"rendered","format":"html"}]},"excerpt":{"rendered":"<p>Kjo \u00ebsht\u00eb fotografia e snajperit me t\u00eb cilin dyshohet se u b\u00eb atentati ndaj Ardian \u00c7apjas n\u00eb qytetin e Elbasanit, m\u00ebngjesin e s\u00eb h\u00ebn\u00ebs. Pamjet e publikuara n\u00eb emisionin \u201cOpinion\u201d t\u00eb gazetarit Blendi Fevziu tregojn\u00eb snajperin e gjetur brenda automjetit t\u00eb djegur, t\u00eb p\u00ebrdorur nga autor\u00ebt. Duke cituar nj\u00eb specialist t\u00eb arm\u00ebve, Fevziu thot\u00eb se [&hellip;]<\/p>\n","protected":false,"gt_translate_keys":[{"key":"rendered","format":"html"}]},"author":30,"featured_media":379463,"comment_status":"open","ping_status":"open","sticky":false,"template":"","format":"standard","meta":{"footnotes":""},"categories":[65,13],"tags":[],"class_list":["post-379462","post","type-post","status-publish","format-standard","has-post-thumbnail","hentry","category-lajme","category-te-fundit"],"gt_translate_keys":[{"key":"link","format":"url"}],"_links":{"self":[{"href":"https:\/\/www.hashtag.al\/index.php\/wp-json\/wp\/v2\/posts\/379462","targetHints":{"allow":["GET"]}}],"collection":[{"href":"https:\/\/www.hashtag.al\/index.php\/wp-json\/wp\/v2\/posts"}],"about":[{"href":"https:\/\/www.hashtag.al\/index.php\/wp-json\/wp\/v2\/types\/post"}],"author":[{"embeddable":true,"href":"https:\/\/www.hashtag.al\/index.php\/wp-json\/wp\/v2\/users\/30"}],"replies":[{"embeddable":true,"href":"https:\/\/www.hashtag.al\/index.php\/wp-json\/wp\/v2\/comments?post=379462"}],"version-history":[{"count":0,"href":"https:\/\/www.hashtag.al\/index.php\/wp-json\/wp\/v2\/posts\/379462\/revisions"}],"wp:featuredmedia":[{"embeddable":true,"href":"https:\/\/www.hashtag.al\/index.php\/wp-json\/wp\/v2\/media\/379463"}],"wp:attachment":[{"href":"https:\/\/www.hashtag.al\/index.php\/wp-json\/wp\/v2\/media?parent=379462"}],"wp:term":[{"taxonomy":"category","embeddable":true,"href":"https:\/\/www.hashtag.al\/index.php\/wp-json\/wp\/v2\/categories?post=379462"},{"taxonomy":"post_tag","embeddable":true,"href":"https:\/\/www.hashtag.al\/index.php\/wp-json\/wp\/v2\/tags?post=379462"}],"curies":[{"name":"wp","href":"https:\/\/api.w.org\/{rel}","templated":true}]}}