{"id":379456,"date":"2020-06-09T07:21:35","date_gmt":"2020-06-09T05:21:35","guid":{"rendered":"https:\/\/hashtag.al\/?p=379456"},"modified":"2020-06-09T10:47:13","modified_gmt":"2020-06-09T08:47:13","slug":"pas-bylisi-eshte-grek-vittorio-sgarbi-kembengul-gazetare-injorante-iliria-ka-qene-e-pushtuar-nga-greqia-video","status":"publish","type":"post","link":"https:\/\/www.hashtag.al\/index.php\/2020\/06\/09\/pas-bylisi-eshte-grek-vittorio-sgarbi-kembengul-gazetare-injorante-iliria-ka-qene-e-pushtuar-nga-greqia-video\/","title":{"rendered":"Pas &#8220;Bylisi \u00ebsht\u00eb grek&#8221;, Vittorio Sgarbi k\u00ebmb\u00ebngul: Gazetare injorante, Iliria ka qen\u00eb e pushtuar nga Greqia (VIDEO)","gt_translate_keys":[{"key":"rendered","format":"text"}]},"content":{"rendered":"<p><a href=\"https:\/\/hashtag.al\/wp-content\/uploads\/2020\/06\/Sgarbi-1.png\"><img loading=\"lazy\" decoding=\"async\" class=\"aligncenter size-full wp-image-379457\" src=\"https:\/\/hashtag.al\/wp-content\/uploads\/2020\/06\/Sgarbi-1.png\" alt=\"\" width=\"792\" height=\"448\" srcset=\"https:\/\/www.hashtag.al\/wp-content\/uploads\/2020\/06\/Sgarbi-1.png 792w, https:\/\/www.hashtag.al\/wp-content\/uploads\/2020\/06\/Sgarbi-1-300x170.png 300w, https:\/\/www.hashtag.al\/wp-content\/uploads\/2020\/06\/Sgarbi-1-768x434.png 768w\" sizes=\"auto, (max-width: 792px) 100vw, 792px\" \/><\/a><\/p>\n<p><span style=\"color: #000000;\">Publicisti i njohur Italian Vittorio Sgarbi, ka reaguar pas artikujve q\u00eb kan\u00eb qarkulluar lidhur me deklarat\u00ebn e tij se Bylisi \u00ebsht\u00eb qytet antik grek.<\/span><\/p>\n<p><span style=\"color: #000000;\">Ai ka publikuar nj\u00eb video n\u00eb llogarin\u00eb e tij n\u00eb \u201cFacebook\u201d, ku vazhdon t\u00eb mbroj\u00eb q\u00ebndrimin e tij. Ai shkruan krahas videos: <em>\u201cUn\u00eb e konfirmoj: Byllis ishte nj\u00eb qytet i lasht\u00eb Grek i vendosur n\u00eb Iliri. Mbetjet e Bylisit ndodhen n\u00eb veri-lindje t\u00eb Vlor\u00ebs, Shqip\u00ebri. Gazetari shqiptar q\u00eb ngriti nj\u00eb polemik\u00eb t\u00eb panevojshme \u00ebsht\u00eb thjesht nj\u00eb injorant i gjor\u00eb.\u201d<\/em><\/span><\/p>\n<p><span style=\"color: #000000;\">Sgarbi shpjegon q\u00ebndrimin e tij duke th\u00ebn\u00eb se Iliria ka qen\u00eb e pushtuar nga Greqia n\u00eb koh\u00ebn kur \u00ebsht\u00eb nd\u00ebrtuar teatri. E madje shp\u00ebrthen n\u00eb ofendime ndaj gazetares q\u00eb kishte shkruar artikullin p\u00ebr t\u00eb; <em>\u201cE dashur gazetare injorante, turp q\u00eb nuk e di se Iliria ka qen\u00eb e pushtuar nga Greqia n\u00eb koh\u00ebn kur \u00ebsht\u00eb nd\u00ebrtuar ai teat\u00ebr, kaq.\u201d<\/em><\/span><\/p>\n<p><span style=\"color: #000000;\">Sgarbi vazhdon t\u00eb lexoj\u00eb nj\u00eb artikull, i cili shpjegon p\u00ebr pjes\u00eb t\u00eb Iliris\u00eb t\u00eb pushtuara nga grek\u00ebrit dhe e mbyll duke b\u00ebrtitur me t\u00eb madhe se Bylisi <em>\u201c\u00ebsht\u00eb grek\u201d.<\/em><\/span><\/p>\n<p><iframe loading=\"lazy\" style=\"border: none; overflow: hidden;\" src=\"https:\/\/www.facebook.com\/plugins\/video.php?href=https%3A%2F%2Fwww.facebook.com%2FSgarbiVittorio%2Fvideos%2F299352097893681%2F&amp;show_text=0&amp;width=560\" width=\"560\" height=\"316\" frameborder=\"0\" scrolling=\"no\" allowfullscreen=\"allowfullscreen\"><\/iframe><\/p>\n","protected":false,"gt_translate_keys":[{"key":"rendered","format":"html"}]},"excerpt":{"rendered":"<p>Publicisti i njohur Italian Vittorio Sgarbi, ka reaguar pas artikujve q\u00eb kan\u00eb qarkulluar lidhur me deklarat\u00ebn e tij se Bylisi \u00ebsht\u00eb qytet antik grek. Ai ka publikuar nj\u00eb video n\u00eb llogarin\u00eb e tij n\u00eb \u201cFacebook\u201d, ku vazhdon t\u00eb mbroj\u00eb q\u00ebndrimin e tij. Ai shkruan krahas videos: \u201cUn\u00eb e konfirmoj: Byllis ishte nj\u00eb qytet i lasht\u00eb [&hellip;]<\/p>\n","protected":false,"gt_translate_keys":[{"key":"rendered","format":"html"}]},"author":30,"featured_media":379457,"comment_status":"open","ping_status":"open","sticky":false,"template":"","format":"standard","meta":{"footnotes":""},"categories":[22,65,13],"tags":[],"class_list":["post-379456","post","type-post","status-publish","format-standard","has-post-thumbnail","hentry","category-ballina","category-lajme","category-te-fundit"],"gt_translate_keys":[{"key":"link","format":"url"}],"_links":{"self":[{"href":"https:\/\/www.hashtag.al\/index.php\/wp-json\/wp\/v2\/posts\/379456","targetHints":{"allow":["GET"]}}],"collection":[{"href":"https:\/\/www.hashtag.al\/index.php\/wp-json\/wp\/v2\/posts"}],"about":[{"href":"https:\/\/www.hashtag.al\/index.php\/wp-json\/wp\/v2\/types\/post"}],"author":[{"embeddable":true,"href":"https:\/\/www.hashtag.al\/index.php\/wp-json\/wp\/v2\/users\/30"}],"replies":[{"embeddable":true,"href":"https:\/\/www.hashtag.al\/index.php\/wp-json\/wp\/v2\/comments?post=379456"}],"version-history":[{"count":0,"href":"https:\/\/www.hashtag.al\/index.php\/wp-json\/wp\/v2\/posts\/379456\/revisions"}],"wp:featuredmedia":[{"embeddable":true,"href":"https:\/\/www.hashtag.al\/index.php\/wp-json\/wp\/v2\/media\/379457"}],"wp:attachment":[{"href":"https:\/\/www.hashtag.al\/index.php\/wp-json\/wp\/v2\/media?parent=379456"}],"wp:term":[{"taxonomy":"category","embeddable":true,"href":"https:\/\/www.hashtag.al\/index.php\/wp-json\/wp\/v2\/categories?post=379456"},{"taxonomy":"post_tag","embeddable":true,"href":"https:\/\/www.hashtag.al\/index.php\/wp-json\/wp\/v2\/tags?post=379456"}],"curies":[{"name":"wp","href":"https:\/\/api.w.org\/{rel}","templated":true}]}}