{"id":379394,"date":"2020-06-08T17:20:22","date_gmt":"2020-06-08T15:20:22","guid":{"rendered":"https:\/\/hashtag.al\/?p=379394"},"modified":"2020-06-08T17:14:08","modified_gmt":"2020-06-08T15:14:08","slug":"osmani-thaci-te-deklarohet-nese-e-mbeshtet-ende-korrigjimin-e-kufijve-serbi-kosove","status":"publish","type":"post","link":"https:\/\/www.hashtag.al\/index.php\/2020\/06\/08\/osmani-thaci-te-deklarohet-nese-e-mbeshtet-ende-korrigjimin-e-kufijve-serbi-kosove\/","title":{"rendered":"Osmani: Tha\u00e7i t\u00eb deklarohet n\u00ebse e mb\u00ebshtet ende korrigjimin e kufijve Serbi-Kosov\u00eb","gt_translate_keys":[{"key":"rendered","format":"text"}]},"content":{"rendered":"<p><a href=\"https:\/\/hashtag.al\/?attachment_id=379395\" rel=\"attachment wp-att-379395\"><img loading=\"lazy\" decoding=\"async\" class=\"aligncenter size-full wp-image-379395\" src=\"https:\/\/hashtag.al\/wp-content\/uploads\/2020\/06\/vjosaosmani-1.jpg\" alt=\"\" width=\"2144\" height=\"1424\" srcset=\"https:\/\/www.hashtag.al\/wp-content\/uploads\/2020\/06\/vjosaosmani-1.jpg 2144w, https:\/\/www.hashtag.al\/wp-content\/uploads\/2020\/06\/vjosaosmani-1-300x199.jpg 300w, https:\/\/www.hashtag.al\/wp-content\/uploads\/2020\/06\/vjosaosmani-1-768x510.jpg 768w, https:\/\/www.hashtag.al\/wp-content\/uploads\/2020\/06\/vjosaosmani-1-1024x680.jpg 1024w\" sizes=\"auto, (max-width: 2144px) 100vw, 2144px\" \/><\/a><\/p>\n<p><span style=\"color: #000000;\">Kryetarja e Kuvendit t\u00eb Kosov\u00ebs, Osmani, ka deklaruar sot se Prishtina ka qen\u00eb p\u00ebrher\u00eb e gatshme p\u00ebr dialog me Beogradin, por jo sipas m\u00ebnyr\u00ebs s\u00eb presidentit Tha\u00e7i. <\/span><\/p>\n<p><span style=\"color: #000000;\">N\u00eb nj\u00eb deklarat\u00eb p\u00ebr mediat kryeparlamentarja tha se kreu i shtetit duhet t\u00eb sqaroj\u00eb n\u00ebse i q\u00ebndron ende ides\u00eb p\u00ebr korrigjimin e kufijve, shkruan Lajmi.net. <\/span><\/p>\n<p><span style=\"color: #000000;\">Osmani \u00ebsht\u00eb shprehur kund\u00ebr qeveris\u00eb s\u00eb re t\u00eb LDK-s\u00eb duke th\u00ebn\u00eb se ajo mbahet n\u00eb k\u00ebmb\u00eb nga votat e List\u00ebs Serbe dhe se vota vendimtare p\u00ebr qeverin\u00eb \u00ebsht\u00eb siguruar nga presidenti Tha\u00e7i n\u00eb m\u00ebnyr\u00eb antikushtetuese.<\/span><\/p>\n","protected":false,"gt_translate_keys":[{"key":"rendered","format":"html"}]},"excerpt":{"rendered":"<p>Kryetarja e Kuvendit t\u00eb Kosov\u00ebs, Osmani, ka deklaruar sot se Prishtina ka qen\u00eb p\u00ebrher\u00eb e gatshme p\u00ebr dialog me Beogradin, por jo sipas m\u00ebnyr\u00ebs s\u00eb presidentit Tha\u00e7i. N\u00eb nj\u00eb deklarat\u00eb p\u00ebr mediat kryeparlamentarja tha se kreu i shtetit duhet t\u00eb sqaroj\u00eb n\u00ebse i q\u00ebndron ende ides\u00eb p\u00ebr korrigjimin e kufijve, shkruan Lajmi.net. Osmani \u00ebsht\u00eb shprehur [&hellip;]<\/p>\n","protected":false,"gt_translate_keys":[{"key":"rendered","format":"html"}]},"author":51,"featured_media":379395,"comment_status":"open","ping_status":"open","sticky":false,"template":"","format":"standard","meta":{"footnotes":""},"categories":[149],"tags":[],"class_list":["post-379394","post","type-post","status-publish","format-standard","has-post-thumbnail","hentry","category-kosoverajon"],"gt_translate_keys":[{"key":"link","format":"url"}],"_links":{"self":[{"href":"https:\/\/www.hashtag.al\/index.php\/wp-json\/wp\/v2\/posts\/379394","targetHints":{"allow":["GET"]}}],"collection":[{"href":"https:\/\/www.hashtag.al\/index.php\/wp-json\/wp\/v2\/posts"}],"about":[{"href":"https:\/\/www.hashtag.al\/index.php\/wp-json\/wp\/v2\/types\/post"}],"author":[{"embeddable":true,"href":"https:\/\/www.hashtag.al\/index.php\/wp-json\/wp\/v2\/users\/51"}],"replies":[{"embeddable":true,"href":"https:\/\/www.hashtag.al\/index.php\/wp-json\/wp\/v2\/comments?post=379394"}],"version-history":[{"count":0,"href":"https:\/\/www.hashtag.al\/index.php\/wp-json\/wp\/v2\/posts\/379394\/revisions"}],"wp:featuredmedia":[{"embeddable":true,"href":"https:\/\/www.hashtag.al\/index.php\/wp-json\/wp\/v2\/media\/379395"}],"wp:attachment":[{"href":"https:\/\/www.hashtag.al\/index.php\/wp-json\/wp\/v2\/media?parent=379394"}],"wp:term":[{"taxonomy":"category","embeddable":true,"href":"https:\/\/www.hashtag.al\/index.php\/wp-json\/wp\/v2\/categories?post=379394"},{"taxonomy":"post_tag","embeddable":true,"href":"https:\/\/www.hashtag.al\/index.php\/wp-json\/wp\/v2\/tags?post=379394"}],"curies":[{"name":"wp","href":"https:\/\/api.w.org\/{rel}","templated":true}]}}