{"id":379102,"date":"2020-06-07T15:20:27","date_gmt":"2020-06-07T13:20:27","guid":{"rendered":"https:\/\/hashtag.al\/?p=379102"},"modified":"2020-06-07T15:11:56","modified_gmt":"2020-06-07T13:11:56","slug":"madona-me-paterica-i-bashkohet-protestave-black-lives-matter","status":"publish","type":"post","link":"https:\/\/www.hashtag.al\/index.php\/2020\/06\/07\/madona-me-paterica-i-bashkohet-protestave-black-lives-matter\/","title":{"rendered":"Madona me paterica i bashkohet protestave \u201cBlack Lives Matter&#8221;","gt_translate_keys":[{"key":"rendered","format":"text"}]},"content":{"rendered":"<p><img loading=\"lazy\" decoding=\"async\" class=\"aligncenter size-full wp-image-379103\" src=\"https:\/\/hashtag.al\/wp-content\/uploads\/2020\/06\/madona.jpg\" alt=\"\" width=\"1087\" height=\"724\" srcset=\"https:\/\/www.hashtag.al\/wp-content\/uploads\/2020\/06\/madona.jpg 1087w, https:\/\/www.hashtag.al\/wp-content\/uploads\/2020\/06\/madona-300x200.jpg 300w, https:\/\/www.hashtag.al\/wp-content\/uploads\/2020\/06\/madona-768x512.jpg 768w, https:\/\/www.hashtag.al\/wp-content\/uploads\/2020\/06\/madona-1024x682.jpg 1024w\" sizes=\"auto, (max-width: 1087px) 100vw, 1087px\" \/><\/p>\n<p><span style=\"color: #000000;\">K\u00ebng\u00ebtarja Madona, edhe pse me paterica nuk ka nguruar t\u2019i bashkohet, protestave n\u00eb nder t\u00eb George Floyd, t\u00eb quajtur \u201cBlack Lives Matter\u201d.<\/span><\/p>\n<p><span style=\"color: #000000;\">Edhe pse \u00ebsht\u00eb e l\u00ebnduar n\u00eb gju q\u00eb nga turneu i saj n\u00eb tetor t\u00eb vitit t\u00eb kaluar, 61-vje\u00e7arja vendosi q\u00eb t\u2019i bashkohej k\u00ebsaj proteste q\u00eb b\u00ebri buj\u00eb n\u00eb mbar\u00eb bot\u00ebn. Por pavar\u00ebsisht se u shfaq me pateric\u00eb, k\u00ebng\u00ebtarja e famshme dukej n\u00eb super form\u00eb.<\/span><\/p>\n<p><span style=\"color: #000000;\">George Floyd u vra gjat\u00eb arrestimit nga policia, dhe vdekja e tij shkaktoi zem\u00ebrim n\u00eb qytetar\u00ebt dhe nxiti protesta masive t\u00eb cilat vazhdojn\u00eb akoma edhe sot.<\/span><\/p>\n<p><img loading=\"lazy\" decoding=\"async\" class=\"aligncenter size-full wp-image-379104\" src=\"https:\/\/hashtag.al\/wp-content\/uploads\/2020\/06\/madona-1.jpg\" alt=\"\" width=\"1087\" height=\"724\" srcset=\"https:\/\/www.hashtag.al\/wp-content\/uploads\/2020\/06\/madona-1.jpg 1087w, https:\/\/www.hashtag.al\/wp-content\/uploads\/2020\/06\/madona-1-300x200.jpg 300w, https:\/\/www.hashtag.al\/wp-content\/uploads\/2020\/06\/madona-1-768x512.jpg 768w, https:\/\/www.hashtag.al\/wp-content\/uploads\/2020\/06\/madona-1-1024x682.jpg 1024w\" sizes=\"auto, (max-width: 1087px) 100vw, 1087px\" \/> <img loading=\"lazy\" decoding=\"async\" class=\"aligncenter size-full wp-image-379105\" src=\"https:\/\/hashtag.al\/wp-content\/uploads\/2020\/06\/madona1.jpg\" alt=\"\" width=\"1086\" height=\"724\" srcset=\"https:\/\/www.hashtag.al\/wp-content\/uploads\/2020\/06\/madona1.jpg 1086w, https:\/\/www.hashtag.al\/wp-content\/uploads\/2020\/06\/madona1-300x200.jpg 300w, https:\/\/www.hashtag.al\/wp-content\/uploads\/2020\/06\/madona1-768x512.jpg 768w, https:\/\/www.hashtag.al\/wp-content\/uploads\/2020\/06\/madona1-1024x683.jpg 1024w\" sizes=\"auto, (max-width: 1086px) 100vw, 1086px\" \/> <img loading=\"lazy\" decoding=\"async\" class=\"aligncenter size-full wp-image-379106\" src=\"https:\/\/hashtag.al\/wp-content\/uploads\/2020\/06\/madona2.jpg\" alt=\"\" width=\"1086\" height=\"724\" srcset=\"https:\/\/www.hashtag.al\/wp-content\/uploads\/2020\/06\/madona2.jpg 1086w, https:\/\/www.hashtag.al\/wp-content\/uploads\/2020\/06\/madona2-300x200.jpg 300w, https:\/\/www.hashtag.al\/wp-content\/uploads\/2020\/06\/madona2-768x512.jpg 768w, https:\/\/www.hashtag.al\/wp-content\/uploads\/2020\/06\/madona2-1024x683.jpg 1024w\" sizes=\"auto, (max-width: 1086px) 100vw, 1086px\" \/><\/p>\n","protected":false,"gt_translate_keys":[{"key":"rendered","format":"html"}]},"excerpt":{"rendered":"<p>K\u00ebng\u00ebtarja Madona, edhe pse me paterica nuk ka nguruar t\u2019i bashkohet, protestave n\u00eb nder t\u00eb George Floyd, t\u00eb quajtur \u201cBlack Lives Matter\u201d. Edhe pse \u00ebsht\u00eb e l\u00ebnduar n\u00eb gju q\u00eb nga turneu i saj n\u00eb tetor t\u00eb vitit t\u00eb kaluar, 61-vje\u00e7arja vendosi q\u00eb t\u2019i bashkohej k\u00ebsaj proteste q\u00eb b\u00ebri buj\u00eb n\u00eb mbar\u00eb bot\u00ebn. Por pavar\u00ebsisht [&hellip;]<\/p>\n","protected":false,"gt_translate_keys":[{"key":"rendered","format":"html"}]},"author":32,"featured_media":379105,"comment_status":"open","ping_status":"open","sticky":false,"template":"","format":"standard","meta":{"footnotes":""},"categories":[53,13],"tags":[],"class_list":["post-379102","post","type-post","status-publish","format-standard","has-post-thumbnail","hentry","category-fast-foodi","category-te-fundit"],"gt_translate_keys":[{"key":"link","format":"url"}],"_links":{"self":[{"href":"https:\/\/www.hashtag.al\/index.php\/wp-json\/wp\/v2\/posts\/379102","targetHints":{"allow":["GET"]}}],"collection":[{"href":"https:\/\/www.hashtag.al\/index.php\/wp-json\/wp\/v2\/posts"}],"about":[{"href":"https:\/\/www.hashtag.al\/index.php\/wp-json\/wp\/v2\/types\/post"}],"author":[{"embeddable":true,"href":"https:\/\/www.hashtag.al\/index.php\/wp-json\/wp\/v2\/users\/32"}],"replies":[{"embeddable":true,"href":"https:\/\/www.hashtag.al\/index.php\/wp-json\/wp\/v2\/comments?post=379102"}],"version-history":[{"count":0,"href":"https:\/\/www.hashtag.al\/index.php\/wp-json\/wp\/v2\/posts\/379102\/revisions"}],"wp:featuredmedia":[{"embeddable":true,"href":"https:\/\/www.hashtag.al\/index.php\/wp-json\/wp\/v2\/media\/379105"}],"wp:attachment":[{"href":"https:\/\/www.hashtag.al\/index.php\/wp-json\/wp\/v2\/media?parent=379102"}],"wp:term":[{"taxonomy":"category","embeddable":true,"href":"https:\/\/www.hashtag.al\/index.php\/wp-json\/wp\/v2\/categories?post=379102"},{"taxonomy":"post_tag","embeddable":true,"href":"https:\/\/www.hashtag.al\/index.php\/wp-json\/wp\/v2\/tags?post=379102"}],"curies":[{"name":"wp","href":"https:\/\/api.w.org\/{rel}","templated":true}]}}