{"id":379096,"date":"2020-06-07T14:40:24","date_gmt":"2020-06-07T12:40:24","guid":{"rendered":"https:\/\/hashtag.al\/?p=379096"},"modified":"2020-06-07T14:35:42","modified_gmt":"2020-06-07T12:35:42","slug":"izraelitet-protestojne-kunder-aneksimit-te-tokave-ne-bregun-perendimor","status":"publish","type":"post","link":"https:\/\/www.hashtag.al\/index.php\/2020\/06\/07\/izraelitet-protestojne-kunder-aneksimit-te-tokave-ne-bregun-perendimor\/","title":{"rendered":"Izraelit\u00ebt protestojn\u00eb kund\u00ebr aneksimit t\u00eb tokave n\u00eb Bregun Per\u00ebndimor","gt_translate_keys":[{"key":"rendered","format":"text"}]},"content":{"rendered":"<p><img loading=\"lazy\" decoding=\"async\" class=\"aligncenter size-full wp-image-379097\" src=\"https:\/\/hashtag.al\/wp-content\/uploads\/2020\/06\/izraeli-2-600x360.png\" alt=\"\" width=\"600\" height=\"360\" srcset=\"https:\/\/www.hashtag.al\/wp-content\/uploads\/2020\/06\/izraeli-2-600x360.png 600w, https:\/\/www.hashtag.al\/wp-content\/uploads\/2020\/06\/izraeli-2-600x360-300x180.png 300w\" sizes=\"auto, (max-width: 600px) 100vw, 600px\" \/><\/p>\n<p><span style=\"color: #000000;\">Disa mij\u00ebra izraelit\u00eb kan\u00eb protestuar t\u00eb shtun\u00ebn n\u00eb mbr\u00ebmje kund\u00ebr planit t\u00eb kryeministrit Benjamin Netanyahu p\u00ebr zgjerimin e sovranitetit n\u00eb disa pjes\u00eb t\u00eb Bregut t\u00eb pushtuar Per\u00ebndimor, q\u00eb de fakto do t\u00eb ishte aneksim i tok\u00ebs q\u00eb palestinez\u00ebt synojn\u00eb ta b\u00ebjn\u00eb shtet t\u00eb vetin.<\/span><\/p>\n<p><span style=\"color: #000000;\">Duke vendosur maska n\u00eb fytyr\u00eb dhe duke e mbajtur distanc\u00ebn mes vete sipas kufizimeve t\u00eb caktuara p\u00ebr shkak t\u00eb koronavirusit, izraelit\u00ebt u mblodh\u00ebn n\u00ebn parull\u00ebn \u201cJo aneksimit, jo pushtimit, po paqes dhe demokracis\u00eb\u201d. Disa prej tyre madje mbanin n\u00eb duar flamuj palestinez\u00eb.<\/span><\/p>\n<p><span style=\"color: #000000;\">Protesta u organizua nga grupet majtiste dhe nuk u duk se do t\u00eb jet\u00eb fillimi i nj\u00eb l\u00ebvizjeje masive popullore. Sipas nj\u00eb sondazhi t\u00eb ri, rreth gjysma e izraelit\u00ebve e p\u00ebrkrahin aneksimin e territoreve t\u00eb reja, shkruan \u201cReuters\u201d.<\/span><\/p>\n<p><span style=\"color: #000000;\">Organizator\u00ebt e protest\u00ebs e shfaq\u00ebn n\u00eb ekran nj\u00eb deklarat\u00eb t\u00eb senatorit amerikan, Bernie Sanders, ku d\u00ebgjohej duke th\u00ebn\u00eb: \u201cKurr\u00eb nuk ka qen\u00eb m\u00eb e r\u00ebnd\u00ebsishme q\u00eb t\u00eb q\u00ebndrojm\u00eb p\u00ebr demokraci dhe t\u00eb luftojm\u00eb p\u00ebr t\u00eb ardhshmen q\u00eb ne t\u00eb gjith\u00eb e meritojm\u00eb. Varet nga t\u00eb gjith\u00eb ne n\u00ebse do t\u00eb q\u00ebndrojm\u00eb para lider\u00ebve autoritar\u00eb p\u00ebr t\u00eb nd\u00ebrtuar nj\u00eb t\u00eb ardhme paq\u00ebsore p\u00ebr secilin palestinez dhe p\u00ebr secilin izraelit\u201d, tha Sanders.<\/span><\/p>\n<p><span style=\"color: #000000;\">Palestinez\u00ebt duan nj\u00eb shtet t\u00eb pavarur n\u00eb Bregun Per\u00ebndimor, Jerusalemin lindor dhe Rripin e Gaz\u00ebs, territore q\u00eb Izraeli i pushtoi n\u00eb Luft\u00ebn e Lindjes s\u00eb Mesme, m\u00eb 1967.<\/span><\/p>\n<p><span style=\"color: #000000;\">Kryeministri izraelit, Benjamin Netanyahu, e ka caktuar dat\u00ebn 1 korrik p\u00ebr fillimin e zbatimit t\u00eb planit t\u00eb tij p\u00ebr aneksimin e vendbanimeve izraelite dhe Lugin\u00ebs s\u00eb Jordanit n\u00eb Bregun Per\u00ebndimor, duke shpresuar p\u00ebr drit\u00ebn e gjelb\u00ebr nga Uashingtoni.<\/span><\/p>\n","protected":false,"gt_translate_keys":[{"key":"rendered","format":"html"}]},"excerpt":{"rendered":"<p>Disa mij\u00ebra izraelit\u00eb kan\u00eb protestuar t\u00eb shtun\u00ebn n\u00eb mbr\u00ebmje kund\u00ebr planit t\u00eb kryeministrit Benjamin Netanyahu p\u00ebr zgjerimin e sovranitetit n\u00eb disa pjes\u00eb t\u00eb Bregut t\u00eb pushtuar Per\u00ebndimor, q\u00eb de fakto do t\u00eb ishte aneksim i tok\u00ebs q\u00eb palestinez\u00ebt synojn\u00eb ta b\u00ebjn\u00eb shtet t\u00eb vetin. Duke vendosur maska n\u00eb fytyr\u00eb dhe duke e mbajtur distanc\u00ebn mes [&hellip;]<\/p>\n","protected":false,"gt_translate_keys":[{"key":"rendered","format":"html"}]},"author":32,"featured_media":379097,"comment_status":"open","ping_status":"open","sticky":false,"template":"","format":"standard","meta":{"footnotes":""},"categories":[6,13],"tags":[],"class_list":["post-379096","post","type-post","status-publish","format-standard","has-post-thumbnail","hentry","category-nderkombetare","category-te-fundit"],"gt_translate_keys":[{"key":"link","format":"url"}],"_links":{"self":[{"href":"https:\/\/www.hashtag.al\/index.php\/wp-json\/wp\/v2\/posts\/379096","targetHints":{"allow":["GET"]}}],"collection":[{"href":"https:\/\/www.hashtag.al\/index.php\/wp-json\/wp\/v2\/posts"}],"about":[{"href":"https:\/\/www.hashtag.al\/index.php\/wp-json\/wp\/v2\/types\/post"}],"author":[{"embeddable":true,"href":"https:\/\/www.hashtag.al\/index.php\/wp-json\/wp\/v2\/users\/32"}],"replies":[{"embeddable":true,"href":"https:\/\/www.hashtag.al\/index.php\/wp-json\/wp\/v2\/comments?post=379096"}],"version-history":[{"count":0,"href":"https:\/\/www.hashtag.al\/index.php\/wp-json\/wp\/v2\/posts\/379096\/revisions"}],"wp:featuredmedia":[{"embeddable":true,"href":"https:\/\/www.hashtag.al\/index.php\/wp-json\/wp\/v2\/media\/379097"}],"wp:attachment":[{"href":"https:\/\/www.hashtag.al\/index.php\/wp-json\/wp\/v2\/media?parent=379096"}],"wp:term":[{"taxonomy":"category","embeddable":true,"href":"https:\/\/www.hashtag.al\/index.php\/wp-json\/wp\/v2\/categories?post=379096"},{"taxonomy":"post_tag","embeddable":true,"href":"https:\/\/www.hashtag.al\/index.php\/wp-json\/wp\/v2\/tags?post=379096"}],"curies":[{"name":"wp","href":"https:\/\/api.w.org\/{rel}","templated":true}]}}