{"id":379090,"date":"2020-06-07T14:17:50","date_gmt":"2020-06-07T12:17:50","guid":{"rendered":"https:\/\/hashtag.al\/?p=379090"},"modified":"2020-06-07T14:17:50","modified_gmt":"2020-06-07T12:17:50","slug":"transporti-publik-rihapet-nga-15-qershori-perdorimi-i-maskave-i-detyrueshem","status":"publish","type":"post","link":"https:\/\/www.hashtag.al\/index.php\/2020\/06\/07\/transporti-publik-rihapet-nga-15-qershori-perdorimi-i-maskave-i-detyrueshem\/","title":{"rendered":"Transporti publik rihapet nga 15 qershori, p\u00ebrdorimi i maskave i detyruesh\u00ebm","gt_translate_keys":[{"key":"rendered","format":"text"}]},"content":{"rendered":"<p><img loading=\"lazy\" decoding=\"async\" class=\"aligncenter size-full wp-image-327404\" src=\"https:\/\/hashtag.al\/wp-content\/uploads\/2019\/10\/urbanettirane-1.jpg\" alt=\"\" width=\"905\" height=\"395\" \/><\/p>\n<p><span style=\"color: #000000;\">Transporti publik do rihapet nga 15 qershori.<\/span><\/p>\n<p><span style=\"color: #000000;\">Njoftimin e ka b\u00ebr\u00eb me dije Ministria e Infrastruktur\u00ebs dhe Energjis\u00eb.<\/span><\/p>\n<p><span style=\"color: #000000;\">Hapja do t\u00eb b\u00ebhet sipas protokolleve t\u00eb miratuara nga ISHP-ja.<\/span><\/p>\n<p><span style=\"color: #000000;\">Qytetar\u00ebve i duhet t\u00eb p\u00ebrdorin maskat dhe t\u00eb mbajn\u00eb distanc\u00eb, nd\u00ebrsa kapaciteti i mjeteve p\u00ebr pasagjer\u00ebt duhet t\u00eb jet\u00eb n\u00eb mas\u00ebn 70%.<\/span><\/p>\n<p><img loading=\"lazy\" decoding=\"async\" class=\"aligncenter size-full wp-image-379091\" src=\"https:\/\/hashtag.al\/wp-content\/uploads\/2020\/06\/102703479_1672074206281113_425212756403511159_o.jpg\" alt=\"\" width=\"960\" height=\"960\" srcset=\"https:\/\/www.hashtag.al\/wp-content\/uploads\/2020\/06\/102703479_1672074206281113_425212756403511159_o.jpg 960w, https:\/\/www.hashtag.al\/wp-content\/uploads\/2020\/06\/102703479_1672074206281113_425212756403511159_o-150x150.jpg 150w, https:\/\/www.hashtag.al\/wp-content\/uploads\/2020\/06\/102703479_1672074206281113_425212756403511159_o-300x300.jpg 300w, https:\/\/www.hashtag.al\/wp-content\/uploads\/2020\/06\/102703479_1672074206281113_425212756403511159_o-768x768.jpg 768w, https:\/\/www.hashtag.al\/wp-content\/uploads\/2020\/06\/102703479_1672074206281113_425212756403511159_o-120x120.jpg 120w\" sizes=\"auto, (max-width: 960px) 100vw, 960px\" \/><\/p>\n","protected":false,"gt_translate_keys":[{"key":"rendered","format":"html"}]},"excerpt":{"rendered":"<p>Transporti publik do rihapet nga 15 qershori. Njoftimin e ka b\u00ebr\u00eb me dije Ministria e Infrastruktur\u00ebs dhe Energjis\u00eb. Hapja do t\u00eb b\u00ebhet sipas protokolleve t\u00eb miratuara nga ISHP-ja. Qytetar\u00ebve i duhet t\u00eb p\u00ebrdorin maskat dhe t\u00eb mbajn\u00eb distanc\u00eb, nd\u00ebrsa kapaciteti i mjeteve p\u00ebr pasagjer\u00ebt duhet t\u00eb jet\u00eb n\u00eb mas\u00ebn 70%.<\/p>\n","protected":false,"gt_translate_keys":[{"key":"rendered","format":"html"}]},"author":32,"featured_media":0,"comment_status":"open","ping_status":"open","sticky":false,"template":"","format":"standard","meta":{"footnotes":""},"categories":[65,13],"tags":[],"class_list":["post-379090","post","type-post","status-publish","format-standard","hentry","category-lajme","category-te-fundit"],"gt_translate_keys":[{"key":"link","format":"url"}],"_links":{"self":[{"href":"https:\/\/www.hashtag.al\/index.php\/wp-json\/wp\/v2\/posts\/379090","targetHints":{"allow":["GET"]}}],"collection":[{"href":"https:\/\/www.hashtag.al\/index.php\/wp-json\/wp\/v2\/posts"}],"about":[{"href":"https:\/\/www.hashtag.al\/index.php\/wp-json\/wp\/v2\/types\/post"}],"author":[{"embeddable":true,"href":"https:\/\/www.hashtag.al\/index.php\/wp-json\/wp\/v2\/users\/32"}],"replies":[{"embeddable":true,"href":"https:\/\/www.hashtag.al\/index.php\/wp-json\/wp\/v2\/comments?post=379090"}],"version-history":[{"count":0,"href":"https:\/\/www.hashtag.al\/index.php\/wp-json\/wp\/v2\/posts\/379090\/revisions"}],"wp:attachment":[{"href":"https:\/\/www.hashtag.al\/index.php\/wp-json\/wp\/v2\/media?parent=379090"}],"wp:term":[{"taxonomy":"category","embeddable":true,"href":"https:\/\/www.hashtag.al\/index.php\/wp-json\/wp\/v2\/categories?post=379090"},{"taxonomy":"post_tag","embeddable":true,"href":"https:\/\/www.hashtag.al\/index.php\/wp-json\/wp\/v2\/tags?post=379090"}],"curies":[{"name":"wp","href":"https:\/\/api.w.org\/{rel}","templated":true}]}}