{"id":378563,"date":"2020-06-04T19:46:36","date_gmt":"2020-06-04T17:46:36","guid":{"rendered":"https:\/\/hashtag.al\/?p=378563"},"modified":"2020-06-04T19:46:36","modified_gmt":"2020-06-04T17:46:36","slug":"kuvendi-reflekton-ndryshimet-e-kerkuara-nga-presidenti-ne-ligjin-per-eurobondin-meta-leter-rucit","status":"publish","type":"post","link":"https:\/\/www.hashtag.al\/index.php\/2020\/06\/04\/kuvendi-reflekton-ndryshimet-e-kerkuara-nga-presidenti-ne-ligjin-per-eurobondin-meta-leter-rucit\/","title":{"rendered":"Kuvendi reflekton ndryshimet e k\u00ebrkuara nga Presidenti n\u00eb ligjin p\u00ebr eurobondin, Meta let\u00ebr Ru\u00e7it","gt_translate_keys":[{"key":"rendered","format":"text"}]},"content":{"rendered":"<p><img loading=\"lazy\" decoding=\"async\" class=\"aligncenter size-full wp-image-358549\" src=\"https:\/\/hashtag.al\/wp-content\/uploads\/2020\/03\/ruci-vs-meta.jpg\" alt=\"\" width=\"656\" height=\"365\" srcset=\"https:\/\/www.hashtag.al\/wp-content\/uploads\/2020\/03\/ruci-vs-meta.jpg 656w, https:\/\/www.hashtag.al\/wp-content\/uploads\/2020\/03\/ruci-vs-meta-300x167.jpg 300w\" sizes=\"auto, (max-width: 656px) 100vw, 656px\" \/><\/p>\n<p><span style=\"color: #000000;\">Presidenti Ilir Meta me an\u00eb t\u00eb nj\u00eb <a href=\"http:\/\/president.al\/wp-content\/uploads\/2020\/06\/Kthim-pergjigjeje-dakordesim.pdf\">letre<\/a> drejtuar Kryetarit t\u00eb Kuvendit, Gramoz Ru\u00e7i, ka shprehur p\u00eblqimin p\u00ebr ndryshimet q\u00eb p\u00ebsoi ligji p\u00ebr marrjen e eurobondit pas kthimit q\u00eb Kreu i Shtetit i b\u00ebri ligjit t\u00eb m\u00ebparsh\u00ebm.<\/span><\/p>\n<p><span style=\"color: #000000;\">N\u00eb letr\u00ebn drejtuar Ru\u00e7it, kreu i shtetit thot\u00eb se pas njohjes me ndryshimet e b\u00ebra nga Kuvendi ai shpreh p\u00eblqimin e tij p\u00ebr hyrjen menj\u00ebher\u00eb t\u00eb ligjit.<\/span><\/p>\n<p><span style=\"color: #000000;\"><strong>Letra e plot\u00eb:<\/strong><\/span><\/p>\n<p><span style=\"color: #000000;\">I nderuar z. Ru\u00e7i,<\/span><\/p>\n<p><span style=\"color: #000000;\">N\u00eb vijim t\u00eb korrespondenc\u00ebs shkresore t\u00eb nisur pas k\u00ebrkes\u00ebs suaj me nr. 1382\/2 prot., dat\u00eb 01.06.2020, administruar pran\u00eb Institucionit t\u00eb Presidentit t\u00eb Republik\u00ebs me nr. prot. 1732, dat\u00eb 1.6.2020, jam njohur m\u00eb k\u00ebrkes\u00ebn e Kuvendit p\u00ebr dh\u00ebnien e p\u00eblqimit p\u00ebr hyrjen n\u00eb fuqi menj\u00ebher\u00eb t\u00eb projektligjit \u201c<em>P\u00ebr eurobondin q\u00eb do t\u00eb emetohet nga Ministri i Financave dhe Ekonomis\u00eb, miratimin e p\u00ebrjashtimeve nga tatimet e taksat dhe t\u00eb parashikimeve p\u00ebr heqjen dor\u00eb nga imuniteti, n\u00eb marr\u00ebveshjet q\u00eb do t\u00eb lidhen<\/em>\u201d, t\u00eb parashikuar p\u00ebr shqyrtim n\u00eb seanc\u00ebn e sotme plenare.<\/span><\/p>\n<p><span style=\"color: #000000;\">Me shkres\u00ebn me nr. prot. 1732\/2, dat\u00eb 3.6.2020, ju komunikova mosdh\u00ebnien e p\u00eblqimit p\u00ebr hyrjen n\u00eb fuqi menj\u00ebher\u00eb t\u00eb k\u00ebtij ligji, s\u00eb bashku me arsyet p\u00ebrkat\u00ebse, pasi n\u00eb k\u00ebrkes\u00ebn dhe praktik\u00ebn e administruar nga Kuvendi:<\/span><\/p>\n<p><span style=\"color: #000000;\">&#8211; Nuk evidentohej nevoja dhe urgjenca, sipas k\u00ebrkes\u00ebs s\u00eb nenit 84, pika 4, t\u00eb Kushtetut\u00ebs;<\/span><\/p>\n<p><span style=\"color: #000000;\">&#8211; Nuk sqaroheshin arsyet e heqjes dor\u00eb paraprakisht nga imuniteti n\u00eb marr\u00ebveshjet q\u00eb do t\u00eb lidhen; &#8211; Nuk kishte t\u00eb dh\u00ebna p\u00ebr konsultimin me Bank\u00ebn e Shqip\u00ebris\u00eb dhe vler\u00ebsimin e saj n\u00eb lidhje me rreziqet e daljes n\u00eb treg n\u00eb k\u00ebto momente, si dhe me Avokatur\u00ebn e Shtetit;<\/span><\/p>\n<p><span style=\"color: #000000;\">&#8211; Nuk jepeshin t\u00eb dh\u00ebna mbi m\u00ebnyr\u00ebn e p\u00ebrzgjedhjes s\u00eb partner\u00ebve n\u00eb k\u00ebt\u00eb proces kaq t\u00eb r\u00ebnd\u00ebsish\u00ebm p\u00ebr financat publike;<\/span><\/p>\n<p><span style=\"color: #000000;\">&#8211; Nuk jepeshin arsyet e p\u00ebrfshirjes n\u00eb k\u00ebt\u00eb proces, p\u00ebrmes nj\u00eb autorizimi t\u00eb ve\u00e7ant\u00eb t\u00eb ministrit t\u00eb t\u00eb Shtetit p\u00ebr Rind\u00ebrtimin, nd\u00ebrkoh\u00eb q\u00eb \u00ebsht\u00eb Ministria e Financave dhe Ekonomis\u00eb q\u00eb kujdeset p\u00ebr stabilitetin ekonomik n\u00ebp\u00ebrmjet drejtimit me efektshm\u00ebri, efektivitet dhe transparenc\u00eb t\u00eb financave publike.<\/span><\/p>\n<p><span style=\"color: #000000;\">Dit\u00ebn e sotme, m\u00eb shkres\u00ebn tuaj me nr. prot. 1382\/4, dat\u00eb 3.6.2020, jam njohur me sqarimet e Kryetares s\u00eb Komisionit p\u00ebr Ekonomin\u00eb dhe Financat, dhe dokumentet zyrtare shtes\u00eb t\u00eb paraqitura prej saj, t\u00eb pa v\u00ebna n\u00eb dispozicion n\u00eb k\u00ebrkes\u00ebn e par\u00eb. N\u00eb k\u00ebt\u00eb shkres\u00eb zyrtare, Komisioni p\u00ebr Ekonomin\u00eb dhe Financat:<\/span><\/p>\n<p><span style=\"color: #000000;\">&#8211; Ka shpjeguar nevoj\u00ebn dhe urgjenc\u00ebn, si t\u00eb lidhur me presiomin e lart\u00eb financiar t\u00eb shkaktuar pas goditjeve natyrore (t\u00ebrmeti) dhe sh\u00ebndet\u00ebsore (pandemia Covid-19); &#8211; Esht\u00eb rishikuar titulli dhe neni 1 i projektligjit lidhur me \u00e7\u00ebshtjen e imunitetit;<\/span><\/p>\n<p><span style=\"color: #000000;\">&#8211; \u00cbsht\u00eb v\u00ebn\u00eb n\u00eb dispozicion q\u00ebndrimi dhe vler\u00ebsimi i Bank\u00ebs s\u00eb Shqip\u00ebris\u00eb dhe i Avokatur\u00ebs s\u00eb Shtetit lidhur me k\u00ebt\u00eb transaksion;<\/span><\/p>\n<p><span style=\"color: #000000;\">\u00a0&#8211; \u00cbsht\u00eb sqaruar procedura e ndjekur p\u00ebr p\u00ebrzgjedhjen e partner\u00ebve q\u00eb do t\u00eb mb\u00ebshtesin k\u00ebt\u00eb proces. Gjithashtu, jam informuar lidhur me faktin se, neni 3 i projektligjit, mbi autorizimin q\u00eb i jepet ministrit t\u00eb Shtetit p\u00ebr Rind\u00ebrtimin, do t\u00eb propozohet t\u00eb hiqet n\u00eb seanc\u00eb plenare.<\/span><\/p>\n<p><span style=\"color: #000000;\"><strong>Sa m\u00eb sip\u00ebr, pas vler\u00ebsimit t\u00eb plot\u00eb t\u00eb t\u00eb gjith\u00eb praktik\u00ebs dhe sqarimeve shtes\u00eb, Presidenti i Republik\u00ebs jep p\u00eblqimin e tij p\u00ebr hyrjen menj\u00ebher\u00eb n\u00eb fuqi t\u00eb ligjit, pas miratimit nga Kuvendi.<\/strong> Nga ana tjet\u00ebr, k\u00ebrkohet q\u00eb, gjat\u00eb shqyrtimit t\u00eb k\u00ebtij akti n\u00eb seanc\u00eb plenare, si Kuvendi, edhe Qeveria t\u00eb konsiderojn\u00eb shqet\u00ebsimin e ngritur nga Presidenti i Republik\u00ebs, por dhe nga Banka e Shqip\u00ebris\u00eb, p\u00ebr:<\/span><\/p>\n<ol>\n<li><span style=\"color: #000000;\">Analiz\u00ebn e kostos dhe p\u00ebrfitimit t\u00eb marrjes hua n\u00eb tregun e brendsh\u00ebm (n\u00eb lek\u00eb\/n\u00eb euro), apo n\u00eb tregun e huaj, ose nj\u00eb kombinim i tyre.<\/span><\/li>\n<li><span style=\"color: #000000;\">\u00c7do transsaksion financiar duhet t\u00eb paraprihet nga nj\u00eb analiz\u00eb e gjendjes s\u00eb valut\u00ebs aktuale, t\u00eb pritshm\u00ebris\u00eb s\u00eb huadh\u00ebnies p\u00ebr situat\u00ebn emergjente t\u00eb dh\u00ebn\u00eb nga institucionet nd\u00ebrkomb\u00ebtare (FMN, BE etj.), si dhe t\u00eb nevojave prioritare p\u00ebr t\u00eb p\u00ebrcaktuar shum\u00ebn e duhur n\u00eb koh\u00eb t\u00eb huamarrjes n\u00eb tregun nd\u00ebrkomb\u00ebtar.<\/span><\/li>\n<\/ol>\n<p><span style=\"color: #000000;\">N\u00eb p\u00ebrfundim, ritheksohet nevoja q\u00eb Qeveria dhe Kuvendi, n\u00eb nisma t\u00eb tilla ligjv\u00ebn\u00ebse, t\u00eb veprojn\u00eb n\u00eb koh\u00ebn e duhur, n\u00eb m\u00ebnyr\u00eb q\u00eb t`u lihet hap\u00ebsira e nevojshme t\u00eb gjitha strukturave apo institucioneve p\u00ebr shqyrtimin e tyre.<\/span><\/p>\n","protected":false,"gt_translate_keys":[{"key":"rendered","format":"html"}]},"excerpt":{"rendered":"<p>Presidenti Ilir Meta me an\u00eb t\u00eb nj\u00eb letre drejtuar Kryetarit t\u00eb Kuvendit, Gramoz Ru\u00e7i, ka shprehur p\u00eblqimin p\u00ebr ndryshimet q\u00eb p\u00ebsoi ligji p\u00ebr marrjen e eurobondit pas kthimit q\u00eb Kreu i Shtetit i b\u00ebri ligjit t\u00eb m\u00ebparsh\u00ebm. N\u00eb letr\u00ebn drejtuar Ru\u00e7it, kreu i shtetit thot\u00eb se pas njohjes me ndryshimet e b\u00ebra nga Kuvendi ai [&hellip;]<\/p>\n","protected":false,"gt_translate_keys":[{"key":"rendered","format":"html"}]},"author":32,"featured_media":358549,"comment_status":"open","ping_status":"open","sticky":false,"template":"","format":"standard","meta":{"footnotes":""},"categories":[65,13],"tags":[],"class_list":["post-378563","post","type-post","status-publish","format-standard","has-post-thumbnail","hentry","category-lajme","category-te-fundit"],"gt_translate_keys":[{"key":"link","format":"url"}],"_links":{"self":[{"href":"https:\/\/www.hashtag.al\/index.php\/wp-json\/wp\/v2\/posts\/378563","targetHints":{"allow":["GET"]}}],"collection":[{"href":"https:\/\/www.hashtag.al\/index.php\/wp-json\/wp\/v2\/posts"}],"about":[{"href":"https:\/\/www.hashtag.al\/index.php\/wp-json\/wp\/v2\/types\/post"}],"author":[{"embeddable":true,"href":"https:\/\/www.hashtag.al\/index.php\/wp-json\/wp\/v2\/users\/32"}],"replies":[{"embeddable":true,"href":"https:\/\/www.hashtag.al\/index.php\/wp-json\/wp\/v2\/comments?post=378563"}],"version-history":[{"count":0,"href":"https:\/\/www.hashtag.al\/index.php\/wp-json\/wp\/v2\/posts\/378563\/revisions"}],"wp:featuredmedia":[{"embeddable":true,"href":"https:\/\/www.hashtag.al\/index.php\/wp-json\/wp\/v2\/media\/358549"}],"wp:attachment":[{"href":"https:\/\/www.hashtag.al\/index.php\/wp-json\/wp\/v2\/media?parent=378563"}],"wp:term":[{"taxonomy":"category","embeddable":true,"href":"https:\/\/www.hashtag.al\/index.php\/wp-json\/wp\/v2\/categories?post=378563"},{"taxonomy":"post_tag","embeddable":true,"href":"https:\/\/www.hashtag.al\/index.php\/wp-json\/wp\/v2\/tags?post=378563"}],"curies":[{"name":"wp","href":"https:\/\/api.w.org\/{rel}","templated":true}]}}