{"id":378295,"date":"2020-06-03T19:36:07","date_gmt":"2020-06-03T17:36:07","guid":{"rendered":"https:\/\/hashtag.al\/?p=378295"},"modified":"2020-06-03T19:36:07","modified_gmt":"2020-06-03T17:36:07","slug":"kurti-jep-video-mesazhin-e-fundit-si-kryeminister-ne-4-muaj-kemi-bere-qeverisje-te-mire-do-rikthehemi-se-shpejti","status":"publish","type":"post","link":"https:\/\/www.hashtag.al\/index.php\/2020\/06\/03\/kurti-jep-video-mesazhin-e-fundit-si-kryeminister-ne-4-muaj-kemi-bere-qeverisje-te-mire-do-rikthehemi-se-shpejti\/","title":{"rendered":"Kurti jep video-mesazhin e fundit si Kryeminist\u00ebr: N\u00eb 4 muaj kemi b\u00ebr\u00eb qeverisje t\u00eb mir\u00eb, do rikthehemi s\u00eb shpejti","gt_translate_keys":[{"key":"rendered","format":"text"}]},"content":{"rendered":"<p><img loading=\"lazy\" decoding=\"async\" class=\"aligncenter size-full wp-image-378296\" src=\"https:\/\/hashtag.al\/wp-content\/uploads\/2020\/06\/kurti.jpg\" alt=\"\" width=\"781\" height=\"376\" srcset=\"https:\/\/www.hashtag.al\/wp-content\/uploads\/2020\/06\/kurti.jpg 781w, https:\/\/www.hashtag.al\/wp-content\/uploads\/2020\/06\/kurti-300x144.jpg 300w, https:\/\/www.hashtag.al\/wp-content\/uploads\/2020\/06\/kurti-768x370.jpg 768w\" sizes=\"auto, (max-width: 781px) 100vw, 781px\" \/><\/p>\n<p><span style=\"color: #000000;\">Albin Kurti n\u00ebp\u00ebrmjet nj\u00eb video-mesazi t\u00eb fundit n\u00eb zyr\u00ebn e Kryeministrit t\u00eb Kosov\u00ebs, ka b\u00ebr\u00eb rezymen\u00eb e pun\u00ebve q\u00eb b\u00ebri n\u00ebn drejtimin e qeveris\u00eb.<\/span><\/p>\n<p><span style=\"color: #000000;\">Kurti num\u00ebroi disa nga sukseset e pun\u00ebs s\u00eb tij duke fal\u00ebnderuar administrat\u00ebn, kabinetit qeveritar dhe k\u00ebshilltar\u00ebt.<\/span><\/p>\n<p><span style=\"color: #000000;\">\u201c<em>Sot jan\u00eb b\u00ebr\u00eb kat\u00ebr muaj q\u00eb jam zgjedhur kryeminist\u00ebr, kurse nes\u00ebr m\u00eb nuk do t\u00eb jem n\u00eb k\u00ebt\u00eb zyre. Kat\u00ebr muaj qeverisje e mir\u00eb, 39 mbledhje t\u00eb mira t\u00eb Qeveris\u00eb. 213 vendime q\u00eb e kan\u00eb b\u00ebr\u00eb shum\u00eb m\u00eb t\u00eb mir\u00eb politik\u00ebn n\u00eb Kosov\u00eb. Dua t\u2019ju fal\u00ebnderoj\u00eb t\u00eb gjith\u00eb juve p\u00ebr mb\u00ebshtetjen, administrat\u00ebn publike p\u00ebr pun\u00ebn, kabinetin qeveritar p\u00ebr mb\u00ebshtetjen dhe k\u00ebshilltar\u00ebt e mi p\u00ebr sugjerimet e tyre<\/em>\u201d-tha Kurti<\/span><\/p>\n<p><span style=\"color: #000000;\">Kurti, tha se qeveria e tij ishte edhe pa List\u00ebn Serbe nd\u00ebrsa edhe nj\u00ebher\u00eb e cil\u00ebsoi vendimin e Gjykat\u00ebs Kushtetuese si t\u00eb papranueshme.<\/span><\/p>\n<p><span style=\"color: #000000;\">\u201c<em>Kemi d\u00ebshmuar se \u00ebsht\u00eb e mundur t\u00eb qeverisim pa List\u00ebn Serbe dhe duke mos u varur prej saj. Aktgjykimi i Gjykat\u00ebs Kushtetuese \u00ebsht\u00eb i papranuesh\u00ebm. Kjo qeveri \u00ebsht\u00eb e paligjshme. Kjo \u00ebsht\u00eb qeveria koti. Ne jemi alternativa<\/em>\u201d- tha ai.<\/span><\/p>\n<p><span style=\"color: #000000;\">N\u00eb fund t\u00eb videos, Kurti ka paralajm\u00ebruar rikthim n\u00eb pushtet, teksa ka b\u00ebr\u00eb t\u00eb ditur se nes\u00ebr nuk do ta b\u00ebj\u00eb pranim-dor\u00ebzimin te Hoti.<\/span><\/p>\n<p><span style=\"color: #000000;\">\u201c<em>Nes\u00ebr nuk do ta b\u00ebj\u00eb pranim-dor\u00ebzimin sepse nuk mund ta pranoj at\u00eb q\u00eb e shkarkova. Do t\u00eb kthehemi p\u00ebrs\u00ebri dhe shum\u00eb shpejt\u201d-<\/em>p\u00ebrfundon Kurti.<\/span><\/p>\n<p><iframe loading=\"lazy\" style=\"border: none; overflow: hidden;\" src=\"https:\/\/www.facebook.com\/plugins\/video.php?href=https%3A%2F%2Fwww.facebook.com%2Falbini2017%2Fvideos%2F766507660555451%2F&amp;show_text=0&amp;width=560\" width=\"560\" height=\"315\" frameborder=\"0\" scrolling=\"no\" allowfullscreen=\"allowfullscreen\"><\/iframe><\/p>\n<p>&nbsp;<\/p>\n","protected":false,"gt_translate_keys":[{"key":"rendered","format":"html"}]},"excerpt":{"rendered":"<p>Albin Kurti n\u00ebp\u00ebrmjet nj\u00eb video-mesazi t\u00eb fundit n\u00eb zyr\u00ebn e Kryeministrit t\u00eb Kosov\u00ebs, ka b\u00ebr\u00eb rezymen\u00eb e pun\u00ebve q\u00eb b\u00ebri n\u00ebn drejtimin e qeveris\u00eb. Kurti num\u00ebroi disa nga sukseset e pun\u00ebs s\u00eb tij duke fal\u00ebnderuar administrat\u00ebn, kabinetit qeveritar dhe k\u00ebshilltar\u00ebt. \u201cSot jan\u00eb b\u00ebr\u00eb kat\u00ebr muaj q\u00eb jam zgjedhur kryeminist\u00ebr, kurse nes\u00ebr m\u00eb nuk do t\u00eb [&hellip;]<\/p>\n","protected":false,"gt_translate_keys":[{"key":"rendered","format":"html"}]},"author":32,"featured_media":378296,"comment_status":"open","ping_status":"open","sticky":false,"template":"","format":"standard","meta":{"footnotes":""},"categories":[149,13],"tags":[],"class_list":["post-378295","post","type-post","status-publish","format-standard","has-post-thumbnail","hentry","category-kosoverajon","category-te-fundit"],"gt_translate_keys":[{"key":"link","format":"url"}],"_links":{"self":[{"href":"https:\/\/www.hashtag.al\/index.php\/wp-json\/wp\/v2\/posts\/378295","targetHints":{"allow":["GET"]}}],"collection":[{"href":"https:\/\/www.hashtag.al\/index.php\/wp-json\/wp\/v2\/posts"}],"about":[{"href":"https:\/\/www.hashtag.al\/index.php\/wp-json\/wp\/v2\/types\/post"}],"author":[{"embeddable":true,"href":"https:\/\/www.hashtag.al\/index.php\/wp-json\/wp\/v2\/users\/32"}],"replies":[{"embeddable":true,"href":"https:\/\/www.hashtag.al\/index.php\/wp-json\/wp\/v2\/comments?post=378295"}],"version-history":[{"count":0,"href":"https:\/\/www.hashtag.al\/index.php\/wp-json\/wp\/v2\/posts\/378295\/revisions"}],"wp:featuredmedia":[{"embeddable":true,"href":"https:\/\/www.hashtag.al\/index.php\/wp-json\/wp\/v2\/media\/378296"}],"wp:attachment":[{"href":"https:\/\/www.hashtag.al\/index.php\/wp-json\/wp\/v2\/media?parent=378295"}],"wp:term":[{"taxonomy":"category","embeddable":true,"href":"https:\/\/www.hashtag.al\/index.php\/wp-json\/wp\/v2\/categories?post=378295"},{"taxonomy":"post_tag","embeddable":true,"href":"https:\/\/www.hashtag.al\/index.php\/wp-json\/wp\/v2\/tags?post=378295"}],"curies":[{"name":"wp","href":"https:\/\/api.w.org\/{rel}","templated":true}]}}