{"id":378289,"date":"2020-06-03T18:58:27","date_gmt":"2020-06-03T16:58:27","guid":{"rendered":"https:\/\/hashtag.al\/?p=378289"},"modified":"2020-06-03T18:58:27","modified_gmt":"2020-06-03T16:58:27","slug":"protestoi-te-sheshi-skendebej-gjate-pandemise-altin-goxhaj-gjobitet-me-50-milione-leke","status":"publish","type":"post","link":"https:\/\/www.hashtag.al\/index.php\/2020\/06\/03\/protestoi-te-sheshi-skendebej-gjate-pandemise-altin-goxhaj-gjobitet-me-50-milione-leke\/","title":{"rendered":"Protestoi te sheshi Sk\u00ebndebej gjat\u00eb pandemis\u00eb, Altin Goxhaj gjobitet me 50 milion\u00eb lek\u00eb","gt_translate_keys":[{"key":"rendered","format":"text"}]},"content":{"rendered":"<div id=\"attachment_372359\" style=\"width: 1290px\" class=\"wp-caption aligncenter\"><img loading=\"lazy\" decoding=\"async\" aria-describedby=\"caption-attachment-372359\" class=\"size-full wp-image-372359\" src=\"https:\/\/hashtag.al\/wp-content\/uploads\/2020\/05\/protesta-e-shoqerise-civile-dhuna-sot-ne-sheshin-skenderbej-protestuesja-terhiqet-zvarre-dhe-uleret-12.jpeg\" alt=\"\" width=\"1280\" height=\"923\" srcset=\"https:\/\/www.hashtag.al\/wp-content\/uploads\/2020\/05\/protesta-e-shoqerise-civile-dhuna-sot-ne-sheshin-skenderbej-protestuesja-terhiqet-zvarre-dhe-uleret-12.jpeg 1280w, https:\/\/www.hashtag.al\/wp-content\/uploads\/2020\/05\/protesta-e-shoqerise-civile-dhuna-sot-ne-sheshin-skenderbej-protestuesja-terhiqet-zvarre-dhe-uleret-12-300x216.jpeg 300w, https:\/\/www.hashtag.al\/wp-content\/uploads\/2020\/05\/protesta-e-shoqerise-civile-dhuna-sot-ne-sheshin-skenderbej-protestuesja-terhiqet-zvarre-dhe-uleret-12-768x554.jpeg 768w, https:\/\/www.hashtag.al\/wp-content\/uploads\/2020\/05\/protesta-e-shoqerise-civile-dhuna-sot-ne-sheshin-skenderbej-protestuesja-terhiqet-zvarre-dhe-uleret-12-1024x738.jpeg 1024w\" sizes=\"auto, (max-width: 1280px) 100vw, 1280px\" \/><p id=\"caption-attachment-372359\" class=\"wp-caption-text\">Altin Goxhaj<\/p><\/div>\n<p><span style=\"color: #000000;\">Avokati dhe aktivisti Altin Goxhaj disa jav\u00eb m\u00eb par\u00eb gjat\u00eb masave shtr\u00ebnguese p\u00ebr shkak t\u00eb epidemis\u00eb s\u00eb shkaktuar nga koronavirusi, protestoi te sheshi Sk\u00ebnderbej n\u00eb Tiran\u00eb, kund\u00ebr tyre.<\/span><\/p>\n<p><span style=\"color: #000000;\">P\u00ebr k\u00ebt\u00eb shkak ai \u00ebsht\u00eb gjobitur nga policia me 50 milion\u00eb lek\u00eb t\u00eb vjetra.<\/span><\/p>\n<p><span style=\"color: #000000;\">Ka qen\u00eb vet\u00eb Goxhaj i cili dit\u00ebn e sotme b\u00ebri publike mas\u00ebn administrative.<\/span><br \/>\n<iframe loading=\"lazy\" style=\"border: none; overflow: hidden;\" src=\"https:\/\/www.facebook.com\/plugins\/video.php?href=https%3A%2F%2Fwww.facebook.com%2FKoalicioniPerShqiperine%2Fvideos%2F477010113092232%2F&amp;show_text=0&amp;width=267\" width=\"267\" height=\"476\" frameborder=\"0\" scrolling=\"no\" allowfullscreen=\"allowfullscreen\"><\/iframe><\/p>\n<p><span style=\"color: #000000;\">Nd\u00ebrsa shkonte t\u00eb paraqiste mbrojtjen n\u00eb komisionin e Gjobave, mbledhja \u00ebsht\u00eb shtyr\u00eb. Ky komision do mblidhet dit\u00ebn e nes\u00ebrme p\u00ebr t\u00eb shqyrtuar mas\u00ebn administrative.<\/span><\/p>\n<p><span style=\"color: #000000;\">Dit\u00ebn q\u00eb protestonte Goxhaj s\u00eb bashku me aktivist\u00eb t\u00eb tjer\u00eb, u shoq\u00ebruan n\u00eb polici nd\u00ebrsa pas tubimit, avokati edhe u gjobit.<\/span><\/p>\n<p><span style=\"color: #000000;\">N\u00eb procesverbalin e publikuar nga Goxhaj, policia thot\u00eb se gjoba \u00ebsht\u00eb p\u00ebr shkak se ai ka thyer aktin normativ p\u00ebr masat ndaj Covid 19.<\/span><\/p>\n<div id=\"attachment_378290\" style=\"width: 684px\" class=\"wp-caption aligncenter\"><img loading=\"lazy\" decoding=\"async\" aria-describedby=\"caption-attachment-378290\" class=\"size-full wp-image-378290\" src=\"https:\/\/hashtag.al\/wp-content\/uploads\/2020\/06\/101428875_2680024142285454_4177837615078178816_n.jpg\" alt=\"\" width=\"674\" height=\"960\" srcset=\"https:\/\/www.hashtag.al\/wp-content\/uploads\/2020\/06\/101428875_2680024142285454_4177837615078178816_n.jpg 674w, https:\/\/www.hashtag.al\/wp-content\/uploads\/2020\/06\/101428875_2680024142285454_4177837615078178816_n-211x300.jpg 211w\" sizes=\"auto, (max-width: 674px) 100vw, 674px\" \/><p id=\"caption-attachment-378290\" class=\"wp-caption-text\">Procesverbari i mas\u00ebs administratvie ndaj Altin Goxhajt<\/p><\/div>\n","protected":false,"gt_translate_keys":[{"key":"rendered","format":"html"}]},"excerpt":{"rendered":"<p>Avokati dhe aktivisti Altin Goxhaj disa jav\u00eb m\u00eb par\u00eb gjat\u00eb masave shtr\u00ebnguese p\u00ebr shkak t\u00eb epidemis\u00eb s\u00eb shkaktuar nga koronavirusi, protestoi te sheshi Sk\u00ebnderbej n\u00eb Tiran\u00eb, kund\u00ebr tyre. P\u00ebr k\u00ebt\u00eb shkak ai \u00ebsht\u00eb gjobitur nga policia me 50 milion\u00eb lek\u00eb t\u00eb vjetra. Ka qen\u00eb vet\u00eb Goxhaj i cili dit\u00ebn e sotme b\u00ebri publike mas\u00ebn administrative. [&hellip;]<\/p>\n","protected":false,"gt_translate_keys":[{"key":"rendered","format":"html"}]},"author":32,"featured_media":372359,"comment_status":"open","ping_status":"open","sticky":false,"template":"","format":"standard","meta":{"footnotes":""},"categories":[65,13],"tags":[],"class_list":["post-378289","post","type-post","status-publish","format-standard","has-post-thumbnail","hentry","category-lajme","category-te-fundit"],"gt_translate_keys":[{"key":"link","format":"url"}],"_links":{"self":[{"href":"https:\/\/www.hashtag.al\/index.php\/wp-json\/wp\/v2\/posts\/378289","targetHints":{"allow":["GET"]}}],"collection":[{"href":"https:\/\/www.hashtag.al\/index.php\/wp-json\/wp\/v2\/posts"}],"about":[{"href":"https:\/\/www.hashtag.al\/index.php\/wp-json\/wp\/v2\/types\/post"}],"author":[{"embeddable":true,"href":"https:\/\/www.hashtag.al\/index.php\/wp-json\/wp\/v2\/users\/32"}],"replies":[{"embeddable":true,"href":"https:\/\/www.hashtag.al\/index.php\/wp-json\/wp\/v2\/comments?post=378289"}],"version-history":[{"count":0,"href":"https:\/\/www.hashtag.al\/index.php\/wp-json\/wp\/v2\/posts\/378289\/revisions"}],"wp:featuredmedia":[{"embeddable":true,"href":"https:\/\/www.hashtag.al\/index.php\/wp-json\/wp\/v2\/media\/372359"}],"wp:attachment":[{"href":"https:\/\/www.hashtag.al\/index.php\/wp-json\/wp\/v2\/media?parent=378289"}],"wp:term":[{"taxonomy":"category","embeddable":true,"href":"https:\/\/www.hashtag.al\/index.php\/wp-json\/wp\/v2\/categories?post=378289"},{"taxonomy":"post_tag","embeddable":true,"href":"https:\/\/www.hashtag.al\/index.php\/wp-json\/wp\/v2\/tags?post=378289"}],"curies":[{"name":"wp","href":"https:\/\/api.w.org\/{rel}","templated":true}]}}