{"id":378231,"date":"2020-06-03T14:57:08","date_gmt":"2020-06-03T12:57:08","guid":{"rendered":"https:\/\/hashtag.al\/?p=378231"},"modified":"2020-06-03T14:57:19","modified_gmt":"2020-06-03T12:57:19","slug":"lejet-e-ndertimit-gjallerohen-ne-tirane-pas-tkurrjes-nga-termeti-aspak-interes-per-durresin","status":"publish","type":"post","link":"https:\/\/www.hashtag.al\/index.php\/2020\/06\/03\/lejet-e-ndertimit-gjallerohen-ne-tirane-pas-tkurrjes-nga-termeti-aspak-interes-per-durresin\/","title":{"rendered":"Lejet e nd\u00ebrtimit gjall\u00ebrohen n\u00eb Tiran\u00eb pas tkurrjes nga t\u00ebrmeti, aspak interes p\u00ebr Durr\u00ebsin","gt_translate_keys":[{"key":"rendered","format":"text"}]},"content":{"rendered":"<p><a href=\"https:\/\/hashtag.al\/index.php\/2020\/06\/03\/lejet-e-ndertimit-gjallerohen-ne-tirane-pas-tkurrjes-nga-termeti-aspak-interes-per-durresin\/veliaj-ndertime-copy\/\" rel=\"attachment wp-att-378234\"><img loading=\"lazy\" decoding=\"async\" class=\"aligncenter size-full wp-image-378234\" src=\"https:\/\/hashtag.al\/wp-content\/uploads\/2020\/06\/veliaj-ndertime-copy.jpg\" alt=\"\" width=\"1059\" height=\"416\" srcset=\"https:\/\/www.hashtag.al\/wp-content\/uploads\/2020\/06\/veliaj-ndertime-copy.jpg 1059w, https:\/\/www.hashtag.al\/wp-content\/uploads\/2020\/06\/veliaj-ndertime-copy-300x118.jpg 300w, https:\/\/www.hashtag.al\/wp-content\/uploads\/2020\/06\/veliaj-ndertime-copy-768x302.jpg 768w, https:\/\/www.hashtag.al\/wp-content\/uploads\/2020\/06\/veliaj-ndertime-copy-1024x402.jpg 1024w\" sizes=\"auto, (max-width: 1059px) 100vw, 1059px\" \/><\/a><\/p>\n<p><span style=\"color: #000000;\">N\u00eb tre muajt e par\u00eb t\u00eb vitit \u00ebsht\u00eb rikthyer interesi p\u00ebr nd\u00ebrtime n\u00eb Tiran\u00eb, pas nj\u00eb tkurrjeje t\u00eb fort\u00eb q\u00eb sh\u00ebnoi n\u00eb muajt e fundit t\u00eb 2019-s, pas t\u00ebrmetit me pasoja t\u00eb r\u00ebnda, q\u00eb goditi sidomos Durr\u00ebsin dhe Tiran\u00ebn.<\/span><\/p>\n<p><span style=\"color: #000000;\">INSTAT raportoi se n\u00eb tremujorin e par\u00eb t\u00eb k\u00ebtij viti u dha leje nd\u00ebrtimi p\u00ebr nj\u00eb sipp\u00ebrfaqe prej 293 mij\u00eb metra katror, pothuajse dyfishim n\u00eb raport me tremujorin e fundit 2019.<\/span><\/p>\n<p><span style=\"color: #000000;\">Gjithsesi sip\u00ebrfaqja e dh\u00ebn\u00eb p\u00ebr leje n\u00eb kryeqytet n\u00eb muajt e par\u00eb \u00ebsht\u00eb shum\u00eb m\u00eb e ul\u00ebt se n\u00eb t\u00eb nj\u00ebjt\u00ebn periudh\u00eb t\u00eb 2019-s (shiko grafikun)<\/span><\/p>\n<p><span style=\"color: #000000;\">Ndryshe ka qen\u00eb situata p\u00ebr Durr\u00ebsin, ku sip\u00ebrfaqja e lejeve t\u00eb nd\u00ebrtimit t\u00eb dh\u00ebn\u00eb n\u00eb tremujorin e par\u00eb ka qen\u00eb minimale, ne vet\u00ebm rreth 9 mij\u00eb metra katror.<\/span><\/p>\n<p><span style=\"color: #000000;\">Sipas INSTAT, Tiran\u00eb, m\u00eb 02 Qershor 2020: N\u00eb tremujorin e par\u00eb 2020 jan\u00eb miratuar gjithsej 184 leje nd\u00ebrtimi p\u00ebr nd\u00ebrtesa t\u00eb reja, nga 245 leje t\u00eb miratuara n\u00eb tremujorin e par\u00eb 2019, duke sh\u00ebnuar nj\u00eb r\u00ebnie prej 24,9 %.<\/span><\/p>\n<p><span style=\"color: #000000;\">Sip\u00ebrfaqja e lejeve t\u00eb nd\u00ebrtimit miratuar p\u00ebr nd\u00ebrtesa t\u00eb reja, n\u00eb tremujorin e par\u00eb 2020, \u00ebsht\u00eb 333.645 m2, nga 581.236 m2\u00a0 miratuar n\u00eb tremujorin e par\u00eb 2019, duke sh\u00ebnuar nj\u00eb r\u00ebnie prej 42,6 %.<\/span><\/p>\n<p><span style=\"color: #000000;\">N\u00eb tremujorin e par\u00eb 2020, vlera e p\u00ebraf\u00ebrt e lejeve t\u00eb nd\u00ebrtimit miratuar p\u00ebr nd\u00ebrtesa dhe punime inxhinierike \u00ebsht\u00eb 13,4 miliard\u00eb lek\u00eb, nga 25,2 miliard\u00eb lek\u00eb miratuar n\u00eb tremujorin e par\u00eb 2019, duke sh\u00ebnuar nj\u00eb r\u00ebnie prej 47,0 %.<\/span><\/p>\n<p><span style=\"color: #000000;\"><span style=\"color: #ff0000;\"><strong>VINI RE<\/strong><\/span>: Ky material \u00ebsht\u00eb pron\u00ebsi intelektuale e <a href=\"https:\/\/www.monitor.al\/lejet-e-ndertimit-gjallerohen-ne-tirane-pas-tkurrjes-nga-termeti-aspak-interes-per-durresin\/\"><span style=\"color: #0000ff;\">Monitor<\/span><\/a><\/span><\/p>\n<p><a href=\"https:\/\/hashtag.al\/index.php\/2020\/06\/03\/lejet-e-ndertimit-gjallerohen-ne-tirane-pas-tkurrjes-nga-termeti-aspak-interes-per-durresin\/ndertimet-png2\/\" rel=\"attachment wp-att-378232\"><img loading=\"lazy\" decoding=\"async\" class=\"aligncenter size-full wp-image-378232\" src=\"https:\/\/hashtag.al\/wp-content\/uploads\/2020\/06\/ndertimet.png2_.png\" alt=\"\" width=\"701\" height=\"342\" srcset=\"https:\/\/www.hashtag.al\/wp-content\/uploads\/2020\/06\/ndertimet.png2_.png 701w, https:\/\/www.hashtag.al\/wp-content\/uploads\/2020\/06\/ndertimet.png2_-300x146.png 300w\" sizes=\"auto, (max-width: 701px) 100vw, 701px\" \/><\/a> <a href=\"https:\/\/hashtag.al\/index.php\/2020\/06\/03\/lejet-e-ndertimit-gjallerohen-ne-tirane-pas-tkurrjes-nga-termeti-aspak-interes-per-durresin\/ndertimet-2\/\" rel=\"attachment wp-att-378233\"><img loading=\"lazy\" decoding=\"async\" class=\"aligncenter size-full wp-image-378233\" src=\"https:\/\/hashtag.al\/wp-content\/uploads\/2020\/06\/ndertimet.png\" alt=\"\" width=\"738\" height=\"331\" srcset=\"https:\/\/www.hashtag.al\/wp-content\/uploads\/2020\/06\/ndertimet.png 738w, https:\/\/www.hashtag.al\/wp-content\/uploads\/2020\/06\/ndertimet-300x135.png 300w\" sizes=\"auto, (max-width: 738px) 100vw, 738px\" \/><\/a><\/p>\n","protected":false,"gt_translate_keys":[{"key":"rendered","format":"html"}]},"excerpt":{"rendered":"<p>N\u00eb tre muajt e par\u00eb t\u00eb vitit \u00ebsht\u00eb rikthyer interesi p\u00ebr nd\u00ebrtime n\u00eb Tiran\u00eb, pas nj\u00eb tkurrjeje t\u00eb fort\u00eb q\u00eb sh\u00ebnoi n\u00eb muajt e fundit t\u00eb 2019-s, pas t\u00ebrmetit me pasoja t\u00eb r\u00ebnda, q\u00eb goditi sidomos Durr\u00ebsin dhe Tiran\u00ebn. INSTAT raportoi se n\u00eb tremujorin e par\u00eb t\u00eb k\u00ebtij viti u dha leje nd\u00ebrtimi p\u00ebr nj\u00eb [&hellip;]<\/p>\n","protected":false,"gt_translate_keys":[{"key":"rendered","format":"html"}]},"author":51,"featured_media":378234,"comment_status":"open","ping_status":"open","sticky":false,"template":"","format":"standard","meta":{"footnotes":""},"categories":[65,13],"tags":[],"class_list":["post-378231","post","type-post","status-publish","format-standard","has-post-thumbnail","hentry","category-lajme","category-te-fundit"],"gt_translate_keys":[{"key":"link","format":"url"}],"_links":{"self":[{"href":"https:\/\/www.hashtag.al\/index.php\/wp-json\/wp\/v2\/posts\/378231","targetHints":{"allow":["GET"]}}],"collection":[{"href":"https:\/\/www.hashtag.al\/index.php\/wp-json\/wp\/v2\/posts"}],"about":[{"href":"https:\/\/www.hashtag.al\/index.php\/wp-json\/wp\/v2\/types\/post"}],"author":[{"embeddable":true,"href":"https:\/\/www.hashtag.al\/index.php\/wp-json\/wp\/v2\/users\/51"}],"replies":[{"embeddable":true,"href":"https:\/\/www.hashtag.al\/index.php\/wp-json\/wp\/v2\/comments?post=378231"}],"version-history":[{"count":0,"href":"https:\/\/www.hashtag.al\/index.php\/wp-json\/wp\/v2\/posts\/378231\/revisions"}],"wp:featuredmedia":[{"embeddable":true,"href":"https:\/\/www.hashtag.al\/index.php\/wp-json\/wp\/v2\/media\/378234"}],"wp:attachment":[{"href":"https:\/\/www.hashtag.al\/index.php\/wp-json\/wp\/v2\/media?parent=378231"}],"wp:term":[{"taxonomy":"category","embeddable":true,"href":"https:\/\/www.hashtag.al\/index.php\/wp-json\/wp\/v2\/categories?post=378231"},{"taxonomy":"post_tag","embeddable":true,"href":"https:\/\/www.hashtag.al\/index.php\/wp-json\/wp\/v2\/tags?post=378231"}],"curies":[{"name":"wp","href":"https:\/\/api.w.org\/{rel}","templated":true}]}}