{"id":378090,"date":"2020-06-03T08:12:21","date_gmt":"2020-06-03T06:12:21","guid":{"rendered":"https:\/\/hashtag.al\/?p=378090"},"modified":"2020-06-03T08:16:11","modified_gmt":"2020-06-03T06:16:11","slug":"vrasja-e-dy-biznesmeneve-ne-lac-gjykata-le-ne-arrest-me-burg-kreshnik-tushen","status":"publish","type":"post","link":"https:\/\/www.hashtag.al\/index.php\/2020\/06\/03\/vrasja-e-dy-biznesmeneve-ne-lac-gjykata-le-ne-arrest-me-burg-kreshnik-tushen\/","title":{"rendered":"Vrasja e dy biznesmen\u00ebve n\u00eb La\u00e7, gjykata l\u00eb n\u00eb &#8220;arrest me burg&#8221; Kreshnik Tush\u00ebn","gt_translate_keys":[{"key":"rendered","format":"text"}]},"content":{"rendered":"<p><span style=\"color: #000000;\"><a style=\"color: #000000;\" href=\"https:\/\/hashtag.al\/wp-content\/uploads\/2020\/06\/Atentati-Lac-Lika-e-Gjergji.jpg\"><img loading=\"lazy\" decoding=\"async\" class=\"aligncenter size-full wp-image-377897\" src=\"https:\/\/hashtag.al\/wp-content\/uploads\/2020\/06\/Atentati-Lac-Lika-e-Gjergji.jpg\" alt=\"\" width=\"3264\" height=\"2020\" srcset=\"https:\/\/www.hashtag.al\/wp-content\/uploads\/2020\/06\/Atentati-Lac-Lika-e-Gjergji.jpg 3264w, https:\/\/www.hashtag.al\/wp-content\/uploads\/2020\/06\/Atentati-Lac-Lika-e-Gjergji-300x186.jpg 300w, https:\/\/www.hashtag.al\/wp-content\/uploads\/2020\/06\/Atentati-Lac-Lika-e-Gjergji-768x475.jpg 768w, https:\/\/www.hashtag.al\/wp-content\/uploads\/2020\/06\/Atentati-Lac-Lika-e-Gjergji-1024x634.jpg 1024w\" sizes=\"auto, (max-width: 3264px) 100vw, 3264px\" \/><\/a><\/span><\/p>\n<p><span style=\"color: #000000;\">Gjykata e Kurbinit ka dh\u00ebn\u00eb mas\u00ebn e siguris\u00eb \u201carrest me burg\u201d p\u00ebr Kreshnik Tush\u00ebn, t\u00eb vetmin t\u00eb arrestuar lidhur me vrasjen e dy biznesmen\u00ebve n\u00eb La\u00e7.<\/span><\/p>\n<p><span style=\"color: #000000;\">Masa \u00ebsht\u00eb dh\u00ebn\u00eb mbr\u00ebmjen e kaluar e Tush\u00ebs I \u00ebsht\u00eb komunikimuar n\u00eb Spitalin e Traum\u00ebs, ku ndodhet i shtruar pasi ka mbetur i plagosur n\u00eb dit\u00ebn kur ndodhi ngjarja.<\/span><\/p>\n<p><span style=\"color: #000000;\">Prokuroria e akuzon Kreshnik Tush\u00ebn si nj\u00eb nga 4 autor\u00ebt q\u00eb ishin veshur si polic\u00eb dhe vran\u00eb Bujar Lik\u00ebn dhe Paulin Gjergjin. Por ai i mohon akuzat.<\/span><\/p>\n<p><span style=\"color: #000000;\">N\u00eb p\u00ebrplasjen me arm\u00eb t\u00eb s\u00eb shtun\u00ebs, hetuesit dyshojn\u00eb se ka mbetur i plagosur dhe i dyshuari i cili \u00ebsht\u00eb marr\u00eb me automjet nga dy persona t\u00eb tjer\u00eb, e m\u00eb pas jan\u00eb larguar p\u00ebrgjat\u00eb autostrad\u00ebs n\u00eb drejtim t\u00eb Milotit.<\/span><\/p>\n<p><span style=\"color: #000000;\">Pak minuta pas ngjarjes, Kreshnik Tusha u shfaq n\u00eb Urgjenc\u00ebn e Spitalit t\u00eb La\u00e7it me familjar\u00ebt, t\u00eb cil\u00ebt u than\u00eb mjek\u00ebve se djali ishte vet\u00ebplagosur me arm\u00eb zjarri n\u00eb sht\u00ebpi. Por policia ka dyshime t\u00eb forta se \u00ebsht\u00eb pik\u00ebrisht Tusha personi q\u00eb ka q\u00eblluar n\u00eb drejtim t\u00eb dy biznesmen\u00ebve dhe \u00ebsht\u00eb larguar i plagosur nga skena e krimit.<\/span><\/p>\n<p><span style=\"color: #000000;\">P\u00ebr k\u00ebt\u00eb arsye po analizohen njollat e gjakut n\u00eb sken\u00ebn e krimit, p\u00ebr t\u00eb par\u00eb n\u00ebse ka p\u00ebrputhje.<\/span><\/p>\n<p><span style=\"color: #000000;\">Paraprakisht dyshohet se ky atentat ka qen\u00eb i planifikuar dhe paguar nga persona t\u00eb tjer\u00eb, q\u00eb kan\u00eb konflikte me Bujar Hasanin dhe Paulin Gjergjin. Kjo p\u00ebr shkak t\u00eb skem\u00ebs dhe organizimit t\u00eb k\u00ebtij atentati, pasi autor\u00ebt kan\u00eb gjetur koh\u00ebn dhe vendin m\u00eb t\u00eb p\u00ebrshtatsh\u00ebm p\u00ebr t\u00eb vepruar.<\/span><\/p>\n","protected":false,"gt_translate_keys":[{"key":"rendered","format":"html"}]},"excerpt":{"rendered":"<p>Gjykata e Kurbinit ka dh\u00ebn\u00eb mas\u00ebn e siguris\u00eb \u201carrest me burg\u201d p\u00ebr Kreshnik Tush\u00ebn, t\u00eb vetmin t\u00eb arrestuar lidhur me vrasjen e dy biznesmen\u00ebve n\u00eb La\u00e7. Masa \u00ebsht\u00eb dh\u00ebn\u00eb mbr\u00ebmjen e kaluar e Tush\u00ebs I \u00ebsht\u00eb komunikimuar n\u00eb Spitalin e Traum\u00ebs, ku ndodhet i shtruar pasi ka mbetur i plagosur n\u00eb dit\u00ebn kur ndodhi ngjarja. [&hellip;]<\/p>\n","protected":false,"gt_translate_keys":[{"key":"rendered","format":"html"}]},"author":30,"featured_media":377897,"comment_status":"open","ping_status":"open","sticky":false,"template":"","format":"standard","meta":{"footnotes":""},"categories":[65,13],"tags":[],"class_list":["post-378090","post","type-post","status-publish","format-standard","has-post-thumbnail","hentry","category-lajme","category-te-fundit"],"gt_translate_keys":[{"key":"link","format":"url"}],"_links":{"self":[{"href":"https:\/\/www.hashtag.al\/index.php\/wp-json\/wp\/v2\/posts\/378090","targetHints":{"allow":["GET"]}}],"collection":[{"href":"https:\/\/www.hashtag.al\/index.php\/wp-json\/wp\/v2\/posts"}],"about":[{"href":"https:\/\/www.hashtag.al\/index.php\/wp-json\/wp\/v2\/types\/post"}],"author":[{"embeddable":true,"href":"https:\/\/www.hashtag.al\/index.php\/wp-json\/wp\/v2\/users\/30"}],"replies":[{"embeddable":true,"href":"https:\/\/www.hashtag.al\/index.php\/wp-json\/wp\/v2\/comments?post=378090"}],"version-history":[{"count":0,"href":"https:\/\/www.hashtag.al\/index.php\/wp-json\/wp\/v2\/posts\/378090\/revisions"}],"wp:featuredmedia":[{"embeddable":true,"href":"https:\/\/www.hashtag.al\/index.php\/wp-json\/wp\/v2\/media\/377897"}],"wp:attachment":[{"href":"https:\/\/www.hashtag.al\/index.php\/wp-json\/wp\/v2\/media?parent=378090"}],"wp:term":[{"taxonomy":"category","embeddable":true,"href":"https:\/\/www.hashtag.al\/index.php\/wp-json\/wp\/v2\/categories?post=378090"},{"taxonomy":"post_tag","embeddable":true,"href":"https:\/\/www.hashtag.al\/index.php\/wp-json\/wp\/v2\/tags?post=378090"}],"curies":[{"name":"wp","href":"https:\/\/api.w.org\/{rel}","templated":true}]}}