{"id":377768,"date":"2020-06-01T17:18:37","date_gmt":"2020-06-01T15:18:37","guid":{"rendered":"https:\/\/hashtag.al\/?p=377768"},"modified":"2020-06-01T17:18:37","modified_gmt":"2020-06-01T15:18:37","slug":"kosova-anulon-dezinfektimin-e-kamioneve-qe-hyjne-ne-territorin-e-saj","status":"publish","type":"post","link":"https:\/\/www.hashtag.al\/index.php\/2020\/06\/01\/kosova-anulon-dezinfektimin-e-kamioneve-qe-hyjne-ne-territorin-e-saj\/","title":{"rendered":"Kosova anulon dezinfektimin e kamion\u00ebve q\u00eb hyjn\u00eb n\u00eb territorin e saj","gt_translate_keys":[{"key":"rendered","format":"text"}]},"content":{"rendered":"<p><a href=\"https:\/\/hashtag.al\/index.php\/2020\/06\/01\/rama-shigjeton-kurtin-per-ndalimin-e-kamioneve-te-shqiperise-ne-kufi-bllokim-i-cuditshem\/kamionetkosove\/\" rel=\"attachment wp-att-377752\"><img loading=\"lazy\" decoding=\"async\" class=\"aligncenter size-full wp-image-377752\" src=\"https:\/\/hashtag.al\/wp-content\/uploads\/2020\/06\/kamionetkosove.jpg\" alt=\"\" width=\"720\" height=\"433\" srcset=\"https:\/\/www.hashtag.al\/wp-content\/uploads\/2020\/06\/kamionetkosove.jpg 720w, https:\/\/www.hashtag.al\/wp-content\/uploads\/2020\/06\/kamionetkosove-300x180.jpg 300w\" sizes=\"auto, (max-width: 720px) 100vw, 720px\" \/><\/a><\/p>\n<p><span style=\"color: #000000;\">Qeveria e Kosov\u00ebs ka pezulluar vendimin p\u00ebr dezinfektimin e kamion\u00ebve q\u00eb hyjn\u00eb n\u00eb territorin e saj. Vendimi \u00ebsht\u00eb publikuar n\u00eb faqen zyrtare t\u00eb Ministris\u00eb s\u00eb Brendshme t\u00eb Kosov\u00ebs n\u00eb Facebook.<\/span><\/p>\n<p><span style=\"color: #000000;\"> Ndalimi i kamion\u00ebve nga Shqip\u00ebria q\u00eb ndaloheshin p\u00ebr t\u2019u dezinfektuar para se t\u00eb hynin n\u00eb Kosov\u00eb, nj\u00eb proces q\u00eb kushtonte 22 euro u cek edhe nga kryeministri Rama, i cili e quajti bllokimin t\u00eb \u00e7uditsh\u00ebm.<\/span><\/p>\n<p><span style=\"color: #000000;\"><em>\u201cPezullohet kontrata p\u00ebr dezinfektimin e mauneve q\u00eb vijn\u00eb n\u00eb Republik\u00ebn e Kosov\u00ebs.\u00a0<\/em><\/span><span style=\"color: #000000;\"><em>Dezinfektimi i kamion\u00ebve parashihej n\u00eb kuad\u00ebr t\u00eb masave p\u00ebr luftimin e pandemis\u00eb s\u00eb COVID-19.\u00a0<\/em><\/span><span style=\"color: #000000;\"><em>Nga ky moment importuesit nuk kan\u00eb nevoj\u00eb t\u2019i dezinfektojn\u00eb maunet n\u00eb pikat kufitare.\u201d<\/em> \u2013 thuhet n\u00eb njoftimin e Ministris\u00eb s\u00eb Brendshme t\u00eb Kosov\u00ebs.<\/span><\/p>\n","protected":false,"gt_translate_keys":[{"key":"rendered","format":"html"}]},"excerpt":{"rendered":"<p>Qeveria e Kosov\u00ebs ka pezulluar vendimin p\u00ebr dezinfektimin e kamion\u00ebve q\u00eb hyjn\u00eb n\u00eb territorin e saj. Vendimi \u00ebsht\u00eb publikuar n\u00eb faqen zyrtare t\u00eb Ministris\u00eb s\u00eb Brendshme t\u00eb Kosov\u00ebs n\u00eb Facebook. Ndalimi i kamion\u00ebve nga Shqip\u00ebria q\u00eb ndaloheshin p\u00ebr t\u2019u dezinfektuar para se t\u00eb hynin n\u00eb Kosov\u00eb, nj\u00eb proces q\u00eb kushtonte 22 euro u cek edhe [&hellip;]<\/p>\n","protected":false,"gt_translate_keys":[{"key":"rendered","format":"html"}]},"author":51,"featured_media":377752,"comment_status":"open","ping_status":"open","sticky":false,"template":"","format":"standard","meta":{"footnotes":""},"categories":[149],"tags":[],"class_list":["post-377768","post","type-post","status-publish","format-standard","has-post-thumbnail","hentry","category-kosoverajon"],"gt_translate_keys":[{"key":"link","format":"url"}],"_links":{"self":[{"href":"https:\/\/www.hashtag.al\/index.php\/wp-json\/wp\/v2\/posts\/377768","targetHints":{"allow":["GET"]}}],"collection":[{"href":"https:\/\/www.hashtag.al\/index.php\/wp-json\/wp\/v2\/posts"}],"about":[{"href":"https:\/\/www.hashtag.al\/index.php\/wp-json\/wp\/v2\/types\/post"}],"author":[{"embeddable":true,"href":"https:\/\/www.hashtag.al\/index.php\/wp-json\/wp\/v2\/users\/51"}],"replies":[{"embeddable":true,"href":"https:\/\/www.hashtag.al\/index.php\/wp-json\/wp\/v2\/comments?post=377768"}],"version-history":[{"count":0,"href":"https:\/\/www.hashtag.al\/index.php\/wp-json\/wp\/v2\/posts\/377768\/revisions"}],"wp:featuredmedia":[{"embeddable":true,"href":"https:\/\/www.hashtag.al\/index.php\/wp-json\/wp\/v2\/media\/377752"}],"wp:attachment":[{"href":"https:\/\/www.hashtag.al\/index.php\/wp-json\/wp\/v2\/media?parent=377768"}],"wp:term":[{"taxonomy":"category","embeddable":true,"href":"https:\/\/www.hashtag.al\/index.php\/wp-json\/wp\/v2\/categories?post=377768"},{"taxonomy":"post_tag","embeddable":true,"href":"https:\/\/www.hashtag.al\/index.php\/wp-json\/wp\/v2\/tags?post=377768"}],"curies":[{"name":"wp","href":"https:\/\/api.w.org\/{rel}","templated":true}]}}