{"id":377472,"date":"2020-05-31T13:17:29","date_gmt":"2020-05-31T11:17:29","guid":{"rendered":"https:\/\/hashtag.al\/?p=377472"},"modified":"2020-05-31T13:22:10","modified_gmt":"2020-05-31T11:22:10","slug":"rama-shkruan-ne-le-monde-per-teatrin-informacioni-i-cunguar-kthehet-ne-nje-genjeshter-te-madhe","status":"publish","type":"post","link":"https:\/\/www.hashtag.al\/index.php\/2020\/05\/31\/rama-shkruan-ne-le-monde-per-teatrin-informacioni-i-cunguar-kthehet-ne-nje-genjeshter-te-madhe\/","title":{"rendered":"Rama shkruan n\u00eb &#8220;Le Monde&#8221; p\u00ebr Teatrin: Informacioni i cunguar kthehet n\u00eb nj\u00eb g\u00ebnjesht\u00ebr t\u00eb madhe","gt_translate_keys":[{"key":"rendered","format":"text"}]},"content":{"rendered":"<p><a href=\"https:\/\/hashtag.al\/wp-content\/uploads\/2019\/03\/ramateatri1.jpg\"><img loading=\"lazy\" decoding=\"async\" class=\"aligncenter size-full wp-image-280804\" src=\"https:\/\/hashtag.al\/wp-content\/uploads\/2019\/03\/ramateatri1.jpg\" alt=\"\" width=\"2000\" height=\"1000\" srcset=\"https:\/\/www.hashtag.al\/wp-content\/uploads\/2019\/03\/ramateatri1.jpg 2000w, https:\/\/www.hashtag.al\/wp-content\/uploads\/2019\/03\/ramateatri1-300x150.jpg 300w, https:\/\/www.hashtag.al\/wp-content\/uploads\/2019\/03\/ramateatri1-768x384.jpg 768w, https:\/\/www.hashtag.al\/wp-content\/uploads\/2019\/03\/ramateatri1-1024x512.jpg 1024w\" sizes=\"auto, (max-width: 2000px) 100vw, 2000px\" \/><\/a><\/p>\n<p><span style=\"color: #000000;\">Kryeministri Edi Rama ka publikuar nj\u00eb <span style=\"color: #0000ff;\"><a style=\"color: #0000ff;\" href=\"https:\/\/www.lemonde.fr\/idees\/article\/2020\/05\/31\/edi-rama-une-information-tronquee-se-transforme-inevitablement-en-un-grand-mensonge_6041317_3232.html\">shkrim<\/a> <\/span>n\u00eb gazet\u00ebn franceze \u201cLe Monde\u201d, ku flet p\u00ebr shembjen e Teatrit Komb\u00ebtar.<\/span><\/p>\n<p><span style=\"color: #000000;\">\u201cInformacioni i cunguar n\u00eb m\u00ebnyr\u00eb t\u00eb pashmangshme shnd\u00ebrrohet n\u00eb nj\u00eb g\u00ebnjesht\u00ebr t\u00eb madhe \u201d- ky \u00ebsht\u00eb titulli q\u00eb Rama ka zgjedhur p\u00ebr shkrimin e tij.<\/span><\/p>\n<p>Rama shkruan se si <span style=\"color: #000000;\">agjencia komb\u00ebtare shqiptare p\u00ebrgjegj\u00ebse p\u00ebr inspektimin e nd\u00ebrtes\u00ebs, kishte p\u00ebrs\u00ebritur disa her\u00eb se kjo nd\u00ebrtes\u00eb nuk ishte m\u00eb e sigurt dhe duhej t\u00eb evakuohej dhe prishej. Se si k\u00ebshilli bashkiak e mori k\u00ebt\u00eb vendim, e kur prishja kishte nisur disa parti politike shpejt organizuan nj\u00eb demonstrim.<\/span><\/p>\n<p><span style=\"color: #000000;\">Por Rama la pa p\u00ebrmendur protestat mbi 2-vje\u00e7are t\u00eb Aleanc\u00ebs p\u00ebr Mbrojtjen e Teatrit, videot e dhun\u00ebs s\u00eb polic\u00ebve ndaj protestuesve q\u00eb u b\u00ebn\u00eb virale n\u00eb rrjet, dhe akuzave t\u00eb artist\u00ebve se shembja nisi kur brenda kishte ende njer\u00ebz.<\/span><\/p>\n<p><strong><span style=\"color: #000000;\">Shkrimi i Ram\u00ebs p\u00ebr \u201cLe Monde\u201d:<\/span><\/strong><\/p>\n<p><span style=\"color: #000000;\"><em>\u201cBudallall\u00ebku dhe men\u00e7uria ngjiten kollaj, nj\u00ebsoj si s\u00ebmundjet infektive, prandaj zgjidhini me kujdes ata q\u00eb d\u00ebgjoni\u201d<\/em>, shkroi William Shakespeare.<\/span><br \/>\n<span style=\"color: #000000;\"><em>\u201cPra, zgjidhni miqt\u00eb tuaj me kujdes\u201d<\/em>, shtoi ai. Dikush pyes veten se \u00e7far\u00eb do t\u00eb mendonte Shekspiri, virtuozi i madh i teatrit p\u00ebr k\u00ebt\u00eb fenomen t\u00eb mjeruesh\u00ebm q\u00eb ne e quajm\u00eb sot dezinformim dhe epidemin\u00eb e t\u00eb pav\u00ebrtetave.<\/span><\/p>\n<p><span style=\"color: #000000;\">K\u00ebshtu q\u00eb ai do t\u00eb shqet\u00ebsohej p\u00ebr t\u00eb par\u00eb se sa g\u00ebnjeshtra dhe lajme t\u00eb cunguara po p\u00ebrhapen n\u00eb bot\u00ebn ton\u00eb sot, duke k\u00ebrkuar q\u00eb e v\u00ebrteta s\u00eb pari t\u00eb t\u00ebrhiqet p\u00ebrmes balt\u00ebs p\u00ebrpara se t\u00eb shfaqej dhe pastaj t\u00eb pushtonte, nd\u00ebrsa faktet m\u00eb pas duhet t\u2019i n\u00ebnshtrohen nj\u00eb kalimi t\u00eb gjat\u00eb t\u00eb shkret\u00ebtir\u00ebs p\u00ebrpara se t\u00eb arrinin n\u00eb m\u00ebnyr\u00eb t\u00eb sigurt.<\/span><\/p>\n<p><span style=\"color: #000000;\">N\u00eb maj t\u00eb vitit 2020, K\u00ebshilli Bashkiak i Tiran\u00ebs urdh\u00ebroi nj\u00ebz\u00ebri shkat\u00ebrrimin e nd\u00ebrtes\u00ebs s\u00eb ish Teatrit Komb\u00ebtar n\u00eb Tiran\u00eb, pas deklaratave t\u00eb p\u00ebrs\u00ebritura p\u00ebr nj\u00eb koh\u00eb t\u00eb gjat\u00eb nga agjencia komb\u00ebtare shqiptare p\u00ebrgjegj\u00ebse p\u00ebr inspektimin e nd\u00ebrtes\u00ebs, sipas t\u00eb cilit kjo nd\u00ebrtes\u00eb nuk ishte m\u00eb e sigurt dhe m\u00eb pas duhej t\u00eb evakuohej dhe prishej, duke i hapur k\u00ebshtu rrug\u00ebn nd\u00ebrtimit t\u00eb nj\u00eb teatri t\u00eb ri komb\u00ebtar n\u00eb t\u00eb nj\u00ebjtin vend.<\/span><\/p>\n<p><strong><span style=\"color: #000000;\">Nj\u00eb kompleks i nd\u00ebrtuar n\u00eb 1939<\/span><\/strong><\/p>\n<p><span style=\"color: #000000;\">Nd\u00ebrsa tashm\u00eb kishte filluar puna e prishjes, disa parti politike shpejt organizuan nj\u00eb demonstrim, i cili p\u00ebr fat t\u00eb keq u p\u00ebrshkall\u00ebzua, duke \u00e7uar n\u00eb shtrimin n\u00eb spital t\u00eb dy oficer\u00ebve t\u00eb policis\u00eb. Asnj\u00eb nga protestuesit nuk u plagos. Kritik\u00ebt e projektit t\u00eb ri, n\u00eb realitet mjaft t\u00eb pakt\u00eb n\u00eb num\u00ebr, na akuzuan p\u00ebr fshirjen e nj\u00eb elementi jetik t\u00eb trash\u00ebgimis\u00eb komb\u00ebtare dhe historis\u00eb kulturore.<\/span><br \/>\n<span style=\"color: #000000;\">Ky \u00ebsht\u00eb edhe nj\u00eb ilustrim i p\u00ebrsosur q\u00eb tregon se si informacioni i cunguar n\u00eb m\u00ebnyr\u00eb t\u00eb pashmangshme shnd\u00ebrrohet n\u00eb nj\u00eb g\u00ebnjesht\u00ebr t\u00eb madhe, duke i shtuar k\u00ebsaj fatkeq\u00ebsin\u00eb e bot\u00ebs, si\u00e7 tha Albert Camy aq mir\u00eb.<\/span><br \/>\n<span style=\"color: #000000;\">Sipas ekspert\u00ebve t\u00eb trash\u00ebgimis\u00eb, t\u00eb cil\u00ebt jan\u00eb shprehur me kalimin e koh\u00ebs sa her\u00eb q\u00eb ky argument kthehet n\u00eb rendin e dit\u00ebs, nuk kishte absolutisht asgj\u00eb jetike p\u00ebr k\u00ebt\u00eb struktur\u00eb t\u00eb shkat\u00ebrruar, t\u00eb nd\u00ebrtuar n\u00eb 1939 si nj\u00eb vend arg\u00ebtimi p\u00ebr forcat okupuese italiane q\u00eb jetojn\u00eb n\u00eb Tiran\u00eb gjat\u00eb luft\u00ebs s\u00eb dyt\u00eb bot\u00ebrore.<\/span><\/p>\n","protected":false,"gt_translate_keys":[{"key":"rendered","format":"html"}]},"excerpt":{"rendered":"<p>Kryeministri Edi Rama ka publikuar nj\u00eb shkrim n\u00eb gazet\u00ebn franceze \u201cLe Monde\u201d, ku flet p\u00ebr shembjen e Teatrit Komb\u00ebtar. \u201cInformacioni i cunguar n\u00eb m\u00ebnyr\u00eb t\u00eb pashmangshme shnd\u00ebrrohet n\u00eb nj\u00eb g\u00ebnjesht\u00ebr t\u00eb madhe \u201d- ky \u00ebsht\u00eb titulli q\u00eb Rama ka zgjedhur p\u00ebr shkrimin e tij. Rama shkruan se si agjencia komb\u00ebtare shqiptare p\u00ebrgjegj\u00ebse p\u00ebr inspektimin e [&hellip;]<\/p>\n","protected":false,"gt_translate_keys":[{"key":"rendered","format":"html"}]},"author":30,"featured_media":280803,"comment_status":"open","ping_status":"open","sticky":false,"template":"","format":"standard","meta":{"footnotes":""},"categories":[65,13],"tags":[],"class_list":["post-377472","post","type-post","status-publish","format-standard","has-post-thumbnail","hentry","category-lajme","category-te-fundit"],"gt_translate_keys":[{"key":"link","format":"url"}],"_links":{"self":[{"href":"https:\/\/www.hashtag.al\/index.php\/wp-json\/wp\/v2\/posts\/377472","targetHints":{"allow":["GET"]}}],"collection":[{"href":"https:\/\/www.hashtag.al\/index.php\/wp-json\/wp\/v2\/posts"}],"about":[{"href":"https:\/\/www.hashtag.al\/index.php\/wp-json\/wp\/v2\/types\/post"}],"author":[{"embeddable":true,"href":"https:\/\/www.hashtag.al\/index.php\/wp-json\/wp\/v2\/users\/30"}],"replies":[{"embeddable":true,"href":"https:\/\/www.hashtag.al\/index.php\/wp-json\/wp\/v2\/comments?post=377472"}],"version-history":[{"count":0,"href":"https:\/\/www.hashtag.al\/index.php\/wp-json\/wp\/v2\/posts\/377472\/revisions"}],"wp:featuredmedia":[{"embeddable":true,"href":"https:\/\/www.hashtag.al\/index.php\/wp-json\/wp\/v2\/media\/280803"}],"wp:attachment":[{"href":"https:\/\/www.hashtag.al\/index.php\/wp-json\/wp\/v2\/media?parent=377472"}],"wp:term":[{"taxonomy":"category","embeddable":true,"href":"https:\/\/www.hashtag.al\/index.php\/wp-json\/wp\/v2\/categories?post=377472"},{"taxonomy":"post_tag","embeddable":true,"href":"https:\/\/www.hashtag.al\/index.php\/wp-json\/wp\/v2\/tags?post=377472"}],"curies":[{"name":"wp","href":"https:\/\/api.w.org\/{rel}","templated":true}]}}