{"id":377270,"date":"2020-05-30T16:15:44","date_gmt":"2020-05-30T14:15:44","guid":{"rendered":"https:\/\/hashtag.al\/?p=377270"},"modified":"2020-05-30T16:15:44","modified_gmt":"2020-05-30T14:15:44","slug":"zvicra-lejon-nga-sot-edhe-tubimet-deri-ne-30-persona","status":"publish","type":"post","link":"https:\/\/www.hashtag.al\/index.php\/2020\/05\/30\/zvicra-lejon-nga-sot-edhe-tubimet-deri-ne-30-persona\/","title":{"rendered":"Zvicra lejon nga sot edhe tubimet deri n\u00eb 30 persona","gt_translate_keys":[{"key":"rendered","format":"text"}]},"content":{"rendered":"<p><img loading=\"lazy\" decoding=\"async\" class=\"aligncenter size-full wp-image-377274\" src=\"https:\/\/hashtag.al\/wp-content\/uploads\/2020\/05\/swisterland.jpg\" alt=\"\" width=\"700\" height=\"394\" srcset=\"https:\/\/www.hashtag.al\/wp-content\/uploads\/2020\/05\/swisterland.jpg 700w, https:\/\/www.hashtag.al\/wp-content\/uploads\/2020\/05\/swisterland-300x169.jpg 300w\" sizes=\"auto, (max-width: 700px) 100vw, 700px\" \/><\/p>\n<p><span style=\"color: #000000;\">N\u00eb Zvic\u00ebr duke nisur nga sot, p\u00ebrve\u00e7 leht\u00ebsimit t\u00eb m\u00ebtejsh\u00ebm t\u00eb masave shtr\u00ebnguese p\u00ebr shkak t\u00eb epidemis\u00eb, autoritetet do t\u00eb lejojn\u00eb edhe tubimin e njer\u00ebzve por deri n\u00eb 30 persona.<\/span><\/p>\n<p><span style=\"color: #000000;\">Pavar\u00ebsisht k\u00ebtij leht\u00ebsimi, deri n\u00eb 6 qershor nuk do t\u00eb lejohen m\u00eb shum\u00eb se 4 persona n\u00eb nj\u00eb tavolin\u00eb lokali apo restoranti.<\/span><\/p>\n<p><span style=\"color: #000000;\">Stefan Bl\u00e4ttler, kryetar i Konferenc\u00ebs s\u00eb Drejtor\u00ebve t\u00eb Policive Kantonale deklaroi p\u00ebr gazet\u00ebn \u201cBund\u201d se kjo do t\u00eb b\u00ebhet me \u201ctakt dhe ndjeshm\u00ebri\u201d.<\/span><\/p>\n<p><span style=\"color: #000000;\">\u201cPolicia me siguri nuk do t\u00eb num\u00ebroj\u00eb njer\u00ebzit dhe as t\u00eb shp\u00ebrndaj\u00eb gjoba kudo n\u00eb hap\u00ebsir\u00ebn publike. Kjo do t\u00eb ishte disproporcionale me gjendjen\u201d, tha ai.<\/span><\/p>\n","protected":false,"gt_translate_keys":[{"key":"rendered","format":"html"}]},"excerpt":{"rendered":"<p>N\u00eb Zvic\u00ebr duke nisur nga sot, p\u00ebrve\u00e7 leht\u00ebsimit t\u00eb m\u00ebtejsh\u00ebm t\u00eb masave shtr\u00ebnguese p\u00ebr shkak t\u00eb epidemis\u00eb, autoritetet do t\u00eb lejojn\u00eb edhe tubimin e njer\u00ebzve por deri n\u00eb 30 persona. Pavar\u00ebsisht k\u00ebtij leht\u00ebsimi, deri n\u00eb 6 qershor nuk do t\u00eb lejohen m\u00eb shum\u00eb se 4 persona n\u00eb nj\u00eb tavolin\u00eb lokali apo restoranti. Stefan Bl\u00e4ttler, kryetar [&hellip;]<\/p>\n","protected":false,"gt_translate_keys":[{"key":"rendered","format":"html"}]},"author":32,"featured_media":377274,"comment_status":"open","ping_status":"open","sticky":false,"template":"","format":"standard","meta":{"footnotes":""},"categories":[6,13],"tags":[],"class_list":["post-377270","post","type-post","status-publish","format-standard","has-post-thumbnail","hentry","category-nderkombetare","category-te-fundit"],"gt_translate_keys":[{"key":"link","format":"url"}],"_links":{"self":[{"href":"https:\/\/www.hashtag.al\/index.php\/wp-json\/wp\/v2\/posts\/377270","targetHints":{"allow":["GET"]}}],"collection":[{"href":"https:\/\/www.hashtag.al\/index.php\/wp-json\/wp\/v2\/posts"}],"about":[{"href":"https:\/\/www.hashtag.al\/index.php\/wp-json\/wp\/v2\/types\/post"}],"author":[{"embeddable":true,"href":"https:\/\/www.hashtag.al\/index.php\/wp-json\/wp\/v2\/users\/32"}],"replies":[{"embeddable":true,"href":"https:\/\/www.hashtag.al\/index.php\/wp-json\/wp\/v2\/comments?post=377270"}],"version-history":[{"count":0,"href":"https:\/\/www.hashtag.al\/index.php\/wp-json\/wp\/v2\/posts\/377270\/revisions"}],"wp:featuredmedia":[{"embeddable":true,"href":"https:\/\/www.hashtag.al\/index.php\/wp-json\/wp\/v2\/media\/377274"}],"wp:attachment":[{"href":"https:\/\/www.hashtag.al\/index.php\/wp-json\/wp\/v2\/media?parent=377270"}],"wp:term":[{"taxonomy":"category","embeddable":true,"href":"https:\/\/www.hashtag.al\/index.php\/wp-json\/wp\/v2\/categories?post=377270"},{"taxonomy":"post_tag","embeddable":true,"href":"https:\/\/www.hashtag.al\/index.php\/wp-json\/wp\/v2\/tags?post=377270"}],"curies":[{"name":"wp","href":"https:\/\/api.w.org\/{rel}","templated":true}]}}