{"id":377258,"date":"2020-05-30T15:40:09","date_gmt":"2020-05-30T13:40:09","guid":{"rendered":"https:\/\/hashtag.al\/?p=377258"},"modified":"2020-05-30T15:47:02","modified_gmt":"2020-05-30T13:47:02","slug":"vrasja-e-afro-amerikanit-ish-miss-minnesota-i-kerkon-divorcin-policit","status":"publish","type":"post","link":"https:\/\/www.hashtag.al\/index.php\/2020\/05\/30\/vrasja-e-afro-amerikanit-ish-miss-minnesota-i-kerkon-divorcin-policit\/","title":{"rendered":"Vrasja e afro-amerikanit, ish-Miss Minnesota i k\u00ebrkon divorcin policit","gt_translate_keys":[{"key":"rendered","format":"text"}]},"content":{"rendered":"<p><a href=\"https:\/\/hashtag.al\/wp-content\/uploads\/2020\/05\/Polici-ish-missi.png\"><img loading=\"lazy\" decoding=\"async\" class=\"aligncenter size-full wp-image-377259\" src=\"https:\/\/hashtag.al\/wp-content\/uploads\/2020\/05\/Polici-ish-missi.png\" alt=\"\" width=\"1154\" height=\"650\" srcset=\"https:\/\/www.hashtag.al\/wp-content\/uploads\/2020\/05\/Polici-ish-missi.png 1154w, https:\/\/www.hashtag.al\/wp-content\/uploads\/2020\/05\/Polici-ish-missi-300x169.png 300w, https:\/\/www.hashtag.al\/wp-content\/uploads\/2020\/05\/Polici-ish-missi-768x433.png 768w, https:\/\/www.hashtag.al\/wp-content\/uploads\/2020\/05\/Polici-ish-missi-1024x577.png 1024w\" sizes=\"auto, (max-width: 1154px) 100vw, 1154px\" \/><\/a><\/p>\n<p><span style=\"color: #000000;\">Derek Chauvin, efektivi i cili akuzohet p\u00ebr vrasjen e afro-amerikanit George Floyd duke u b\u00ebr\u00eb shkak p\u00ebr shp\u00ebrthimin e revoltave n\u00eb SHBA, tani po p\u00ebrballet edhe me braktisjen nga bashk\u00ebshortja.<\/span><\/p>\n<p><span style=\"color: #000000;\">Bashk\u00ebshortja e policit t\u00eb arrestuar \u00ebsht\u00eb Kellie Chauvin, ish-miss Minnesota. Avokati I saj than \u00eb nj\u00eb deklarat\u00eb p\u00ebr median, se Kellie i ka k\u00ebrkuar bashk\u00ebshortit divorcing.<\/span><\/p>\n<p><span style=\"color: #000000;\"><em>\u00a0\u201cK\u00ebt\u00eb mbr\u00ebmje, un\u00eb fola me Kellie Chauvin dhe familjen e saj. Ajo \u00ebsht\u00eb shkat\u00ebrruar nga vdekja e zotit Floyd dhe mendimet e saj jan\u00eb p\u00ebr familjen dhe t\u00eb dashurit e tij q\u00eb jan\u00eb t\u00eb hidh\u00ebruar nga kjo tragjedi. Ajo ka b\u00ebr\u00eb k\u00ebrkes\u00eb p\u00ebr zgjidhjen e martes\u00ebs s\u00eb saj me Derek Chauvin\u201d<\/em>&#8211; tha avokati, citon <span style=\"color: #0000ff;\"><a style=\"color: #0000ff;\" href=\"https:\/\/www.dailymail.co.uk\/news\/article-8371633\/Wife-Minneapolis-cop-Derek-Chauvin-files-DIVORCE-day-hes-charged-George-Floyds-murder.html\">Daily Mail<\/a><\/span>.<\/span><\/p>\n<p><span style=\"color: #000000;\">Ai theksoi se Kellie k\u00ebrkon siguri dhe privat\u00ebsi p\u00ebr familjen dhe prind\u00ebrit e saj, n\u00eb k\u00ebt\u00eb periudh\u00eb t\u00eb trazuar. \u00c7ifti nuk kan\u00eb f\u00ebmij\u00eb bashk\u00eb, nd\u00ebrsa ish-missi ka tre f\u00ebmij\u00eb nga martesa e m\u00ebparshme.<\/span><\/p>\n<p><span style=\"color: #000000;\">Kujtojm\u00eb q\u00eb efektivi i policis\u00eb Derek Chauvin s\u00eb bashku me tre koleg\u00eb t\u00eb tij, arrestoi 46-vje\u00e7arin George Floyd dhe m\u00eb pas i vendosi gjurin n\u00eb pjes\u00ebn e qaf\u00ebs, duke i bllokuar frym\u00ebmarrjen. Gj\u00eb q\u00eb solli dhe vdekjen e tij.<\/span><\/p>\n<p><span style=\"color: #000000;\">Pas ngjarjes e cila u kap edhe n\u00eb kamera, 44-vje\u00e7ari Derek Chauvin, u mor n\u00eb paraburgim t\u00eb premten dhe u akuzua p\u00ebr vrasje t\u00eb shkall\u00ebs s\u00eb tret\u00eb.<\/span><\/p>\n<p><span style=\"color: #000000;\">Arrestimi vjen pas disa dit\u00eb protestash dhe trazirash n\u00eb mbar\u00eb vendin.<\/span><\/p>\n","protected":false,"gt_translate_keys":[{"key":"rendered","format":"html"}]},"excerpt":{"rendered":"<p>Derek Chauvin, efektivi i cili akuzohet p\u00ebr vrasjen e afro-amerikanit George Floyd duke u b\u00ebr\u00eb shkak p\u00ebr shp\u00ebrthimin e revoltave n\u00eb SHBA, tani po p\u00ebrballet edhe me braktisjen nga bashk\u00ebshortja. Bashk\u00ebshortja e policit t\u00eb arrestuar \u00ebsht\u00eb Kellie Chauvin, ish-miss Minnesota. Avokati I saj than \u00eb nj\u00eb deklarat\u00eb p\u00ebr median, se Kellie i ka k\u00ebrkuar bashk\u00ebshortit [&hellip;]<\/p>\n","protected":false,"gt_translate_keys":[{"key":"rendered","format":"html"}]},"author":30,"featured_media":377259,"comment_status":"open","ping_status":"open","sticky":false,"template":"","format":"standard","meta":{"footnotes":""},"categories":[6,13],"tags":[],"class_list":["post-377258","post","type-post","status-publish","format-standard","has-post-thumbnail","hentry","category-nderkombetare","category-te-fundit"],"gt_translate_keys":[{"key":"link","format":"url"}],"_links":{"self":[{"href":"https:\/\/www.hashtag.al\/index.php\/wp-json\/wp\/v2\/posts\/377258","targetHints":{"allow":["GET"]}}],"collection":[{"href":"https:\/\/www.hashtag.al\/index.php\/wp-json\/wp\/v2\/posts"}],"about":[{"href":"https:\/\/www.hashtag.al\/index.php\/wp-json\/wp\/v2\/types\/post"}],"author":[{"embeddable":true,"href":"https:\/\/www.hashtag.al\/index.php\/wp-json\/wp\/v2\/users\/30"}],"replies":[{"embeddable":true,"href":"https:\/\/www.hashtag.al\/index.php\/wp-json\/wp\/v2\/comments?post=377258"}],"version-history":[{"count":0,"href":"https:\/\/www.hashtag.al\/index.php\/wp-json\/wp\/v2\/posts\/377258\/revisions"}],"wp:featuredmedia":[{"embeddable":true,"href":"https:\/\/www.hashtag.al\/index.php\/wp-json\/wp\/v2\/media\/377259"}],"wp:attachment":[{"href":"https:\/\/www.hashtag.al\/index.php\/wp-json\/wp\/v2\/media?parent=377258"}],"wp:term":[{"taxonomy":"category","embeddable":true,"href":"https:\/\/www.hashtag.al\/index.php\/wp-json\/wp\/v2\/categories?post=377258"},{"taxonomy":"post_tag","embeddable":true,"href":"https:\/\/www.hashtag.al\/index.php\/wp-json\/wp\/v2\/tags?post=377258"}],"curies":[{"name":"wp","href":"https:\/\/api.w.org\/{rel}","templated":true}]}}