{"id":376970,"date":"2020-05-29T13:00:49","date_gmt":"2020-05-29T11:00:49","guid":{"rendered":"https:\/\/hashtag.al\/?p=376970"},"modified":"2020-05-29T12:45:52","modified_gmt":"2020-05-29T10:45:52","slug":"shperthimi-i-infeksionit-ne-spital-spahia-nuk-jane-respektuar-masat-a-duhet-zbatuar-kodi-penal-per-ministren","status":"publish","type":"post","link":"https:\/\/www.hashtag.al\/index.php\/2020\/05\/29\/shperthimi-i-infeksionit-ne-spital-spahia-nuk-jane-respektuar-masat-a-duhet-zbatuar-kodi-penal-per-ministren\/","title":{"rendered":"Shp\u00ebrthimi i infeksionit n\u00eb spital, Spahia: Nuk jan\u00eb respektuar masat. A duhet zbatuar kodi penal p\u00ebr ministren?","gt_translate_keys":[{"key":"rendered","format":"text"}]},"content":{"rendered":"<p><img loading=\"lazy\" decoding=\"async\" class=\"aligncenter size-full wp-image-319581\" src=\"https:\/\/hashtag.al\/wp-content\/uploads\/2019\/09\/spahiamanasitrliu.jpg\" alt=\"\" width=\"2000\" height=\"1000\" srcset=\"https:\/\/www.hashtag.al\/wp-content\/uploads\/2019\/09\/spahiamanasitrliu.jpg 2000w, https:\/\/www.hashtag.al\/wp-content\/uploads\/2019\/09\/spahiamanasitrliu-300x150.jpg 300w, https:\/\/www.hashtag.al\/wp-content\/uploads\/2019\/09\/spahiamanasitrliu-768x384.jpg 768w, https:\/\/www.hashtag.al\/wp-content\/uploads\/2019\/09\/spahiamanasitrliu-1024x512.jpg 1024w\" sizes=\"auto, (max-width: 2000px) 100vw, 2000px\" \/><\/p>\n<p><span style=\"color: #000000;\">Ish-deputeti i Partis\u00eb Demokratike, Bardh Spahia ka reaguar lidhur me shp\u00ebrthimin e rasteve me koronavirus n\u00eb QSUT.<\/span><\/p>\n<p><span style=\"color: #000000;\">Spahia b\u00ebn me p\u00ebrgjegj\u00ebsi Ministren e Sh\u00ebndet\u00ebsis\u00eb, Ogerta Manastirliu p\u00ebr situat\u00ebn e krijuar n\u00eb spitale dhe qendra sh\u00ebndet\u00ebsore.<\/span><\/p>\n<p><span style=\"color: #000000;\">Sipas tij, e gjith\u00eb kjo tregon sa i pambrojtur \u00ebsht\u00eb stafi mjek\u00ebsor dhe sa t\u00eb rrezikuar jan\u00eb pacient\u00ebt.<\/span><\/p>\n<p><span style=\"color: #000000;\"><strong>Postimi i plot\u00eb:<\/strong><\/span><\/p>\n<p><span style=\"color: #000000;\">23 t\u00eb infektuar t\u00eb rinj sot dhe ajo q\u00eb nuk thuhet \u00ebsht\u00eb se nj\u00eb vat\u00ebr infeksioni po zgjerohet n\u00eb Tiran\u00eb, ajo e institucioneve sh\u00ebndet\u00ebsore publike. Pas QSUT, jan\u00eb 2 mjek\u00eb q\u00eb rezultojn\u00eb t\u00eb prekur me Covid n\u00eb Qendr\u00ebn Sh\u00ebndet\u00ebsore nr.9, t\u00eb infektuar nga pacient\u00ebt. Kjo tregon se sa i pambrojtur \u00ebsht\u00eb personeli sh\u00ebndet\u00ebsor n\u00eb vend, e sa t\u00eb rrezikuar jan\u00eb pacient\u00ebt, q\u00eb mund t\u00eb infektohen nga vet\u00eb mjek\u00eb t\u00eb prekur nga Covid!!!<\/span><\/p>\n<p><span style=\"color: #000000;\">Kjo t\u00eb pakt\u00ebn sipas shifrave q\u00eb publikon qeveria! Dhe fajin nuk e kan\u00eb qytetar\u00ebt, por e vetmja p\u00ebrgjegj\u00ebse \u00ebsht\u00eb vet\u00eb qeveria. Pas rasteve t\u00eb fundit n\u00eb QSUT e tani edhe n\u00eb Qendr\u00ebn Sh\u00ebndet\u00ebsore nr.9, duksh\u00ebm qeveria q\u00eb ka miratuar masa drastike deri n\u00eb burgosje p\u00ebr shkel\u00ebsit e rregullave t\u00eb distancimit social, nuk e ka car\u00eb kok\u00ebn p\u00ebr to n\u00eb institucionet publike t\u00eb kujdesit sh\u00ebndet\u00ebsor!!! Pra rregullat dhe burgu p\u00ebr qytetar\u00ebt, por jo p\u00ebr vet\u00eb ministrin\u00eb e sh\u00ebndet\u00ebsis\u00eb t\u00eb par\u00ebn, e cila q\u00ebllimsh\u00ebm apo nga injoranca ka neglizhuar vet\u00eb zbatimin e rregullave!<\/span><\/p>\n<p><span style=\"color: #000000;\">Zonja ministre, cfar\u00eb je duke b\u00ebr\u00eb ? Si mund t\u00eb shnd\u00ebrrohen n\u00eb vatra infeksioni spitalet apo qendrat sh\u00ebndet\u00ebsore ? Si mund t\u00eb mos zbatosh vet\u00eb rregullat, q\u00eb i vendos p\u00ebr t\u00eb tjer\u00ebt ? A nuk i detyron edhe dentist\u00ebt q\u00eb t\u00eb investojn\u00eb p\u00ebr t\u00eb patur supermbrojtje n\u00eb pun\u00ebn me pacientin(dhe mir\u00eb b\u00ebn), por pse dreqin nuk e b\u00ebn vet\u00eb n\u00eb institucionet publike ? Sipas ndryshimeve q\u00eb vet\u00eb ke propozuar n\u00eb kodin penal, je p\u00ebrgjegj\u00ebse p\u00ebr p\u00ebrhapjen e virusit, minimumi p\u00ebr neglizhenc\u00eb kriminale!<\/span><\/p>\n<p>&nbsp;<\/p>\n","protected":false,"gt_translate_keys":[{"key":"rendered","format":"html"}]},"excerpt":{"rendered":"<p>Ish-deputeti i Partis\u00eb Demokratike, Bardh Spahia ka reaguar lidhur me shp\u00ebrthimin e rasteve me koronavirus n\u00eb QSUT. Spahia b\u00ebn me p\u00ebrgjegj\u00ebsi Ministren e Sh\u00ebndet\u00ebsis\u00eb, Ogerta Manastirliu p\u00ebr situat\u00ebn e krijuar n\u00eb spitale dhe qendra sh\u00ebndet\u00ebsore. Sipas tij, e gjith\u00eb kjo tregon sa i pambrojtur \u00ebsht\u00eb stafi mjek\u00ebsor dhe sa t\u00eb rrezikuar jan\u00eb pacient\u00ebt. Postimi i [&hellip;]<\/p>\n","protected":false,"gt_translate_keys":[{"key":"rendered","format":"html"}]},"author":32,"featured_media":319581,"comment_status":"open","ping_status":"open","sticky":false,"template":"","format":"standard","meta":{"footnotes":""},"categories":[65,13],"tags":[],"class_list":["post-376970","post","type-post","status-publish","format-standard","has-post-thumbnail","hentry","category-lajme","category-te-fundit"],"gt_translate_keys":[{"key":"link","format":"url"}],"_links":{"self":[{"href":"https:\/\/www.hashtag.al\/index.php\/wp-json\/wp\/v2\/posts\/376970","targetHints":{"allow":["GET"]}}],"collection":[{"href":"https:\/\/www.hashtag.al\/index.php\/wp-json\/wp\/v2\/posts"}],"about":[{"href":"https:\/\/www.hashtag.al\/index.php\/wp-json\/wp\/v2\/types\/post"}],"author":[{"embeddable":true,"href":"https:\/\/www.hashtag.al\/index.php\/wp-json\/wp\/v2\/users\/32"}],"replies":[{"embeddable":true,"href":"https:\/\/www.hashtag.al\/index.php\/wp-json\/wp\/v2\/comments?post=376970"}],"version-history":[{"count":0,"href":"https:\/\/www.hashtag.al\/index.php\/wp-json\/wp\/v2\/posts\/376970\/revisions"}],"wp:featuredmedia":[{"embeddable":true,"href":"https:\/\/www.hashtag.al\/index.php\/wp-json\/wp\/v2\/media\/319581"}],"wp:attachment":[{"href":"https:\/\/www.hashtag.al\/index.php\/wp-json\/wp\/v2\/media?parent=376970"}],"wp:term":[{"taxonomy":"category","embeddable":true,"href":"https:\/\/www.hashtag.al\/index.php\/wp-json\/wp\/v2\/categories?post=376970"},{"taxonomy":"post_tag","embeddable":true,"href":"https:\/\/www.hashtag.al\/index.php\/wp-json\/wp\/v2\/tags?post=376970"}],"curies":[{"name":"wp","href":"https:\/\/api.w.org\/{rel}","templated":true}]}}