{"id":376960,"date":"2020-05-29T12:17:07","date_gmt":"2020-05-29T10:17:07","guid":{"rendered":"https:\/\/hashtag.al\/?p=376960"},"modified":"2020-05-29T12:17:07","modified_gmt":"2020-05-29T10:17:07","slug":"kurti-reagon-pas-vendimit-te-gjykates-kushtetuese-u-reshtua-me-kapesit-e-shtetit","status":"publish","type":"post","link":"https:\/\/www.hashtag.al\/index.php\/2020\/05\/29\/kurti-reagon-pas-vendimit-te-gjykates-kushtetuese-u-reshtua-me-kapesit-e-shtetit\/","title":{"rendered":"Kurti reagon pas vendimit t\u00eb Gjykat\u00ebs Kushtetuese: U reshtua me kap\u00ebsit e shtetit","gt_translate_keys":[{"key":"rendered","format":"text"}]},"content":{"rendered":"<p><img loading=\"lazy\" decoding=\"async\" class=\"aligncenter size-full wp-image-376142\" src=\"https:\/\/hashtag.al\/wp-content\/uploads\/2020\/05\/albinkurti-1.jpg\" alt=\"\" width=\"1102\" height=\"616\" srcset=\"https:\/\/www.hashtag.al\/wp-content\/uploads\/2020\/05\/albinkurti-1.jpg 1102w, https:\/\/www.hashtag.al\/wp-content\/uploads\/2020\/05\/albinkurti-1-300x168.jpg 300w, https:\/\/www.hashtag.al\/wp-content\/uploads\/2020\/05\/albinkurti-1-768x429.jpg 768w, https:\/\/www.hashtag.al\/wp-content\/uploads\/2020\/05\/albinkurti-1-1024x572.jpg 1024w\" sizes=\"auto, (max-width: 1102px) 100vw, 1102px\" \/><\/p>\n<p><span style=\"color: #000000;\">Kryeministri n\u00eb Detyr\u00eb i Kosov\u00ebs Albin Kurti, ka reaguar pas vendimit t\u00eb mbr\u00ebmsh\u00ebm t\u00eb Gjykat\u00ebs Kushtetuese q\u00eb i dha t\u00eb drejt\u00eb Presidentit Hashim Tha\u00e7it, p\u00ebr dekretin me t\u00eb cilin nominoi Avdullah Hotin p\u00ebr kryeminist\u00ebr t\u00eb ri. Kryeministri n\u00eb detyr\u00eb e ka cil\u00ebsuar vendimin si t\u00eb padrejt\u00eb dhe t\u00eb papranuesh\u00ebm.<\/span><\/p>\n<p><span style=\"color: #000000;\">Kurti ka listuar nj\u00eb s\u00ebr\u00eb kund\u00ebrshtimesh p\u00ebr vendimin e Kushtetueses, derisa ka th\u00ebn\u00eb se do t\u00eb b\u00ebjn\u00eb nj\u00eb vler\u00ebsim t\u00eb nj\u00eb vendimi t\u00eb till\u00eb pasi t\u00eb\u00a0 marrin tekstin e plot\u00eb t\u00eb Aktgjykimit.<\/span><\/p>\n<p><span style=\"color: #000000;\">\u201cNj\u00eb vler\u00ebsim t\u00eb plot\u00eb e t\u00eb holl\u00ebsish\u00ebm nga k\u00ebshilltar\u00ebt ton\u00eb ligjor\u00eb do t\u00eb mund ta kemi pasi ta marrim tekstin e plot\u00eb t\u00eb Aktgjykimit\u201d, ka shkruar Kurti.<\/span><\/p>\n<p><span style=\"color: #000000;\">Sipas tij, me nj\u00eb vendim t\u00eb till\u00eb Kushtetuesja \u00ebsht\u00eb reshtuar me kap\u00ebsit e shtetit dhe thot\u00eb se\u00a0 ka zhvler\u00ebsuar veten si institucion.<\/span><\/p>\n<p><span style=\"color: #000000;\">\u201cFatkeq\u00ebsisht, Gjykata Kushtetuese u reshtua me kap\u00ebsit e shtetit. Ajo foli p\u00ebr veten, m\u00eb par\u00eb e m\u00eb shum\u00eb sesa p\u00ebr \u00e7\u00ebshtjen q\u00eb trajtoi. Ajo e vulosi veten, ajo e zhvler\u00ebsoi veten\u201d, shton tutje Kurti.<\/span><\/p>\n<p><span style=\"color: #000000;\">Kurti ka th\u00ebn\u00eb se pas nj\u00eb vendimi t\u00eb till\u00eb t\u00eb Kushtetueses p\u00ebr hapat politik q\u00eb do t\u00eb nd\u00ebrmarrin do t\u00eb njoftojn\u00eb n\u00eb dit\u00ebt n\u00eb vijim.<\/span><\/p>\n<p><span style=\"color: #000000;\">\u201cBeteja jon\u00eb vazhdon, bashk\u00eb me popullin e vet\u00ebdij\u00ebsuar, kund\u00ebr k\u00ebsaj kaste t\u00eb korruptuar.<\/span><\/p>\n<p><span style=\"color: #000000;\">P\u00ebr fund, ne nj\u00ebmend nuk kemi pasur shpresa t\u00eb m\u00ebdha p\u00ebr vendimin e Gjykates Kushtetuese, mir\u00ebpo, ky vendim \u00ebsht\u00eb p\u00ebrtej imagjinat\u00ebs e n\u00ebn \u00e7do nivel (logjik e juridik). Si i padrejt\u00eb, ai \u00ebsht\u00eb i papranuesh\u00ebm. P\u00ebr hapat tjer\u00eb politik do t\u00eb njoftojm\u00eb qytetar\u00ebt n\u00eb dit\u00ebt n\u00eb vijim\u201d, ka theksuar Kurti.<\/span><\/p>\n<p><span style=\"color: #000000;\"><strong>Reagimi i plot\u00eb:<\/strong><\/span><\/p>\n<p><span style=\"color: #000000;\">Mbr\u00ebm\u00eb nat\u00ebn, n\u00eb or\u00ebt e vona, mor\u00ebm njoftimin nga Gjykata Kushtetuese lidhur me Aktgjykimin p\u00ebr dekretin antikushtetues t\u00eb Presidentit.<\/span><\/p>\n<p><span style=\"color: #000000;\">Le t\u00eb themi qysh n\u00eb fillim, se n\u00eb tekst dhe n\u00ebntekst nuk gjendet shum\u00eb lidhur me \u00e7\u00ebshtjet kushtetuese sa me metod\u00ebn e pashembullt t\u00eb shprehjes s\u00eb parullave disiplinuese-nd\u00ebshkuese.<\/span><\/p>\n<p><span style=\"color: #000000;\">Mund t\u00eb gjenden pak ose aspak raste n\u00eb bot\u00ebn demokratike kur fituesi i zgjedhjeve dhe vet\u00eb qeveria n\u00eb detyr\u00eb jan\u00eb t\u00eb gatsh\u00ebm p\u00ebr zgjedhje t\u00eb reja dhe kjo ju pamund\u00ebsohet nga Gjykata Kushtetuese dhe Presidenti duke u thirrur n\u00eb shumica fiktive n\u00eb Kuvend dhe duke sp\u00ebrdredhur deklarimet dhe shkaqet objektive si\u00e7 ishte gjendja e r\u00ebnd\u00eb e pandemis\u00eb.<\/span><\/p>\n<p><span style=\"color: #000000;\">N\u00eb vend se t\u00eb b\u00ebj\u00eb interpretim t\u00eb Kushtetut\u00ebs, Gjykata duket se kishte k\u00ebt\u00eb qasje: meq\u00eb presidenti ka t\u00eb drejt\u00eb, le t\u00eb p\u00ebrpiqemi ta arsyetojm\u00eb.<\/span><\/p>\n<p><span style=\"color: #000000;\">Gjykata ka theksuar se n\u00eb vitet 2010 dhe 2017, pas mocioneve t\u00eb suksesshme t\u00eb mosbesimit, nuk ka pasur vullnet dhe as shumic\u00eb n\u00eb Kuvend p\u00ebr t\u00eb formuar nj\u00eb Qeveri t\u00eb re, mir\u00ebpo se si e kan\u00eb konstatuar k\u00ebt\u00eb nuk dihet, pasi shp\u00ebrndarja e Kuvendit ka qen\u00eb automatike.<\/span><\/p>\n<p><span style=\"color: #000000;\">\u00cbsht\u00eb e v\u00ebrtet\u00eb q\u00eb Presidenti s\u2019ka nj\u00eb t\u00eb drejt\u00eb absolute p\u00ebr t\u00eb shp\u00ebrndar\u00eb Kuvendin, por, pik\u00ebrisht p\u00ebr k\u00ebt\u00eb arsye, ajo \u00ebsht\u00eb e kufizuar n\u00eb mocionin e mosbesimit si kriter p\u00ebr k\u00ebt\u00eb.<\/span><\/p>\n<p><span style=\"color: #000000;\">Gjykata e ka shkruar njoftimin n\u00eb m\u00ebnyr\u00eb t\u00eb atill\u00eb thua se fituesi i zgjedhjeve nuk ekziston fare, sikur fituesi t\u00eb jet\u00eb ineksistent. Nd\u00ebrkaq, n\u00eb an\u00ebn tjet\u00ebr, Gjykata shlyen dallimin midis shkarkimit dhe dor\u00ebheqjes s\u00eb ekzekutivit.<\/span><\/p>\n<p><span style=\"color: #000000;\">Gjykata paragjykon kur thot\u00eb se fituesi jo vet\u00ebm q\u00eb s\u2019ka propozuar nj\u00eb kandidat, por as q\u00eb ka shprehur interesimin p\u00ebr nj\u00eb gj\u00eb t\u00eb till\u00eb. Kjo nuk q\u00ebndron, sepse n\u00eb vazhdim\u00ebsi \u00ebsht\u00eb theksuar nga ne se fituesi i zgjedhjeve nuk po heziton dhe nuk po refuzon.<\/span><\/p>\n<p><span style=\"color: #000000;\">N\u00eb disa raste Gjykata n\u00eb vend t\u00eb interpretimit \u00ebsht\u00eb marr\u00eb me shkrim e rishkrim t\u00eb Kushtetut\u00ebs, psh. n\u00eb pikat 13 dhe 18.<\/span><\/p>\n<p><span style=\"color: #000000;\">Formulimet e llojit \u201c&#8230; Gjykata thekson se \u00ebsht\u00eb e vet\u00ebkuptueshme, q\u00eb ky \u201ckonsultim\u201d formal, duhet t\u00eb p\u00ebrmbyllet sa m\u00eb shpejt\u00eb q\u00eb t\u00eb jet\u00eb e mundur dhe ng\u00ebrthen n\u00eb vetvete k\u00ebrkes\u00ebn p\u00ebr dinamik\u00eb t\u00eb shpejt\u00eb nd\u00ebrveprimi\u201d, apo, \u201cE drejta p\u00ebr t\u00eb propozuar mandatarin p\u00ebr Kryeminist\u00ebr \u00ebsht\u00eb edhe p\u00ebrgjegj\u00ebsi edhe privilegj\u201d p\u00ebrb\u00ebjn\u00eb shembuj eklatant t\u00eb kreativitetit t\u00eb gjyqtar\u00ebve t\u00eb Gjykat\u00ebs Kushtetuese n\u00eb shprehjen e admirimit t\u00eb tyre ndaj vendimeve t\u00eb Presidentit t\u00eb vendit.<\/span><\/p>\n<p><span style=\"color: #000000;\">Nj\u00eb vler\u00ebsim t\u00eb plot\u00eb e t\u00eb holl\u00ebsish\u00ebm nga k\u00ebshilltar\u00ebt ton\u00eb ligjor\u00eb do t\u00eb mund ta kemi pasi ta marrim tekstin e plot\u00eb t\u00eb Aktgjykimit.<\/span><\/p>\n<p><span style=\"color: #000000;\">Fatkeq\u00ebsisht, Gjykata Kushtetuese u rreshtua me kap\u00ebsit e shtetit. Ajo foli p\u00ebr veten, m\u00eb par\u00eb e m\u00eb shum\u00eb sesa p\u00ebr \u00e7\u00ebshtjen q\u00eb trajtoi. Ajo e vulosi veten, ajo e zhvler\u00ebsoi veten.<\/span><\/p>\n<p><span style=\"color: #000000;\">Beteja jon\u00eb vazhdon, bashk\u00eb me popullin e vet\u00ebdij\u00ebsuar, kund\u00ebr k\u00ebsaj kaste t\u00eb korruptuar.<\/span><\/p>\n<p><span style=\"color: #000000;\">P\u00ebr fund, ne nj\u00ebmend nuk kemi pasur shpresa t\u00eb m\u00ebdha p\u00ebr vendimin e Gjykates Kushtetuese, mir\u00ebpo, ky vendim \u00ebsht\u00eb p\u00ebrtej imagjinat\u00ebs e n\u00ebn \u00e7do nivel (logjik e juridik). Si i padrejt\u00eb, ai \u00ebsht\u00eb i papranuesh\u00ebm. P\u00ebr hapat tjer\u00eb politik do t\u00eb njoftojm\u00eb qytetar\u00ebt n\u00eb dit\u00ebt n\u00eb vijim.<\/span><\/p>\n<p>&nbsp;<\/p>\n","protected":false,"gt_translate_keys":[{"key":"rendered","format":"html"}]},"excerpt":{"rendered":"<p>Kryeministri n\u00eb Detyr\u00eb i Kosov\u00ebs Albin Kurti, ka reaguar pas vendimit t\u00eb mbr\u00ebmsh\u00ebm t\u00eb Gjykat\u00ebs Kushtetuese q\u00eb i dha t\u00eb drejt\u00eb Presidentit Hashim Tha\u00e7it, p\u00ebr dekretin me t\u00eb cilin nominoi Avdullah Hotin p\u00ebr kryeminist\u00ebr t\u00eb ri. Kryeministri n\u00eb detyr\u00eb e ka cil\u00ebsuar vendimin si t\u00eb padrejt\u00eb dhe t\u00eb papranuesh\u00ebm. Kurti ka listuar nj\u00eb s\u00ebr\u00eb kund\u00ebrshtimesh [&hellip;]<\/p>\n","protected":false,"gt_translate_keys":[{"key":"rendered","format":"html"}]},"author":32,"featured_media":376142,"comment_status":"open","ping_status":"open","sticky":false,"template":"","format":"standard","meta":{"footnotes":""},"categories":[149,13],"tags":[],"class_list":["post-376960","post","type-post","status-publish","format-standard","has-post-thumbnail","hentry","category-kosoverajon","category-te-fundit"],"gt_translate_keys":[{"key":"link","format":"url"}],"_links":{"self":[{"href":"https:\/\/www.hashtag.al\/index.php\/wp-json\/wp\/v2\/posts\/376960","targetHints":{"allow":["GET"]}}],"collection":[{"href":"https:\/\/www.hashtag.al\/index.php\/wp-json\/wp\/v2\/posts"}],"about":[{"href":"https:\/\/www.hashtag.al\/index.php\/wp-json\/wp\/v2\/types\/post"}],"author":[{"embeddable":true,"href":"https:\/\/www.hashtag.al\/index.php\/wp-json\/wp\/v2\/users\/32"}],"replies":[{"embeddable":true,"href":"https:\/\/www.hashtag.al\/index.php\/wp-json\/wp\/v2\/comments?post=376960"}],"version-history":[{"count":0,"href":"https:\/\/www.hashtag.al\/index.php\/wp-json\/wp\/v2\/posts\/376960\/revisions"}],"wp:featuredmedia":[{"embeddable":true,"href":"https:\/\/www.hashtag.al\/index.php\/wp-json\/wp\/v2\/media\/376142"}],"wp:attachment":[{"href":"https:\/\/www.hashtag.al\/index.php\/wp-json\/wp\/v2\/media?parent=376960"}],"wp:term":[{"taxonomy":"category","embeddable":true,"href":"https:\/\/www.hashtag.al\/index.php\/wp-json\/wp\/v2\/categories?post=376960"},{"taxonomy":"post_tag","embeddable":true,"href":"https:\/\/www.hashtag.al\/index.php\/wp-json\/wp\/v2\/tags?post=376960"}],"curies":[{"name":"wp","href":"https:\/\/api.w.org\/{rel}","templated":true}]}}