{"id":376878,"date":"2020-05-28T21:55:18","date_gmt":"2020-05-28T19:55:18","guid":{"rendered":"https:\/\/hashtag.al\/?p=376878"},"modified":"2020-05-28T22:58:12","modified_gmt":"2020-05-28T20:58:12","slug":"jam-shume-i-ri-pe-tu-korit-para-shqiptareve-mision-i-pare-nxjerrja-para-drejtesise-e-dyshes-rama-veliaj","status":"publish","type":"post","link":"https:\/\/www.hashtag.al\/index.php\/2020\/05\/28\/jam-shume-i-ri-pe-tu-korit-para-shqiptareve-mision-i-pare-nxjerrja-para-drejtesise-e-dyshes-rama-veliaj\/","title":{"rendered":"&#8220;Jam shum\u00eb i ri p\u00ebr t&#8217;u korit para shqiptar\u00ebve, mision i par\u00eb nxjerrja para drejt\u00ebsis\u00eb e dyshes Rama-Veliaj&#8221;","gt_translate_keys":[{"key":"rendered","format":"text"}]},"content":{"rendered":"<p><a href=\"https:\/\/hashtag.al\/index.php\/2020\/05\/28\/jam-shume-i-ri-pe-tu-korit-para-shqiptareve-mision-i-pare-nxjerrja-para-drejtesise-e-dyshes-rama-veliaj\/basha-63\/\" rel=\"attachment wp-att-376879\"><img loading=\"lazy\" decoding=\"async\" class=\"aligncenter size-full wp-image-376879\" src=\"https:\/\/hashtag.al\/wp-content\/uploads\/2020\/05\/basha-10.jpg\" alt=\"\" width=\"1280\" height=\"852\" \/><\/a><\/p>\n<p><span style=\"color: #000000;\">Lulzim Basha tha se misioni i par\u00eb i tij si kryeminist\u00ebr do ishte \u00e7uarja para drejt\u00ebsi\u00eb e t\u00eb gjith\u00eb zyrtar\u00ebve q\u00eb kan\u00eb shkelur ligjin e kan\u00eb kryer korrupsion. <\/span><\/p>\n<p><span style=\"color: #000000;\">Kreu i Partis\u00eb Demokratike theksoi se ishte shum\u00eb i ri p\u00ebr t\u2019u turp\u00ebruar para shqiptar\u00ebve dhe se do i jepte fund pand\u00ebshkueshm\u00ebris\u00eb s\u00eb zyrtar\u00ebve t\u00eb korruptuar q\u00eb kan\u00eb grabitur vendin, q\u00eb kan\u00eb kryer krime e kan\u00eb shkelur ligjin.<\/span><\/p>\n<p><span style=\"color: #000000;\"><em>\u201cNuk do ket\u00eb drejt\u00ebsi pa u nd\u00ebshkuar kryeministri Rama, kryebashkiaku Veliaj e ministrat e tyre t\u00eb korruptuar. Ky \u00ebsht\u00eb premtimi im. V\u00ebnia e drejt\u00ebsis\u00eb mund t\u00eb zgjas\u00eb n\u00eb koh\u00eb por do ndodh\u00eb. Nuk do ket\u00eb aministri t\u00eb fshehur dhe as marr\u00ebveshje p\u00ebr k\u00ebt\u00eb. Pa nd\u00ebshkimin e krimeve, ligjeve e korrupsionit, nuk ka drejt\u00ebsi, ato do p\u00ebrs\u00ebriten. Momenti p\u00ebr ta thyer k\u00ebt\u00eb rreth vicioz tani \u00ebsht\u00eb tani. \u00a0Jam shum\u00eb i ri p\u00ebr t\u2019u koritur para shqiptar\u00ebve. Ky \u00ebsht\u00eb misioni im i par\u00eb si kryeminist\u00ebr. Do b\u00ebjm\u00eb gjith\u00e7ka q\u00eb \u00ebsht\u00eb e mundur q\u00eb drejt\u00ebsia t\u00eb vihet n\u00eb vend. T\u00eb p\u00ebrgjigjen para ligjit t\u00eb gjith\u00eb ata q\u00eb kan\u00eb kryer krime, kan\u00eb grabitur, kan\u00eb shkelur ligjin, kan\u00eb b\u00ebr\u00eb korrupsion.\u201d<\/em> \u2013 tha Basha.<\/span><\/p>\n<p><span style=\"color: #000000;\">Ai tha gjithashtu se denoncimi i presidentit Meta lidhur me reform\u00ebn n\u00eb drejt\u00ebsi nuk ishte asgj\u00eb e re p\u00ebr t\u00eb dhe PD-n\u00eb.<\/span><\/p>\n<p><span style=\"color: #000000;\">\u201c<em>Denoncimi i presidentit Meta nuk p\u00ebrb\u00ebn sot asnj\u00eb gj\u00eb t\u00eb re. Nuk \u00ebsht\u00eb asgj\u00eb me at\u00eb q\u00eb ka ndodhur k\u00ebto 4 vjet. Rama e ka kapur reform\u00ebn n\u00eb drejt\u00ebsi krejt\u00ebsisht. Un\u00eb personalisht dhe PD-ja kan\u00eb b\u00ebr\u00eb koh\u00eb m\u00eb par\u00eb nj\u00eb luft\u00eb p\u00ebr nj\u00eb sistem drejt\u00ebsie t\u00eb standarteve europiane. P\u00ebr PD-n\u00eb ky denoncim nuk \u00ebsht\u00eb asgj\u00eb e re p\u00ebr ne. Nd\u00ebrkomb\u00ebtar\u00ebt kan\u00eb pasur p\u00ebrgjegj\u00ebsin\u00eb e tyre n\u00eb k\u00ebt\u00eb proces. Rama e ka kapur dhe e kontrollon drejt\u00ebsin\u00eb. Lajmi i keq \u00ebsht\u00eb q\u00eb ai e kapur dhe askush nga qeverisja e tij nuk po shkon para drejt\u00ebsis\u00eb. Lajmi i mir\u00eb \u00ebsht\u00eb q\u00eb kjo qeverisje i ka dit\u00ebt e num\u00ebruara.\u201d<\/em> \u2013 shtoi ai.<\/span><\/p>\n","protected":false,"gt_translate_keys":[{"key":"rendered","format":"html"}]},"excerpt":{"rendered":"<p>Lulzim Basha tha se misioni i par\u00eb i tij si kryeminist\u00ebr do ishte \u00e7uarja para drejt\u00ebsi\u00eb e t\u00eb gjith\u00eb zyrtar\u00ebve q\u00eb kan\u00eb shkelur ligjin e kan\u00eb kryer korrupsion. Kreu i Partis\u00eb Demokratike theksoi se ishte shum\u00eb i ri p\u00ebr t\u2019u turp\u00ebruar para shqiptar\u00ebve dhe se do i jepte fund pand\u00ebshkueshm\u00ebris\u00eb s\u00eb zyrtar\u00ebve t\u00eb korruptuar q\u00eb [&hellip;]<\/p>\n","protected":false,"gt_translate_keys":[{"key":"rendered","format":"html"}]},"author":51,"featured_media":376879,"comment_status":"open","ping_status":"open","sticky":false,"template":"","format":"standard","meta":{"footnotes":""},"categories":[65,13],"tags":[],"class_list":["post-376878","post","type-post","status-publish","format-standard","has-post-thumbnail","hentry","category-lajme","category-te-fundit"],"gt_translate_keys":[{"key":"link","format":"url"}],"_links":{"self":[{"href":"https:\/\/www.hashtag.al\/index.php\/wp-json\/wp\/v2\/posts\/376878","targetHints":{"allow":["GET"]}}],"collection":[{"href":"https:\/\/www.hashtag.al\/index.php\/wp-json\/wp\/v2\/posts"}],"about":[{"href":"https:\/\/www.hashtag.al\/index.php\/wp-json\/wp\/v2\/types\/post"}],"author":[{"embeddable":true,"href":"https:\/\/www.hashtag.al\/index.php\/wp-json\/wp\/v2\/users\/51"}],"replies":[{"embeddable":true,"href":"https:\/\/www.hashtag.al\/index.php\/wp-json\/wp\/v2\/comments?post=376878"}],"version-history":[{"count":0,"href":"https:\/\/www.hashtag.al\/index.php\/wp-json\/wp\/v2\/posts\/376878\/revisions"}],"wp:featuredmedia":[{"embeddable":true,"href":"https:\/\/www.hashtag.al\/index.php\/wp-json\/wp\/v2\/media\/376879"}],"wp:attachment":[{"href":"https:\/\/www.hashtag.al\/index.php\/wp-json\/wp\/v2\/media?parent=376878"}],"wp:term":[{"taxonomy":"category","embeddable":true,"href":"https:\/\/www.hashtag.al\/index.php\/wp-json\/wp\/v2\/categories?post=376878"},{"taxonomy":"post_tag","embeddable":true,"href":"https:\/\/www.hashtag.al\/index.php\/wp-json\/wp\/v2\/tags?post=376878"}],"curies":[{"name":"wp","href":"https:\/\/api.w.org\/{rel}","templated":true}]}}