{"id":376839,"date":"2020-05-28T19:04:15","date_gmt":"2020-05-28T17:04:15","guid":{"rendered":"https:\/\/hashtag.al\/?p=376839"},"modified":"2020-05-28T19:04:26","modified_gmt":"2020-05-28T17:04:26","slug":"perfundon-armepushimi-mes-paleve-vriten-ushtare-e-civile-ne-afganistan","status":"publish","type":"post","link":"https:\/\/www.hashtag.al\/index.php\/2020\/05\/28\/perfundon-armepushimi-mes-paleve-vriten-ushtare-e-civile-ne-afganistan\/","title":{"rendered":"P\u00ebrfundon arm\u00ebpushimi mes pal\u00ebve, vriten ushtar\u00eb e civil\u00eb n\u00eb Afganistan","gt_translate_keys":[{"key":"rendered","format":"text"}]},"content":{"rendered":"<p><a href=\"https:\/\/hashtag.al\/index.php\/2020\/05\/28\/perfundon-armepushimi-mes-paleve-vriten-ushtare-e-civile-ne-afganistan\/talebanet\/\" rel=\"attachment wp-att-376840\"><img loading=\"lazy\" decoding=\"async\" class=\"aligncenter size-full wp-image-376840\" src=\"https:\/\/hashtag.al\/wp-content\/uploads\/2020\/05\/talebanet.jpg\" alt=\"\" width=\"863\" height=\"486\" srcset=\"https:\/\/www.hashtag.al\/wp-content\/uploads\/2020\/05\/talebanet.jpg 863w, https:\/\/www.hashtag.al\/wp-content\/uploads\/2020\/05\/talebanet-300x169.jpg 300w, https:\/\/www.hashtag.al\/wp-content\/uploads\/2020\/05\/talebanet-768x433.jpg 768w\" sizes=\"auto, (max-width: 863px) 100vw, 863px\" \/><\/a><\/p>\n<p><span style=\"color: #000000;\">T\u00eb pakt\u00ebn shtat\u00eb forca afgane t\u00eb siguris\u00eb u vran\u00eb n\u00eb nj\u00eb sulm taleban, i q\u00eb nga arm\u00ebpushimi tre-ditor, konfirmoi nj\u00eb zyrtar t\u00eb enjten.<\/span><\/p>\n<p><span style=\"color: #000000;\">Waheeda Shahkar, z\u00ebdh\u00ebn\u00ebse e Parvan, i tha Anadolu Agency q\u00eb sulmi ndodhi t\u00eb enjten n\u00eb Seya Gard n\u00eb Lugin\u00ebn Ghorband t\u00eb provinc\u00ebs qw ndodhet n\u00eb veri t\u00eb kryeqytetit Kabul. Ajo konfirmoi se t\u00eb pakt\u00ebn shtat\u00eb forca t\u00eb siguris\u00eb u vran\u00eb dhe nj\u00eb u plagos n\u00eb sulm.<\/span><\/p>\n<p><span style=\"color: #000000;\">Taleban\u00ebt pretenduan se forcat qeveritare kishin vrar\u00eb 10 civil\u00eb n\u00eb nj\u00eb sulm ajror n\u00eb provinc\u00ebn jugore t\u00eb Zabulit, por zyrtar\u00ebt than\u00eb se 18 kryengrit\u00ebs u vran\u00eb n\u00eb sulm.<\/span><\/p>\n<p><span style=\"color: #000000;\">Zhvillimet vijn\u00eb pas nj\u00eb arm\u00ebpushimi tre-ditor gjat\u00eb fest\u00ebs s\u00eb Fit\u00ebr Bajramit q\u00eb p\u00ebrfundoi t\u00eb m\u00ebrkur\u00ebn.<\/span><\/p>\n<p><span style=\"color: #000000;\">Presidenti i vendit, Mohamed Ashraf Ghani firmosi lirimin e t\u00eb pakt\u00ebn 1.000 t\u00eb burgosurve taleban\u00eb gjat\u00eb fest\u00ebs si nj\u00eb gjest vullneti t\u00eb mir\u00eb dhe si p\u00ebrgjigje ndaj arm\u00ebpushimit t\u00eb shkurt\u00ebr t\u00eb shpallur nga taleban\u00ebt.<\/span><\/p>\n","protected":false,"gt_translate_keys":[{"key":"rendered","format":"html"}]},"excerpt":{"rendered":"<p>T\u00eb pakt\u00ebn shtat\u00eb forca afgane t\u00eb siguris\u00eb u vran\u00eb n\u00eb nj\u00eb sulm taleban, i q\u00eb nga arm\u00ebpushimi tre-ditor, konfirmoi nj\u00eb zyrtar t\u00eb enjten. Waheeda Shahkar, z\u00ebdh\u00ebn\u00ebse e Parvan, i tha Anadolu Agency q\u00eb sulmi ndodhi t\u00eb enjten n\u00eb Seya Gard n\u00eb Lugin\u00ebn Ghorband t\u00eb provinc\u00ebs qw ndodhet n\u00eb veri t\u00eb kryeqytetit Kabul. Ajo konfirmoi se [&hellip;]<\/p>\n","protected":false,"gt_translate_keys":[{"key":"rendered","format":"html"}]},"author":51,"featured_media":376840,"comment_status":"open","ping_status":"open","sticky":false,"template":"","format":"standard","meta":{"footnotes":""},"categories":[6],"tags":[],"class_list":["post-376839","post","type-post","status-publish","format-standard","has-post-thumbnail","hentry","category-nderkombetare"],"gt_translate_keys":[{"key":"link","format":"url"}],"_links":{"self":[{"href":"https:\/\/www.hashtag.al\/index.php\/wp-json\/wp\/v2\/posts\/376839","targetHints":{"allow":["GET"]}}],"collection":[{"href":"https:\/\/www.hashtag.al\/index.php\/wp-json\/wp\/v2\/posts"}],"about":[{"href":"https:\/\/www.hashtag.al\/index.php\/wp-json\/wp\/v2\/types\/post"}],"author":[{"embeddable":true,"href":"https:\/\/www.hashtag.al\/index.php\/wp-json\/wp\/v2\/users\/51"}],"replies":[{"embeddable":true,"href":"https:\/\/www.hashtag.al\/index.php\/wp-json\/wp\/v2\/comments?post=376839"}],"version-history":[{"count":0,"href":"https:\/\/www.hashtag.al\/index.php\/wp-json\/wp\/v2\/posts\/376839\/revisions"}],"wp:featuredmedia":[{"embeddable":true,"href":"https:\/\/www.hashtag.al\/index.php\/wp-json\/wp\/v2\/media\/376840"}],"wp:attachment":[{"href":"https:\/\/www.hashtag.al\/index.php\/wp-json\/wp\/v2\/media?parent=376839"}],"wp:term":[{"taxonomy":"category","embeddable":true,"href":"https:\/\/www.hashtag.al\/index.php\/wp-json\/wp\/v2\/categories?post=376839"},{"taxonomy":"post_tag","embeddable":true,"href":"https:\/\/www.hashtag.al\/index.php\/wp-json\/wp\/v2\/tags?post=376839"}],"curies":[{"name":"wp","href":"https:\/\/api.w.org\/{rel}","templated":true}]}}