{"id":376394,"date":"2020-05-26T18:37:03","date_gmt":"2020-05-26T16:37:03","guid":{"rendered":"https:\/\/hashtag.al\/?p=376394"},"modified":"2020-05-26T18:37:03","modified_gmt":"2020-05-26T16:37:03","slug":"pavaresisht-epidemise-vetevendosja-kerkon-zhvillimin-e-zgjedhjeve-te-jashtezakonshme-ne-podujeve","status":"publish","type":"post","link":"https:\/\/www.hashtag.al\/index.php\/2020\/05\/26\/pavaresisht-epidemise-vetevendosja-kerkon-zhvillimin-e-zgjedhjeve-te-jashtezakonshme-ne-podujeve\/","title":{"rendered":"Pavar\u00ebsisht epidemis\u00eb, Vet\u00ebvendosja k\u00ebrkon zhvillimin e zgjedhjeve t\u00eb jasht\u00ebzakonshme n\u00eb Podujev\u00eb","gt_translate_keys":[{"key":"rendered","format":"text"}]},"content":{"rendered":"<p><img loading=\"lazy\" decoding=\"async\" class=\"aligncenter size-full wp-image-332618\" src=\"https:\/\/hashtag.al\/wp-content\/uploads\/2019\/11\/vetevendosje7nentor.jpg2_.jpg\" alt=\"\" width=\"926\" height=\"549\" srcset=\"https:\/\/www.hashtag.al\/wp-content\/uploads\/2019\/11\/vetevendosje7nentor.jpg2_.jpg 926w, https:\/\/www.hashtag.al\/wp-content\/uploads\/2019\/11\/vetevendosje7nentor.jpg2_-300x178.jpg 300w, https:\/\/www.hashtag.al\/wp-content\/uploads\/2019\/11\/vetevendosje7nentor.jpg2_-768x455.jpg 768w\" sizes=\"auto, (max-width: 926px) 100vw, 926px\" \/><\/p>\n<p><span style=\"color: #000000;\">L\u00ebvizja Vet\u00ebvendosje i \u00ebsht\u00eb drejtuar sot me nj\u00eb k\u00ebrkes\u00eb KQZ-s\u00eb t\u00eb Kosov\u00ebs duke k\u00ebrkuar nga t\u00eb nj\u00ebjt\u00ebt mbajtjen e zgjedhjeve n\u00eb Podujev\u00eb me dat\u00eb 14 qershor.<\/span><\/p>\n<p><span style=\"color: #000000;\">Kreu i LVV-s\u00eb n\u00eb Podujev\u00eb, Bajram Ajeti sot ka dor\u00ebzuar k\u00ebrkes\u00eb n\u00eb KQZ p\u00ebr mbajtjen e zgjedhjeve t\u00eb jasht\u00ebzakonshme n\u00eb k\u00ebt\u00eb komun\u00eb, duke dor\u00ebzuar edhe propozimin e tyre q\u00eb t\u00eb nj\u00ebjtat t\u00eb mbahen me 14 qershor.<\/span><\/p>\n<p><span style=\"color: #000000;\">Kjo \u00ebsht\u00eb b\u00ebr\u00eb e ditur p\u00ebrmes nj\u00eb njoftimi q\u00eb ka b\u00ebr\u00eb L\u00ebvizja Vet\u00ebvendosje, Qendra Besian\u00eb, p\u00ebrmes nj\u00eb postimi n\u00eb Facebook.<\/span><\/p>\n<p><span style=\"color: #000000;\">\u201c<em>Sot, kryetari i Qendr\u00ebs s\u00eb L\u00ebvizjes VET\u00cbVENDOSJE! n\u00eb Besian\u00eb, Bajram Ajeti, ka dor\u00ebzuar k\u00ebrkes\u00ebn dhe propozimin ton\u00eb p\u00ebr mbajtjen e zgjedhjeve me dat\u00ebn 14.06.2020. Pezullimi i zgjedhjeve komunale p\u00ebr kryetar komune \u00ebsht\u00eb b\u00ebr\u00eb me dat\u00ebn 14.03.2020, nga presidenti p\u00ebr shkak t\u00eb parandalimit t\u00eb p\u00ebrhapjes s\u00eb coronavirusit. Situata e krijuar n\u00eb vend e posaq\u00ebrisht n\u00eb komun\u00ebn ton\u00eb ku nuk kemi asnj\u00eb rast aktiv t\u00eb infektuar me covid19 mbi nj\u00eb muaj. Vler\u00ebsojm\u00eb se jan\u00eb krijuar kushtet dhe rrethanat p\u00ebr t\u2019u mbajtur zgjedhjet. Ne sot dor\u00ebzuam propozimin ton\u00eb dhe presim q\u00eb KQZ-ja n\u00eb koordinim me institucionet sh\u00ebndet\u00ebsore t\u00eb caktojn\u00eb dat\u00ebn e zgjedhjeve<\/em>\u201d- shkruhet n\u00eb njoftimin e b\u00ebr\u00eb nga LVV-ja.<\/span><\/p>\n<p>&nbsp;<\/p>\n","protected":false,"gt_translate_keys":[{"key":"rendered","format":"html"}]},"excerpt":{"rendered":"<p>L\u00ebvizja Vet\u00ebvendosje i \u00ebsht\u00eb drejtuar sot me nj\u00eb k\u00ebrkes\u00eb KQZ-s\u00eb t\u00eb Kosov\u00ebs duke k\u00ebrkuar nga t\u00eb nj\u00ebjt\u00ebt mbajtjen e zgjedhjeve n\u00eb Podujev\u00eb me dat\u00eb 14 qershor. Kreu i LVV-s\u00eb n\u00eb Podujev\u00eb, Bajram Ajeti sot ka dor\u00ebzuar k\u00ebrkes\u00eb n\u00eb KQZ p\u00ebr mbajtjen e zgjedhjeve t\u00eb jasht\u00ebzakonshme n\u00eb k\u00ebt\u00eb komun\u00eb, duke dor\u00ebzuar edhe propozimin e tyre q\u00eb [&hellip;]<\/p>\n","protected":false,"gt_translate_keys":[{"key":"rendered","format":"html"}]},"author":32,"featured_media":332618,"comment_status":"open","ping_status":"open","sticky":false,"template":"","format":"standard","meta":{"footnotes":""},"categories":[149,13],"tags":[],"class_list":["post-376394","post","type-post","status-publish","format-standard","has-post-thumbnail","hentry","category-kosoverajon","category-te-fundit"],"gt_translate_keys":[{"key":"link","format":"url"}],"_links":{"self":[{"href":"https:\/\/www.hashtag.al\/index.php\/wp-json\/wp\/v2\/posts\/376394","targetHints":{"allow":["GET"]}}],"collection":[{"href":"https:\/\/www.hashtag.al\/index.php\/wp-json\/wp\/v2\/posts"}],"about":[{"href":"https:\/\/www.hashtag.al\/index.php\/wp-json\/wp\/v2\/types\/post"}],"author":[{"embeddable":true,"href":"https:\/\/www.hashtag.al\/index.php\/wp-json\/wp\/v2\/users\/32"}],"replies":[{"embeddable":true,"href":"https:\/\/www.hashtag.al\/index.php\/wp-json\/wp\/v2\/comments?post=376394"}],"version-history":[{"count":0,"href":"https:\/\/www.hashtag.al\/index.php\/wp-json\/wp\/v2\/posts\/376394\/revisions"}],"wp:featuredmedia":[{"embeddable":true,"href":"https:\/\/www.hashtag.al\/index.php\/wp-json\/wp\/v2\/media\/332618"}],"wp:attachment":[{"href":"https:\/\/www.hashtag.al\/index.php\/wp-json\/wp\/v2\/media?parent=376394"}],"wp:term":[{"taxonomy":"category","embeddable":true,"href":"https:\/\/www.hashtag.al\/index.php\/wp-json\/wp\/v2\/categories?post=376394"},{"taxonomy":"post_tag","embeddable":true,"href":"https:\/\/www.hashtag.al\/index.php\/wp-json\/wp\/v2\/tags?post=376394"}],"curies":[{"name":"wp","href":"https:\/\/api.w.org\/{rel}","templated":true}]}}