{"id":376257,"date":"2020-05-26T12:12:24","date_gmt":"2020-05-26T10:12:24","guid":{"rendered":"https:\/\/hashtag.al\/?p=376257"},"modified":"2020-05-26T12:20:14","modified_gmt":"2020-05-26T10:20:14","slug":"rastet-e-reja-ne-nje-call-center-reagon-opozita-ju-kemi-thene-qe-ne-fillim","status":"publish","type":"post","link":"https:\/\/www.hashtag.al\/index.php\/2020\/05\/26\/rastet-e-reja-ne-nje-call-center-reagon-opozita-ju-kemi-thene-qe-ne-fillim\/","title":{"rendered":"Rastet e reja n\u00eb nj\u00eb Call Center, reagon opozita: Ju kemi th\u00ebn\u00eb q\u00eb n\u00eb fillim","gt_translate_keys":[{"key":"rendered","format":"text"}]},"content":{"rendered":"<p><a href=\"https:\/\/hashtag.al\/wp-content\/uploads\/2020\/05\/spahia.jpg\"><img loading=\"lazy\" decoding=\"async\" class=\"aligncenter size-full wp-image-376258\" src=\"https:\/\/hashtag.al\/wp-content\/uploads\/2020\/05\/spahia.jpg\" alt=\"\" width=\"660\" height=\"330\" srcset=\"https:\/\/www.hashtag.al\/wp-content\/uploads\/2020\/05\/spahia.jpg 660w, https:\/\/www.hashtag.al\/wp-content\/uploads\/2020\/05\/spahia-300x150.jpg 300w\" sizes=\"auto, (max-width: 660px) 100vw, 660px\" \/><\/a><\/p>\n<p><span style=\"color: #000000;\">Nj\u00eb reagim ka ardhur nga opozita, pasi Ministria e Sh\u00ebndet\u00ebsis\u00eb tha se \u00ebsht\u00eb rritur numri it \u00eb infektuarve me koronavirus n\u00eb Tiran\u00eb dhe se vatra e re ishte nj\u00eb biznes Call Centeri.<\/span><\/p>\n<p><span style=\"color: #000000;\">Ish-deputeti democrat Bardh Spahia, b\u00ebn p\u00ebrgjegj\u00ebse qeverin\u00eb nd\u00ebrsa kujton k\u00ebrkesat dhe thirrjet e vazhdueshme q\u00eb ka b\u00ebr\u00eb opozita p\u00ebrgjat\u00eb k\u00ebtyre muajve, q\u00eb k\u00ebto biznese dhe fasonerit\u00eb t\u00eb q\u00ebndronin t\u00eb mbyllura gjat\u00eb k\u00ebsaj periudhe dhe t\u00eb merrnin ndihm\u00eb financiare nga qeveria.<\/span><\/p>\n<p><span style=\"color: #000000;\"><em>\u201c25 t\u00eb infektuar t\u00eb rinj me Covid-19 t\u00eb publikuar sot jan\u00eb ilustrimi kok\u00ebfort\u00eb i d\u00ebshtimit t\u00eb qeveris\u00eb n\u00eb marrjen e masave p\u00ebr t\u00eb mbrojtur sh\u00ebndetin e qytetar\u00ebve. Shumica e tyre, 15, jan\u00eb t\u00eb rinj q\u00eb punojn\u00eb n\u00eb call center. \u00cbsht\u00eb e nj\u00ebjta vat\u00ebr e rrezikshme si fason\u00ebt, q\u00eb u lan\u00eb t\u00eb hapura vet\u00ebm e vet\u00ebm q\u00eb qeveria t\u00eb mos mbulonte asnj\u00eb qindark\u00eb pagat e tyre. Ne e kemi th\u00ebn\u00eb me z\u00eb t\u00eb lart\u00eb q\u00eb n\u00eb fillim se fason\u00ebt dhe call centers jan\u00eb 2 vatra t\u00eb m\u00ebdha rreziku, pasi infektimi p\u00ebrcillet masivisht tek familjar\u00ebt e t\u00eb njohurit! Ato nuk u ndihmuan me asnj\u00eb qindark\u00eb nga qeveria, duke i l\u00ebn\u00eb n\u00eb v\u00ebshtir\u00ebsi serioze financiare e sidomos duke rrezikuar sh\u00ebndetin! Kjo nuk \u00ebsht\u00eb thjesht pap\u00ebrgjegj\u00ebshm\u00ebri, pasi vatra t\u00eb tilla jan\u00eb kthyer n\u00eb fakt kok\u00ebfort\u00eb t\u00eb politik\u00ebs kriminale n\u00eb nj\u00eb situat\u00eb pandemie, ku sh\u00ebndeti i qytetar\u00ebve duhet t\u00eb jet\u00eb i pari. Edi Rama do t\u00eb mbetet n\u00eb histori si inividi q\u00eb shfryt\u00ebzoi nj\u00eb pandemi p\u00ebr t\u00eb fituar p\u00ebrmes tenderash sekret\u00eb e me cmime stratosferike, q\u00eb dha fare pak l\u00ebmosh\u00eb si kompensim p\u00ebr shkat\u00ebrrimin ekonomik q\u00eb i solli biznesit e familjeve shqiptare, e sidomos me makut\u00ebrin\u00eb p\u00ebr t\u00eb mos kompensuar sip\u00ebrmarrje si call centerat apo fason\u00ebt, q\u00eb u kthyen n\u00eb vatra t\u00eb rrezikshme infektimi me Covid-19.\u201d<\/em>&#8211; shkruan Bardh Spahia.<\/span><\/p>\n<p>Dit\u00ebn e sotme, Ministria e Sh\u00ebndet\u00ebsis\u00eb konfirmoi se jan\u00eb regjistruar 25 raste t\u00eb reja me COVID-19 n\u00eb 24 or\u00ebt e fundit. 15 nga k\u00ebto raste, ishin n\u00eb nj\u00eb Call Center n\u00eb kryeqytet.<\/p>\n","protected":false,"gt_translate_keys":[{"key":"rendered","format":"html"}]},"excerpt":{"rendered":"<p>Nj\u00eb reagim ka ardhur nga opozita, pasi Ministria e Sh\u00ebndet\u00ebsis\u00eb tha se \u00ebsht\u00eb rritur numri it \u00eb infektuarve me koronavirus n\u00eb Tiran\u00eb dhe se vatra e re ishte nj\u00eb biznes Call Centeri. Ish-deputeti democrat Bardh Spahia, b\u00ebn p\u00ebrgjegj\u00ebse qeverin\u00eb nd\u00ebrsa kujton k\u00ebrkesat dhe thirrjet e vazhdueshme q\u00eb ka b\u00ebr\u00eb opozita p\u00ebrgjat\u00eb k\u00ebtyre muajve, q\u00eb k\u00ebto [&hellip;]<\/p>\n","protected":false,"gt_translate_keys":[{"key":"rendered","format":"html"}]},"author":30,"featured_media":376258,"comment_status":"open","ping_status":"open","sticky":false,"template":"","format":"standard","meta":{"footnotes":""},"categories":[65,13],"tags":[],"class_list":["post-376257","post","type-post","status-publish","format-standard","has-post-thumbnail","hentry","category-lajme","category-te-fundit"],"gt_translate_keys":[{"key":"link","format":"url"}],"_links":{"self":[{"href":"https:\/\/www.hashtag.al\/index.php\/wp-json\/wp\/v2\/posts\/376257","targetHints":{"allow":["GET"]}}],"collection":[{"href":"https:\/\/www.hashtag.al\/index.php\/wp-json\/wp\/v2\/posts"}],"about":[{"href":"https:\/\/www.hashtag.al\/index.php\/wp-json\/wp\/v2\/types\/post"}],"author":[{"embeddable":true,"href":"https:\/\/www.hashtag.al\/index.php\/wp-json\/wp\/v2\/users\/30"}],"replies":[{"embeddable":true,"href":"https:\/\/www.hashtag.al\/index.php\/wp-json\/wp\/v2\/comments?post=376257"}],"version-history":[{"count":0,"href":"https:\/\/www.hashtag.al\/index.php\/wp-json\/wp\/v2\/posts\/376257\/revisions"}],"wp:featuredmedia":[{"embeddable":true,"href":"https:\/\/www.hashtag.al\/index.php\/wp-json\/wp\/v2\/media\/376258"}],"wp:attachment":[{"href":"https:\/\/www.hashtag.al\/index.php\/wp-json\/wp\/v2\/media?parent=376257"}],"wp:term":[{"taxonomy":"category","embeddable":true,"href":"https:\/\/www.hashtag.al\/index.php\/wp-json\/wp\/v2\/categories?post=376257"},{"taxonomy":"post_tag","embeddable":true,"href":"https:\/\/www.hashtag.al\/index.php\/wp-json\/wp\/v2\/tags?post=376257"}],"curies":[{"name":"wp","href":"https:\/\/api.w.org\/{rel}","templated":true}]}}