{"id":376232,"date":"2020-05-26T11:09:27","date_gmt":"2020-05-26T09:09:27","guid":{"rendered":"https:\/\/hashtag.al\/?p=376232"},"modified":"2020-05-26T11:42:59","modified_gmt":"2020-05-26T09:42:59","slug":"vdes-69-vjecari-te-infektivi-viktima-e-33-te-nga-koronavirusi-ne-vend","status":"publish","type":"post","link":"https:\/\/www.hashtag.al\/index.php\/2020\/05\/26\/vdes-69-vjecari-te-infektivi-viktima-e-33-te-nga-koronavirusi-ne-vend\/","title":{"rendered":"Vdes 69-vje\u00e7ari te Infektivi, viktima e 33-t\u00eb nga koronavirusi n\u00eb vend","gt_translate_keys":[{"key":"rendered","format":"text"}]},"content":{"rendered":"<p><a href=\"https:\/\/hashtag.al\/wp-content\/uploads\/2020\/05\/infektivi.jpg\"><img loading=\"lazy\" decoding=\"async\" class=\"aligncenter size-full wp-image-376233\" src=\"https:\/\/hashtag.al\/wp-content\/uploads\/2020\/05\/infektivi.jpg\" alt=\"\" width=\"780\" height=\"440\" srcset=\"https:\/\/www.hashtag.al\/wp-content\/uploads\/2020\/05\/infektivi.jpg 780w, https:\/\/www.hashtag.al\/wp-content\/uploads\/2020\/05\/infektivi-300x169.jpg 300w, https:\/\/www.hashtag.al\/wp-content\/uploads\/2020\/05\/infektivi-768x433.jpg 768w\" sizes=\"auto, (max-width: 780px) 100vw, 780px\" \/><\/a><\/p>\n<p><span style=\"color: #000000;\">Regjistrohet viktima e 33-t\u00eb n\u00eb vend nga koronavirusi. Ministria e Sh\u00ebndet\u00ebsis\u00eb ka konfirmuar se k\u00ebt\u00eb m\u00ebngjes ka nd\u00ebrruar jet\u00eb nj\u00eb pacient 69-vje\u00e7ar nga Tirana, me inicialet S.K.<\/span><\/p>\n<p><span style=\"color: #000000;\">Pacienti po trajtohej n\u00eb terapi intensive n\u00eb spitalin infektiv.<\/span><\/p>\n<p>Dit\u00ebn e sotme kemi patur rritje t\u00eb numrit t\u00eb infektuarve nga koronavirusi, pasi nj\u00eb vat\u00ebr e re ka nisur n\u00eb Tiran\u00eb n\u00eb nj\u00eb biznes Call Center.<\/p>\n<p>N\u00eb 24 or\u00ebt e fundit jan\u00eb regjistruar 25 raste t\u00eb reja me koronavirus n\u00eb vend, duke e \u00e7uar n\u00eb 1029 numrin total t\u00eb t\u00eb infektuarve. Sipas Ministris\u00eb s\u00eb Sh\u00ebndet\u00ebsis\u00eb 24 raste jan\u00eb n\u00eb Tiran\u00eb, dhe 1 \u00ebsht\u00eb n\u00eb Durr\u00ebs.<\/p>\n<p>E p\u00ebrsa i p\u00ebrket rasteve t\u00eb reja n\u00eb Tiran\u00eb, 15 t\u00eb prekur jan\u00eb nga nj\u00eb Call Center. Mir\u00ebpo emri i k\u00ebtij Call Centeri nuk \u00ebsht\u00eb zbuluar ende zyrtarisht.<\/p>\n","protected":false,"gt_translate_keys":[{"key":"rendered","format":"html"}]},"excerpt":{"rendered":"<p>Regjistrohet viktima e 33-t\u00eb n\u00eb vend nga koronavirusi. Ministria e Sh\u00ebndet\u00ebsis\u00eb ka konfirmuar se k\u00ebt\u00eb m\u00ebngjes ka nd\u00ebrruar jet\u00eb nj\u00eb pacient 69-vje\u00e7ar nga Tirana, me inicialet S.K. Pacienti po trajtohej n\u00eb terapi intensive n\u00eb spitalin infektiv. Dit\u00ebn e sotme kemi patur rritje t\u00eb numrit t\u00eb infektuarve nga koronavirusi, pasi nj\u00eb vat\u00ebr e re ka nisur [&hellip;]<\/p>\n","protected":false,"gt_translate_keys":[{"key":"rendered","format":"html"}]},"author":30,"featured_media":376233,"comment_status":"open","ping_status":"open","sticky":false,"template":"","format":"standard","meta":{"footnotes":""},"categories":[65,13],"tags":[],"class_list":["post-376232","post","type-post","status-publish","format-standard","has-post-thumbnail","hentry","category-lajme","category-te-fundit"],"gt_translate_keys":[{"key":"link","format":"url"}],"_links":{"self":[{"href":"https:\/\/www.hashtag.al\/index.php\/wp-json\/wp\/v2\/posts\/376232","targetHints":{"allow":["GET"]}}],"collection":[{"href":"https:\/\/www.hashtag.al\/index.php\/wp-json\/wp\/v2\/posts"}],"about":[{"href":"https:\/\/www.hashtag.al\/index.php\/wp-json\/wp\/v2\/types\/post"}],"author":[{"embeddable":true,"href":"https:\/\/www.hashtag.al\/index.php\/wp-json\/wp\/v2\/users\/30"}],"replies":[{"embeddable":true,"href":"https:\/\/www.hashtag.al\/index.php\/wp-json\/wp\/v2\/comments?post=376232"}],"version-history":[{"count":0,"href":"https:\/\/www.hashtag.al\/index.php\/wp-json\/wp\/v2\/posts\/376232\/revisions"}],"wp:featuredmedia":[{"embeddable":true,"href":"https:\/\/www.hashtag.al\/index.php\/wp-json\/wp\/v2\/media\/376233"}],"wp:attachment":[{"href":"https:\/\/www.hashtag.al\/index.php\/wp-json\/wp\/v2\/media?parent=376232"}],"wp:term":[{"taxonomy":"category","embeddable":true,"href":"https:\/\/www.hashtag.al\/index.php\/wp-json\/wp\/v2\/categories?post=376232"},{"taxonomy":"post_tag","embeddable":true,"href":"https:\/\/www.hashtag.al\/index.php\/wp-json\/wp\/v2\/tags?post=376232"}],"curies":[{"name":"wp","href":"https:\/\/api.w.org\/{rel}","templated":true}]}}