{"id":376213,"date":"2020-05-26T09:47:07","date_gmt":"2020-05-26T07:47:07","guid":{"rendered":"https:\/\/hashtag.al\/?p=376213"},"modified":"2020-05-26T09:48:56","modified_gmt":"2020-05-26T07:48:56","slug":"basha-e-nis-mengjesin-me-video-selfie-po-shkoj-te-takoj-qytetaret","status":"publish","type":"post","link":"https:\/\/www.hashtag.al\/index.php\/2020\/05\/26\/basha-e-nis-mengjesin-me-video-selfie-po-shkoj-te-takoj-qytetaret\/","title":{"rendered":"Basha e nis m\u00ebngjesin me video-selfie: Po shkoj t\u00eb takoj qytetar\u00ebt","gt_translate_keys":[{"key":"rendered","format":"text"}]},"content":{"rendered":"<p><a href=\"https:\/\/hashtag.al\/wp-content\/uploads\/2020\/05\/Basha-10.jpg\"><img loading=\"lazy\" decoding=\"async\" class=\"aligncenter size-full wp-image-376214\" src=\"https:\/\/hashtag.al\/wp-content\/uploads\/2020\/05\/Basha-10.jpg\" alt=\"\" width=\"1480\" height=\"720\" srcset=\"https:\/\/www.hashtag.al\/wp-content\/uploads\/2020\/05\/Basha-10.jpg 1480w, https:\/\/www.hashtag.al\/wp-content\/uploads\/2020\/05\/Basha-10-300x146.jpg 300w, https:\/\/www.hashtag.al\/wp-content\/uploads\/2020\/05\/Basha-10-768x374.jpg 768w, https:\/\/www.hashtag.al\/wp-content\/uploads\/2020\/05\/Basha-10-1024x498.jpg 1024w\" sizes=\"auto, (max-width: 1480px) 100vw, 1480px\" \/><\/a><\/p>\n<p><span style=\"color: #000000;\">Kreu i Partis\u00eb Demokratike Lulzim Basha e ka nisur m\u00ebngjesin me nj\u00eb video selfie, nga kryq\u00ebzimi i nj\u00ebsis\u00eb Nr.5 t\u00eb Tiran\u00ebs.<\/span><\/p>\n<p><span style=\"color: #000000;\">Basha thot\u00eb se do nis\u00eb takimet ,me bizneset dhe qytetar\u00ebt atje, p\u00ebr t\u00eb d\u00ebgjuar nga af\u00ebr se si ka ndikuar kriza e pandemis\u00eb tek ata.<\/span><\/p>\n<p><em><span style=\"color: #000000;\">\u201cMir\u00ebm\u00ebngjes t\u00eb dashur miq, jam k\u00ebtu n\u00eb nj\u00eb nga kryq\u00ebzimet m\u00eb t\u00eb r\u00ebnduara t\u00eb rrug\u00ebve tek nj\u00ebsia administrative nr.5 n\u00eb Tiran\u00eb. Gati p\u00ebr t\u00eb filluar nj\u00eb takim, nj\u00eb ecje me bizneset e banor\u00ebt e zon\u00ebs. Situata edhe n\u00eb k\u00ebt\u00eb lagje, nj\u00eb nga m\u00eb t\u00eb dendurat e Tiran\u00ebs dhe padyshim n\u00eb zem\u00ebr t\u00eb Tiran\u00ebs, \u00ebsht\u00eb shum\u00eb e v\u00ebshtir\u00eb.<\/span><\/em><\/p>\n<p><em><span style=\"color: #000000;\">Gjat\u00eb dit\u00ebs s\u00eb djeshme kam vizituar dhjet\u00ebra biznese n\u00eb zon\u00ebn e Xhamllikut, tek nj\u00ebsia administrative num\u00ebr.3, nd\u00ebrsa sot do t\u00eb jemi k\u00ebtu me qytetar\u00eb, me pronar\u00eb dhe punopnj\u00ebs t\u00eb bizneseve t\u00eb vogla p\u00ebr t\u00eb par\u00eb se si \u00ebsht\u00eb gjendja aktuale. \u00cbsht\u00eb nj\u00eb m\u00ebngjes plot me l\u00ebvizje, por ajo q\u00eb bie n\u00eb sy fillimisht \u00ebsht\u00eb se numri i njer\u00ebzve n\u00ebp\u00ebr dyqane \u00ebsht\u00eb shum\u00eb i vog\u00ebl, 2-3 lokale q\u00eb jan\u00eb t\u00eb hapura, numri i atyre q\u00eb po e pin\u00eb kafen e m\u00ebngjesit \u00ebsht\u00eb m\u00eb i vog\u00ebl se zakonisht.<\/span><\/em><\/p>\n<p><span style=\"color: #000000;\"><em>Por tani do jem hap pas hapi me ta p\u00ebr ti pyetur se si \u00ebsht\u00eb gjendja e tyre, n\u00ebse kan\u00eb marr\u00eb apo jo ndonj\u00eb ndihm\u00eb, si \u00ebsht\u00eb shtr\u00ebngesa q\u00eb kan\u00eb p\u00ebrjetuar p\u00ebr shkak t\u00eb r\u00ebnies s\u00eb konsumit, si \u00ebsht\u00eb xhiro dhe p\u00ebr t\u00eb diskutuar s\u00ebbashku se \u00e7far\u00eb duhet b\u00ebr\u00eb n\u00eb k\u00ebt\u00eb koh\u00eb t\u00eb v\u00ebshtir\u00eb ekonomike, ku p\u00ebr fat t\u00eb keq kur qeveria duhet t\u00eb ishte n\u00eb krah i ka braktisur dhe i ka l\u00ebn\u00eb n\u00eb m\u00ebshir\u00eb t\u00eb fatit. \u201d<\/em>\u00a0\u2013 thot\u00eb Basha.<\/span><\/p>\n<p><span style=\"color: #000000;\">M\u00eb tej kryedemokrati b\u00ebn akuza ndaj qeveris\u00eb, lidhur me ndihm\u00ebn e munguar p\u00ebr bizneset dhe familjet n\u00eb v\u00ebshtir\u00ebsi. Sipas tij kriza ekonomike n\u00eb Shqip\u00ebri \u00ebsht\u00eb m\u00eb e thell\u00eb se n\u00eb Kosov\u00eb dhe Maqedonis\u00eb s\u00eb Veriut dhe n\u00ebse vazhdohet n\u00eb k\u00ebt\u00eb rit\u00ebm, mund t\u00eb kthehet n\u00eb kriz\u00ebn m\u00eb t\u00eb thell\u00eb n\u00eb gjith\u00eb Ballkanin.<\/span><\/p>\n<p><em><span style=\"color: #000000;\">\u201cNuk ka shkuar p\u00ebr t\u00eb ndihmuar ata por ka shkuap\u00ebr t\u00eb ndihmuar nj\u00eb grusht njer\u00ebzish, oligark\u00ebsh dhe kjo \u00ebsht\u00eb arsyeja se pse kriza ekonomike n\u00eb Shqip\u00ebri \u00ebsht\u00eb m\u00eb e thell\u00eb se n\u00eb Kosov\u00eb, \u00ebsht\u00eb m\u00eb e thell\u00eb se sa n\u00eb Maqedonin\u00eb e Veriut dhe n\u00ebse vazhdon k\u00ebshtu, do thellohet edhe m\u00eb shum\u00eb. Do jet\u00eb kriza m\u00eb e thell\u00eb n\u00eb t\u00eb gjith\u00eb Ballkanin dhe k\u00ebt\u00eb besoj nuk e do askush, nuk mund ta pranojm\u00eb as ne si opozit\u00eb, ndaj kryesorja \u00ebsht\u00eb ta d\u00ebgjojm\u00eb drejtp\u00ebrdrejt nga njer\u00ebzit, gjendjen e tyre reale, pa propagand\u00eb, pa mashtrime, pa g\u00ebnjeshtra. Dhe do diskutojm\u00eb s\u00ebbashku rrug\u00ebt e daljes nga kjo situat\u00eb. N\u00ebse ka vullnet sigurisht ekzistojn\u00eb. Hapi i par\u00eb do t\u00eb jet\u00eb \u00a0ti japim fund tenderave korruptiv\u00eb, koncesioneve, q\u00eb po p\u00ebrthithin gjith\u00eb parat\u00eb e njer\u00ebzve.<\/span><\/em><\/p>\n<p><span style=\"color: #000000;\"><em>\u00a0Do ti kthejm\u00eb ato n\u00eb pagesa t\u00eb tjera, n\u00eb radh\u00eb t\u00eb par\u00eb p\u00ebr konsumator\u00ebt, familjet n\u00eb nevoj\u00eb, ata q\u00eb kan\u00eb humbur pun\u00ebn, xhiron e tyre. Dhe s\u00eb dyti p\u00ebr \u00e7do biznes sepse edhe statistikat e fundit tregojn\u00eb se m\u00eb pak se gjysma a atyre q\u00eb do duhej t\u00eb p\u00ebrfitonin nga VKM-t\u00eb gjysmake t\u00eb qeveris\u00eb, nuk i kan\u00eb marr\u00eb k\u00ebto para akoma. K\u00ebshtu e filloj dit\u00ebn pra nga nj\u00ebsia nr.5, duke ju uruar nj\u00eb dit\u00eb sa m\u00eb t\u00eb mir\u00eb, sa m\u00eb t\u00eb mbar\u00eb, dhe ju uroj q\u00eb k\u00ebto dit\u00eb t\u00eb para t\u00eb \u00e7lirimit nga oraret kuturu, dhe dit\u00ebt e rimarrjes s\u00eb shpres\u00ebsh dhe ringritjes morale q\u00eb do ti paraprij\u00eb ringritjes politike t\u00eb vendit. \u201d\u00a0\u00a0<\/em>\u00a0 &#8211; thot\u00eb Basha.<\/span><\/p>\n<p><iframe loading=\"lazy\" style=\"border: none; overflow: hidden;\" src=\"https:\/\/www.facebook.com\/plugins\/video.php?href=https%3A%2F%2Fwww.facebook.com%2Flulzimbasha.al%2Fvideos%2F320228068965855%2F&amp;show_text=0&amp;width=560\" width=\"560\" height=\"315\" frameborder=\"0\" scrolling=\"no\" allowfullscreen=\"allowfullscreen\"><\/iframe><\/p>\n","protected":false,"gt_translate_keys":[{"key":"rendered","format":"html"}]},"excerpt":{"rendered":"<p>Kreu i Partis\u00eb Demokratike Lulzim Basha e ka nisur m\u00ebngjesin me nj\u00eb video selfie, nga kryq\u00ebzimi i nj\u00ebsis\u00eb Nr.5 t\u00eb Tiran\u00ebs. Basha thot\u00eb se do nis\u00eb takimet ,me bizneset dhe qytetar\u00ebt atje, p\u00ebr t\u00eb d\u00ebgjuar nga af\u00ebr se si ka ndikuar kriza e pandemis\u00eb tek ata. \u201cMir\u00ebm\u00ebngjes t\u00eb dashur miq, jam k\u00ebtu n\u00eb nj\u00eb nga [&hellip;]<\/p>\n","protected":false,"gt_translate_keys":[{"key":"rendered","format":"html"}]},"author":30,"featured_media":376214,"comment_status":"open","ping_status":"open","sticky":false,"template":"","format":"standard","meta":{"footnotes":""},"categories":[65,13],"tags":[],"class_list":["post-376213","post","type-post","status-publish","format-standard","has-post-thumbnail","hentry","category-lajme","category-te-fundit"],"gt_translate_keys":[{"key":"link","format":"url"}],"_links":{"self":[{"href":"https:\/\/www.hashtag.al\/index.php\/wp-json\/wp\/v2\/posts\/376213","targetHints":{"allow":["GET"]}}],"collection":[{"href":"https:\/\/www.hashtag.al\/index.php\/wp-json\/wp\/v2\/posts"}],"about":[{"href":"https:\/\/www.hashtag.al\/index.php\/wp-json\/wp\/v2\/types\/post"}],"author":[{"embeddable":true,"href":"https:\/\/www.hashtag.al\/index.php\/wp-json\/wp\/v2\/users\/30"}],"replies":[{"embeddable":true,"href":"https:\/\/www.hashtag.al\/index.php\/wp-json\/wp\/v2\/comments?post=376213"}],"version-history":[{"count":0,"href":"https:\/\/www.hashtag.al\/index.php\/wp-json\/wp\/v2\/posts\/376213\/revisions"}],"wp:featuredmedia":[{"embeddable":true,"href":"https:\/\/www.hashtag.al\/index.php\/wp-json\/wp\/v2\/media\/376214"}],"wp:attachment":[{"href":"https:\/\/www.hashtag.al\/index.php\/wp-json\/wp\/v2\/media?parent=376213"}],"wp:term":[{"taxonomy":"category","embeddable":true,"href":"https:\/\/www.hashtag.al\/index.php\/wp-json\/wp\/v2\/categories?post=376213"},{"taxonomy":"post_tag","embeddable":true,"href":"https:\/\/www.hashtag.al\/index.php\/wp-json\/wp\/v2\/tags?post=376213"}],"curies":[{"name":"wp","href":"https:\/\/api.w.org\/{rel}","templated":true}]}}