{"id":376205,"date":"2020-05-26T09:04:35","date_gmt":"2020-05-26T07:04:35","guid":{"rendered":"https:\/\/hashtag.al\/?p=376205"},"modified":"2020-05-26T09:04:35","modified_gmt":"2020-05-26T07:04:35","slug":"motocikleta-perfundon-ne-kanal-ne-fushe-kruje-drejtuesi-dergohet-me-urgjence-te-trauma","status":"publish","type":"post","link":"https:\/\/www.hashtag.al\/index.php\/2020\/05\/26\/motocikleta-perfundon-ne-kanal-ne-fushe-kruje-drejtuesi-dergohet-me-urgjence-te-trauma\/","title":{"rendered":"Moto\u00e7ikleta p\u00ebrfundon n\u00eb kanal n\u00eb Fush\u00eb-Kruj\u00eb, drejtuesi d\u00ebrgohet me urgjenc\u00eb te Trauma","gt_translate_keys":[{"key":"rendered","format":"text"}]},"content":{"rendered":"<p><a href=\"https:\/\/hashtag.al\/wp-content\/uploads\/2020\/05\/1590473505_aksidentmotor.jpg\"><img loading=\"lazy\" decoding=\"async\" class=\"aligncenter size-full wp-image-376208\" src=\"https:\/\/hashtag.al\/wp-content\/uploads\/2020\/05\/1590473505_aksidentmotor.jpg\" alt=\"\" width=\"780\" height=\"440\" srcset=\"https:\/\/www.hashtag.al\/wp-content\/uploads\/2020\/05\/1590473505_aksidentmotor.jpg 780w, https:\/\/www.hashtag.al\/wp-content\/uploads\/2020\/05\/1590473505_aksidentmotor-300x169.jpg 300w, https:\/\/www.hashtag.al\/wp-content\/uploads\/2020\/05\/1590473505_aksidentmotor-768x433.jpg 768w\" sizes=\"auto, (max-width: 780px) 100vw, 780px\" \/><\/a><\/p>\n<p><span style=\"color: #000000;\">Nj\u00eb aksident i r\u00ebnd\u00eb ka ndodhur n\u00eb or\u00ebt e para t\u00eb m\u00ebngjesit t\u00eb sot\u00ebm n\u00eb fshatin Murqin\u00eb t\u00eb Fush\u00eb-Kruj\u00ebs.<\/span><\/p>\n<p><span style=\"color: #000000;\">M\u00ebsohet se nj\u00eb moto\u00e7iklet\u00eb ka dal\u00eb nga rruga dhe ka p\u00ebrfunduar n\u00eb nj\u00eb kanal.<\/span><\/p>\n<p><span style=\"color: #000000;\">Mjeti drejtohej nga 40-vje\u00e7ari Lul Toli, banues n\u00eb fshatin Derven, i cili \u00ebsht\u00eb d\u00ebrguar me urgjenc\u00eb drejt Spitalit t\u00eb Traum\u00ebs n\u00eb Tiran\u00eb, ku ndodhet n\u00eb gjendje t\u00eb r\u00ebnd\u00eb.<\/span><\/p>\n<p><span style=\"color: #000000;\">Policia ka nisur hetimet p\u00ebr zbardhjen e rrethanave t\u00eb aksidentit, megjithat\u00eb paraprakisht dyshohet se shkak \u00ebsht\u00eb b\u00ebr\u00eb humbja e kontrollit nga ana e drejtuesit t\u00eb moto\u00e7iklet\u00ebs.<\/span><\/p>\n<p><a href=\"https:\/\/hashtag.al\/wp-content\/uploads\/2020\/05\/5eccba4d69eb1aksident-fushe-kruje-1.jpg\"><img loading=\"lazy\" decoding=\"async\" class=\"aligncenter size-full wp-image-376206\" src=\"https:\/\/hashtag.al\/wp-content\/uploads\/2020\/05\/5eccba4d69eb1aksident-fushe-kruje-1.jpg\" alt=\"\" width=\"1224\" height=\"589\" srcset=\"https:\/\/www.hashtag.al\/wp-content\/uploads\/2020\/05\/5eccba4d69eb1aksident-fushe-kruje-1.jpg 1224w, https:\/\/www.hashtag.al\/wp-content\/uploads\/2020\/05\/5eccba4d69eb1aksident-fushe-kruje-1-300x144.jpg 300w, https:\/\/www.hashtag.al\/wp-content\/uploads\/2020\/05\/5eccba4d69eb1aksident-fushe-kruje-1-768x370.jpg 768w, https:\/\/www.hashtag.al\/wp-content\/uploads\/2020\/05\/5eccba4d69eb1aksident-fushe-kruje-1-1024x493.jpg 1024w\" sizes=\"auto, (max-width: 1224px) 100vw, 1224px\" \/><\/a> <a href=\"https:\/\/hashtag.al\/wp-content\/uploads\/2020\/05\/5eccba5c7fea8aksident-fushe-kruje-2.jpg\"><img loading=\"lazy\" decoding=\"async\" class=\"aligncenter size-full wp-image-376207\" src=\"https:\/\/hashtag.al\/wp-content\/uploads\/2020\/05\/5eccba5c7fea8aksident-fushe-kruje-2.jpg\" alt=\"\" width=\"1217\" height=\"558\" srcset=\"https:\/\/www.hashtag.al\/wp-content\/uploads\/2020\/05\/5eccba5c7fea8aksident-fushe-kruje-2.jpg 1217w, https:\/\/www.hashtag.al\/wp-content\/uploads\/2020\/05\/5eccba5c7fea8aksident-fushe-kruje-2-300x138.jpg 300w, https:\/\/www.hashtag.al\/wp-content\/uploads\/2020\/05\/5eccba5c7fea8aksident-fushe-kruje-2-768x352.jpg 768w, https:\/\/www.hashtag.al\/wp-content\/uploads\/2020\/05\/5eccba5c7fea8aksident-fushe-kruje-2-1024x470.jpg 1024w\" sizes=\"auto, (max-width: 1217px) 100vw, 1217px\" \/><\/a><\/p>\n","protected":false,"gt_translate_keys":[{"key":"rendered","format":"html"}]},"excerpt":{"rendered":"<p>Nj\u00eb aksident i r\u00ebnd\u00eb ka ndodhur n\u00eb or\u00ebt e para t\u00eb m\u00ebngjesit t\u00eb sot\u00ebm n\u00eb fshatin Murqin\u00eb t\u00eb Fush\u00eb-Kruj\u00ebs. M\u00ebsohet se nj\u00eb moto\u00e7iklet\u00eb ka dal\u00eb nga rruga dhe ka p\u00ebrfunduar n\u00eb nj\u00eb kanal. Mjeti drejtohej nga 40-vje\u00e7ari Lul Toli, banues n\u00eb fshatin Derven, i cili \u00ebsht\u00eb d\u00ebrguar me urgjenc\u00eb drejt Spitalit t\u00eb Traum\u00ebs n\u00eb Tiran\u00eb, [&hellip;]<\/p>\n","protected":false,"gt_translate_keys":[{"key":"rendered","format":"html"}]},"author":30,"featured_media":376208,"comment_status":"open","ping_status":"open","sticky":false,"template":"","format":"standard","meta":{"footnotes":""},"categories":[65,13],"tags":[],"class_list":["post-376205","post","type-post","status-publish","format-standard","has-post-thumbnail","hentry","category-lajme","category-te-fundit"],"gt_translate_keys":[{"key":"link","format":"url"}],"_links":{"self":[{"href":"https:\/\/www.hashtag.al\/index.php\/wp-json\/wp\/v2\/posts\/376205","targetHints":{"allow":["GET"]}}],"collection":[{"href":"https:\/\/www.hashtag.al\/index.php\/wp-json\/wp\/v2\/posts"}],"about":[{"href":"https:\/\/www.hashtag.al\/index.php\/wp-json\/wp\/v2\/types\/post"}],"author":[{"embeddable":true,"href":"https:\/\/www.hashtag.al\/index.php\/wp-json\/wp\/v2\/users\/30"}],"replies":[{"embeddable":true,"href":"https:\/\/www.hashtag.al\/index.php\/wp-json\/wp\/v2\/comments?post=376205"}],"version-history":[{"count":0,"href":"https:\/\/www.hashtag.al\/index.php\/wp-json\/wp\/v2\/posts\/376205\/revisions"}],"wp:featuredmedia":[{"embeddable":true,"href":"https:\/\/www.hashtag.al\/index.php\/wp-json\/wp\/v2\/media\/376208"}],"wp:attachment":[{"href":"https:\/\/www.hashtag.al\/index.php\/wp-json\/wp\/v2\/media?parent=376205"}],"wp:term":[{"taxonomy":"category","embeddable":true,"href":"https:\/\/www.hashtag.al\/index.php\/wp-json\/wp\/v2\/categories?post=376205"},{"taxonomy":"post_tag","embeddable":true,"href":"https:\/\/www.hashtag.al\/index.php\/wp-json\/wp\/v2\/tags?post=376205"}],"curies":[{"name":"wp","href":"https:\/\/api.w.org\/{rel}","templated":true}]}}