{"id":376066,"date":"2020-05-25T14:16:20","date_gmt":"2020-05-25T12:16:20","guid":{"rendered":"https:\/\/hashtag.al\/?p=376066"},"modified":"2020-05-25T14:28:29","modified_gmt":"2020-05-25T12:28:29","slug":"raporti-kompanite-farmaceutike-devijuan-fondet-e-be-es-te-destinuara-per-pandemite","status":"publish","type":"post","link":"https:\/\/www.hashtag.al\/index.php\/2020\/05\/25\/raporti-kompanite-farmaceutike-devijuan-fondet-e-be-es-te-destinuara-per-pandemite\/","title":{"rendered":"Raporti &#8211; Gjigant\u00ebt farmaceutik\u00eb devijuan fondet e BE-s\u00eb p\u00ebr pandemit\u00eb","gt_translate_keys":[{"key":"rendered","format":"text"}]},"content":{"rendered":"<p><span style=\"color: #000000;\"><a style=\"color: #000000;\" href=\"https:\/\/hashtag.al\/index.php\/2020\/05\/25\/raporti-kompanite-farmaceutike-devijuan-fondet-e-be-es-te-destinuara-per-pandemite\/kompnaite\/\" rel=\"attachment wp-att-376067\"><img loading=\"lazy\" decoding=\"async\" class=\"aligncenter size-full wp-image-376067\" src=\"https:\/\/hashtag.al\/wp-content\/uploads\/2020\/05\/kompnaite.jpg\" alt=\"\" width=\"980\" height=\"551\" srcset=\"https:\/\/www.hashtag.al\/wp-content\/uploads\/2020\/05\/kompnaite.jpg 980w, https:\/\/www.hashtag.al\/wp-content\/uploads\/2020\/05\/kompnaite-300x169.jpg 300w, https:\/\/www.hashtag.al\/wp-content\/uploads\/2020\/05\/kompnaite-768x432.jpg 768w\" sizes=\"auto, (max-width: 980px) 100vw, 980px\" \/><\/a><\/span><\/p>\n<p><span style=\"color: #000000;\">Parat\u00eb e BE-s\u00eb t\u00eb p\u00ebrfituara nga publiku e t\u00eb destinuara p\u00ebr hulumtime, si\u00e7 jan\u00eb p\u00ebrgatitja ndaj nj\u00eb pandemie, jan\u00eb shnd\u00ebrruar nga industria farmaceutike n\u00eb zona ku mund t\u00eb fitojn\u00eb m\u00eb shum\u00eb para, sipas nj\u00eb raporti t\u00eb ri.<\/span><\/p>\n<p><span style=\"color: #000000;\">Zyrtar\u00ebt n\u00eb Bruksel donin t\u00eb bashk\u00ebfinanconin k\u00ebrkimet q\u00eb do t\u2019i kishin siguruar Bashkimit Evropian q\u00eb t\u00eb p\u00ebrgatitej m\u00eb mir\u00eb p\u00ebr nj\u00eb pandemi t\u00eb ngjashme me at\u00eb q\u00eb po p\u00ebrjetojm\u00eb sot. <\/span><\/p>\n<p><span style=\"color: #000000;\">Por partner\u00ebt e tyre, kompanit\u00eb e m\u00ebdha farmaceutike, kund\u00ebrshtuan propozimin, duke siguruar q\u00eb parat\u00eb e tatimpaguesve europian\u00eb t\u00eb shkonin n\u00eb vend t\u00eb k\u00ebsaj, n\u00eb studime me m\u00eb shum\u00eb mund\u00ebsi p\u00ebr aplikim tregtar.<\/span><\/p>\n<p><span style=\"color: #000000;\"> Me pak fjal\u00eb, lobist\u00ebt e kompanive t\u00eb m\u00ebdha farmaceutike u lejuan t\u00eb drejtonin triliona euro t\u00eb fondeve publike si\u00e7 e pan\u00eb t\u00eb p\u00ebrshtatshme, pretendon nj\u00eb raport i ri.<\/span><\/p>\n<p><span style=\"color: #000000;\">Objektivi i kritik\u00ebs \u00ebsht\u00eb Iniciativa Inovative e Mjek\u00ebsis\u00eb (IMI), nj\u00eb partneritet publik-privat q\u00eb u financua n\u00eb m\u00ebnyr\u00eb t\u00eb barabart\u00eb, midis viteve 2008 dhe 2020, nga grupi i lobimit i Federat\u00ebs Evropiane t\u00eb Industrive Farmaceutike dhe Shoqatave (EFPIA) dhe Komisioni Evropian, me 5.3 miliard\u00eb euro. <\/span><\/p>\n<p><span style=\"color: #000000;\">Parat\u00eb supozohet t\u00eb shkojn\u00eb n\u00eb fusha t\u00eb &#8220;nevoj\u00ebs s\u00eb paplot\u00ebsuar mjek\u00ebsore ose sociale&#8221;, por, n\u00eb praktik\u00eb, p\u00ebrpar\u00ebsit\u00eb e korporatave mbizot\u00ebrojn\u00eb n\u00eb vendimmarrje, sipas organizat\u00ebs joqeveritare Corporate Observatory Europe (COE).<\/span><\/p>\n<p><span style=\"color: #000000;\"><em>&#8220;Ne u zem\u00ebruam kur gjet\u00ebm prova q\u00eb lobi i industris\u00eb farmaceutike EFPIA jo vet\u00ebm q\u00eb nuk e konsideroi p\u00ebrdorimin e financimit p\u00ebr t\u2019u p\u00ebrgatitur p\u00ebr epidemi si\u00e7 \u00ebsht\u00eb ajo e shkaktuar nga koronavirusi i ri, por kund\u00ebrshtoi q\u00eb ai t\u00eb p\u00ebrfshihej n\u00eb pun\u00ebn e IMI-t kur mund\u00ebsia u ngrit nga Komisioni Evropian n\u00eb vitin 2017,&#8221;<\/em> tha nj\u00eb raport i ri i COE.<\/span><\/p>\n<p><span style=\"color: #000000;\">Grupi i ekspert\u00ebve pyeti n\u00ebse parat\u00eb publike t\u00eb BE-s\u00eb ishin zbatuar mir\u00eb p\u00ebrmes IMI-t. Pjesa m\u00eb e madhe e tyre u p\u00ebrdor\u00ebn p\u00ebr t\u00eb hulumtuar mbi kancerin, s\u00ebmundjen e Alzheimerit dhe diabetin &#8211; s\u00ebmundje q\u00eb jan\u00eb potencialisht fitimprur\u00ebse dhe k\u00ebshtu iu kushtohet v\u00ebmendje e af\u00ebrt nga biznesi privat. <\/span><\/p>\n<p><span style=\"color: #000000;\">Por p\u00ebrgatitja ndaj s\u00ebmundjeve infektive si HIV \/ AIDS, s\u00ebmundjet tropikale apo viruset e tjera jan\u00eb anashkaluar nga kjo gj\u00eb, thuhet n\u00eb raport.<\/span><\/p>\n<p><span style=\"color: #000000;\"><strong><span style=\"color: #ff0000;\">VINI RE<\/span><\/strong>: Ky material \u00ebsht\u00eb pron\u00ebsi intelektuale e <a href=\"https:\/\/www.rt.com\/news\/489668-eu-money-big-pharma\/\"><span style=\"color: #0000ff;\">RT<\/span><\/a><\/span><\/p>\n","protected":false,"gt_translate_keys":[{"key":"rendered","format":"html"}]},"excerpt":{"rendered":"<p>Parat\u00eb e BE-s\u00eb t\u00eb p\u00ebrfituara nga publiku e t\u00eb destinuara p\u00ebr hulumtime, si\u00e7 jan\u00eb p\u00ebrgatitja ndaj nj\u00eb pandemie, jan\u00eb shnd\u00ebrruar nga industria farmaceutike n\u00eb zona ku mund t\u00eb fitojn\u00eb m\u00eb shum\u00eb para, sipas nj\u00eb raporti t\u00eb ri. Zyrtar\u00ebt n\u00eb Bruksel donin t\u00eb bashk\u00ebfinanconin k\u00ebrkimet q\u00eb do t\u2019i kishin siguruar Bashkimit Evropian q\u00eb t\u00eb p\u00ebrgatitej m\u00eb [&hellip;]<\/p>\n","protected":false,"gt_translate_keys":[{"key":"rendered","format":"html"}]},"author":51,"featured_media":376067,"comment_status":"open","ping_status":"open","sticky":false,"template":"","format":"standard","meta":{"footnotes":""},"categories":[22,6],"tags":[],"class_list":["post-376066","post","type-post","status-publish","format-standard","has-post-thumbnail","hentry","category-ballina","category-nderkombetare"],"gt_translate_keys":[{"key":"link","format":"url"}],"_links":{"self":[{"href":"https:\/\/www.hashtag.al\/index.php\/wp-json\/wp\/v2\/posts\/376066","targetHints":{"allow":["GET"]}}],"collection":[{"href":"https:\/\/www.hashtag.al\/index.php\/wp-json\/wp\/v2\/posts"}],"about":[{"href":"https:\/\/www.hashtag.al\/index.php\/wp-json\/wp\/v2\/types\/post"}],"author":[{"embeddable":true,"href":"https:\/\/www.hashtag.al\/index.php\/wp-json\/wp\/v2\/users\/51"}],"replies":[{"embeddable":true,"href":"https:\/\/www.hashtag.al\/index.php\/wp-json\/wp\/v2\/comments?post=376066"}],"version-history":[{"count":0,"href":"https:\/\/www.hashtag.al\/index.php\/wp-json\/wp\/v2\/posts\/376066\/revisions"}],"wp:featuredmedia":[{"embeddable":true,"href":"https:\/\/www.hashtag.al\/index.php\/wp-json\/wp\/v2\/media\/376067"}],"wp:attachment":[{"href":"https:\/\/www.hashtag.al\/index.php\/wp-json\/wp\/v2\/media?parent=376066"}],"wp:term":[{"taxonomy":"category","embeddable":true,"href":"https:\/\/www.hashtag.al\/index.php\/wp-json\/wp\/v2\/categories?post=376066"},{"taxonomy":"post_tag","embeddable":true,"href":"https:\/\/www.hashtag.al\/index.php\/wp-json\/wp\/v2\/tags?post=376066"}],"curies":[{"name":"wp","href":"https:\/\/api.w.org\/{rel}","templated":true}]}}