{"id":376058,"date":"2020-05-25T13:57:45","date_gmt":"2020-05-25T11:57:45","guid":{"rendered":"https:\/\/hashtag.al\/?p=376058"},"modified":"2020-05-25T14:00:26","modified_gmt":"2020-05-25T12:00:26","slug":"politologe-mesues-muzikante-e-ekonomiste-cilet-jane-7-ekspertet-qe-firmosen-per-prishjen-e-teatrit-kombetar","status":"publish","type":"post","link":"https:\/\/www.hashtag.al\/index.php\/2020\/05\/25\/politologe-mesues-muzikante-e-ekonomiste-cilet-jane-7-ekspertet-qe-firmosen-per-prishjen-e-teatrit-kombetar\/","title":{"rendered":"Cil\u00ebt jan\u00eb 7 \u201cekspert\u00ebt\u201d q\u00eb firmos\u00ebn p\u00ebr prishjen e Teatrit Komb\u00ebtar","gt_translate_keys":[{"key":"rendered","format":"text"}]},"content":{"rendered":"<p><a href=\"https:\/\/hashtag.al\/index.php\/2020\/05\/25\/politologe-mesues-muzikante-e-ekonomiste-cilet-jane-7-ekspertet-qe-firmosen-per-prishjen-e-teatrit-kombetar\/ekspertetteatri1-jpg4\/\" rel=\"attachment wp-att-376062\"><img loading=\"lazy\" decoding=\"async\" class=\"aligncenter size-full wp-image-376062\" src=\"https:\/\/hashtag.al\/wp-content\/uploads\/2020\/05\/ekspertetteatri1.jpg4_.jpg\" alt=\"\" width=\"2000\" height=\"1200\" srcset=\"https:\/\/www.hashtag.al\/wp-content\/uploads\/2020\/05\/ekspertetteatri1.jpg4_.jpg 2000w, https:\/\/www.hashtag.al\/wp-content\/uploads\/2020\/05\/ekspertetteatri1.jpg4_-300x180.jpg 300w, https:\/\/www.hashtag.al\/wp-content\/uploads\/2020\/05\/ekspertetteatri1.jpg4_-768x461.jpg 768w, https:\/\/www.hashtag.al\/wp-content\/uploads\/2020\/05\/ekspertetteatri1.jpg4_-1024x614.jpg 1024w\" sizes=\"auto, (max-width: 2000px) 100vw, 2000px\" \/><\/a><\/p>\n<p><span style=\"color: #000000;\">N\u00eb vitin 2018, kur bashkia e qeveria sapo kishin nisur procedurat p\u00ebr prishjen e Teatrit Komb\u00ebtar, p\u00ebr t\u00eb qen\u00eb n\u00eb rregull me &#8220;letrat&#8221;, Ministria e Kultur\u00ebs, q\u00eb asokohej drejtohej nga Mirela Kumbaro, ngriti nj\u00eb grup pune q\u00eb p\u00ebrb\u00ebhej nga 7 \u2018ekspert\u00eb\u2019. <\/span><\/p>\n<p><span style=\"color: #000000;\">Ata do vler\u00ebsonin Teatrin Komb\u00ebtar duke dh\u00ebn\u00eb n\u00eb fund nj\u00eb vler\u00ebsim n\u00ebse duhej ruajtur apo prishur. Faqja \u2018Forumi p\u00ebr Trash\u00ebgimin\u00eb Kulturore\u2019 ka publikuar emrat e 7 personave q\u00eb ishin pjes\u00eb e k\u00ebtij grupi dhe q\u00eb firmos\u00ebn n\u00eb fund p\u00ebr prishjen e teatrit, prishte q\u00eb u krye ekzakt\u00ebsisht 2 vjet m\u00eb von\u00eb nga vendimi i grupit t\u00eb \u2018ekspert\u00ebve\u2019.<\/span><\/p>\n<p><span style=\"color: #000000;\">Ky grup pune drejtohej nga Ledion Lako, kandidat i PS-s\u00eb n\u00eb zgjedhjet e viteve 2009 e 2013. P\u00ebrve\u00e7 arsimit p\u00ebr politologji ai ka paraqitur si diplom\u00eb ekselence nj\u00eb kurs certifikimi si kamarier n\u00eb Itali. <\/span><\/p>\n<p><span style=\"color: #000000;\">Grupi vendosi m\u00eb 17 maj 2018 se Teatri Komb\u00ebtar nuk kishte ndonj\u00eb vler\u00eb t\u00eb trash\u00ebgimis\u00eb kulturore dhe arkitekturore dhe iu drejtua K\u00ebshillit t\u00eb Ministrave me nj\u00eb p\u00ebrgjigje pozitive q\u00eb i hapi rrug\u00ebn shkat\u00ebrrimit t\u00eb Teatrit. <\/span><\/p>\n<p><span style=\"color: #000000;\">N\u00eb p\u00ebrb\u00ebrjen e grupit t\u00eb bie n\u00eb sy arsimimi i tyre, me asnj\u00ebrin nga 7 \u2018ekspert\u00ebt\u2019 q\u00eb nuk e ka formimin e duhur p\u00eb t\u00eb marr\u00eb nj\u00eb vendim t\u00eb till\u00eb.<\/span><\/p>\n<p><span style=\"color: #000000;\">&#8220;Qershia mbi tort\u00eb&#8221; \u00ebsht\u00eb miratimi i k\u00ebtij akti ekspertimi nga ministrja Kumbaro, q\u00eb \u00ebsht\u00eb diplomuar si m\u00ebsuese p\u00ebr l\u00ebnd\u00ebn e fr\u00ebngjishtes.\u00a0\u00a0\u00a0<\/span><\/p>\n<p><span style=\"color: #000000;\">Grupi i 7 &#8216;ekspert\u00ebve&#8217;<\/span><\/p>\n<ol>\n<li><span style=\"color: #000000;\"><em>Ledion Lako, Kryetar Komisioni; diplomuar p\u00ebr \u201cPolitologji-Marr\u00ebdh\u00ebnie Nd\u00ebrkomb\u00ebtare\u201d n\u00eb Universitetin \u201cZoja e K\u00ebshillit t\u00eb Mir\u00eb\u201d Tiran\u00eb dhe \u201cMaster\u201d n\u00eb UET; kandidat p\u00ebr deputet i PS m\u00eb 2009, 2013. Media kan\u00eb publikuar dit\u00ebt e fundit q\u00eb drejtor Lako ka paraqitur si diplom\u00eb ekselence n\u00eb Itali nj\u00eb kurs certifikimi si kamarier. N\u00eb fakt, n\u00eb qytetin e Durr\u00ebsit t\u00eb gjith\u00eb e njohin si pasticier t\u00eb talentuar, sektor ku ka patur edhe sukses duke hapur 3 pasticeri t\u00eb ndryshme.<\/em><\/span><\/li>\n<li><span style=\"color: #000000;\"><em> Herida Duro, An\u00ebtare, Drejtore e Politika-Strategjive Kulturore &#8211; Ka p\u00ebrfunduar studimet bachelor dhe master n\u00eb Instrumentin e Viol\u00ebs dhe Muzik\u00ebs s\u00eb Dhom\u00ebs n\u00eb Universitetin e Arteve. Ka p\u00ebrfunduar dhe studimet bachelor p\u00ebr Drejt\u00ebsi n\u00eb Universitetin e Tiran\u00ebs n\u00eb vitin 2011.<\/em><\/span><\/li>\n<li><span style=\"color: #000000;\"><em> Arjan Avrazi, an\u00ebtar, Drejtor i Konceptimit dhe Fizibilitetit t\u00eb Projekteve t\u00eb Kultur\u00ebs &#8211; Diplomuar \u201cKompozicion vallesh popullore dhe iso-polifoni\u201d n\u00eb Universitetin e Arteve;<\/em><\/span><\/li>\n<li><span style=\"color: #000000;\"><em> Kozeta Angjeliu, an\u00ebtare, Drejtore e Programeve dhe Zhvillimit t\u00eb Kultur\u00ebs &#8211; Diplomuar \u201cInxhiniere nd\u00ebrtimi\u201d p\u00ebr objekte banimi e sh\u00ebrbimesh rurale; me eksperienc\u00eb profesionale pran\u00eb Nd\u00ebrmarrjes Komunale Berat;<\/em><\/span><\/li>\n<li><span style=\"color: #000000;\"><em> Elira Dani, an\u00ebtare, Drejtore e Programim Standartizimit t\u00eb Kuadrit Rregullator &#8211; diplomuar n\u00eb 2012 n\u00eb Institutin e Studimeve Europiane, Universitetin e Tiran\u00ebs n\u00eb \u201cMND Legjislacioni dhe Institucionet Europiane\u201d. N\u00eb vitin 2016 \u00ebsht\u00eb diplomuar n\u00eb Universitetin e Tiran\u00ebs, Fakultetin e Ekonomis\u00eb n\u00eb \u201cMA n\u00eb Administrim Publik.\u201d Ka kryet studimet e larta Universitare, n\u00eb Fakultetin Juridik (Jo Publik) \u201cLuarasi\u201d, n\u00eb Deg\u00ebn Drejt\u00ebsi.<\/em><\/span><\/li>\n<li><span style=\"color: #000000;\"><em> Sofjan Jaupaj, an\u00ebtar, K\u00ebshilltar i ministres &#8211; Diplomuar \u201cJurist\u201d dhe i specializuar n\u00eb legjislacionin p\u00ebr t\u00eb drejt\u00ebn e autorit.<\/em><\/span><\/li>\n<li><span style=\"color: #000000;\"><em> Shp\u00ebtim Shehu, an\u00ebtar, Drejtor i Buxhetimit \u2013 Diplomuar n\u00eb Fakultetin Ekonomik n\u00eb Universitetin e Tiran\u00ebs.<\/em><\/span><\/li>\n<\/ol>\n<p><span style=\"color: #000000;\"><em>Miratoi Akt Ekspertimin \u2013 Vler\u00ebsimin e Teatrit Komb\u00ebtar:<\/em><\/span><\/p>\n<p><span style=\"color: #000000;\"><em>Mirela Kumbaro, me detyr\u00eb Ministre e Kultur\u00ebs (2018) &#8211; Diplomuar \u201cM\u00ebsuese p\u00ebr l\u00ebnd\u00ebn \u201cGjuh\u00eb Fr\u00ebngjisht n\u00eb Ciklin e arsimit 8-vje\u00e7ar\u201d n\u00eb universitetin e Tiran\u00ebs.<\/em><\/span><\/p>\n<p><span style=\"color: #000000;\"><em>K\u00ebto t\u00eb dh\u00ebna mbi diplomimet jan\u00eb bazuar mbi CV dhe biot e stafit n\u00eb faqen zyrtare t\u00eb Ministris\u00eb s\u00eb Kultur\u00ebs.\u201d<\/em> \u2013 thuhet n\u00eb reagimin e Forumit p\u00ebr Mbrojtjen e Trash\u00ebgimis\u00eb Kulturore n\u00eb Facebook.<\/span><\/p>\n<p><span style=\"color: #000000;\"><a style=\"color: #000000;\" href=\"https:\/\/hashtag.al\/index.php\/2020\/05\/25\/politologe-mesues-muzikante-e-ekonomiste-cilet-jane-7-ekspertet-qe-firmosen-per-prishjen-e-teatrit-kombetar\/ekspertetteatri1-jpg2\/\" rel=\"attachment wp-att-376059\"><img loading=\"lazy\" decoding=\"async\" class=\"aligncenter size-full wp-image-376059\" src=\"https:\/\/hashtag.al\/wp-content\/uploads\/2020\/05\/ekspertetteatri1.jpg2_.jpg\" alt=\"\" width=\"432\" height=\"574\" srcset=\"https:\/\/www.hashtag.al\/wp-content\/uploads\/2020\/05\/ekspertetteatri1.jpg2_.jpg 432w, https:\/\/www.hashtag.al\/wp-content\/uploads\/2020\/05\/ekspertetteatri1.jpg2_-226x300.jpg 226w\" sizes=\"auto, (max-width: 432px) 100vw, 432px\" \/><\/a><\/span><\/p>\n<p><span style=\"color: #000000;\"><a style=\"color: #000000;\" href=\"https:\/\/hashtag.al\/index.php\/2020\/05\/25\/politologe-mesues-muzikante-e-ekonomiste-cilet-jane-7-ekspertet-qe-firmosen-per-prishjen-e-teatrit-kombetar\/ekspertetteatri1\/\" rel=\"attachment wp-att-376060\"><img loading=\"lazy\" decoding=\"async\" class=\"aligncenter size-full wp-image-376060\" src=\"https:\/\/hashtag.al\/wp-content\/uploads\/2020\/05\/ekspertetteatri1.jpg\" alt=\"\" width=\"742\" height=\"960\" srcset=\"https:\/\/www.hashtag.al\/wp-content\/uploads\/2020\/05\/ekspertetteatri1.jpg 742w, https:\/\/www.hashtag.al\/wp-content\/uploads\/2020\/05\/ekspertetteatri1-232x300.jpg 232w\" sizes=\"auto, (max-width: 742px) 100vw, 742px\" \/><\/a><\/span><\/p>\n<p><span style=\"color: #000000;\"><a style=\"color: #000000;\" href=\"https:\/\/hashtag.al\/index.php\/2020\/05\/25\/politologe-mesues-muzikante-e-ekonomiste-cilet-jane-7-ekspertet-qe-firmosen-per-prishjen-e-teatrit-kombetar\/ekspertetteatri1-jpg3\/\" rel=\"attachment wp-att-376061\"><img loading=\"lazy\" decoding=\"async\" class=\"aligncenter size-full wp-image-376061\" src=\"https:\/\/hashtag.al\/wp-content\/uploads\/2020\/05\/ekspertetteatri1.jpg3_.jpg\" alt=\"\" width=\"742\" height=\"960\" srcset=\"https:\/\/www.hashtag.al\/wp-content\/uploads\/2020\/05\/ekspertetteatri1.jpg3_.jpg 742w, https:\/\/www.hashtag.al\/wp-content\/uploads\/2020\/05\/ekspertetteatri1.jpg3_-232x300.jpg 232w\" sizes=\"auto, (max-width: 742px) 100vw, 742px\" \/><\/a><\/span><\/p>\n","protected":false,"gt_translate_keys":[{"key":"rendered","format":"html"}]},"excerpt":{"rendered":"<p>N\u00eb vitin 2018, kur bashkia e qeveria sapo kishin nisur procedurat p\u00ebr prishjen e Teatrit Komb\u00ebtar, p\u00ebr t\u00eb qen\u00eb n\u00eb rregull me &#8220;letrat&#8221;, Ministria e Kultur\u00ebs, q\u00eb asokohej drejtohej nga Mirela Kumbaro, ngriti nj\u00eb grup pune q\u00eb p\u00ebrb\u00ebhej nga 7 \u2018ekspert\u00eb\u2019. Ata do vler\u00ebsonin Teatrin Komb\u00ebtar duke dh\u00ebn\u00eb n\u00eb fund nj\u00eb vler\u00ebsim n\u00ebse duhej ruajtur [&hellip;]<\/p>\n","protected":false,"gt_translate_keys":[{"key":"rendered","format":"html"}]},"author":51,"featured_media":376062,"comment_status":"open","ping_status":"open","sticky":false,"template":"","format":"standard","meta":{"footnotes":""},"categories":[22,65,13],"tags":[],"class_list":["post-376058","post","type-post","status-publish","format-standard","has-post-thumbnail","hentry","category-ballina","category-lajme","category-te-fundit"],"gt_translate_keys":[{"key":"link","format":"url"}],"_links":{"self":[{"href":"https:\/\/www.hashtag.al\/index.php\/wp-json\/wp\/v2\/posts\/376058","targetHints":{"allow":["GET"]}}],"collection":[{"href":"https:\/\/www.hashtag.al\/index.php\/wp-json\/wp\/v2\/posts"}],"about":[{"href":"https:\/\/www.hashtag.al\/index.php\/wp-json\/wp\/v2\/types\/post"}],"author":[{"embeddable":true,"href":"https:\/\/www.hashtag.al\/index.php\/wp-json\/wp\/v2\/users\/51"}],"replies":[{"embeddable":true,"href":"https:\/\/www.hashtag.al\/index.php\/wp-json\/wp\/v2\/comments?post=376058"}],"version-history":[{"count":0,"href":"https:\/\/www.hashtag.al\/index.php\/wp-json\/wp\/v2\/posts\/376058\/revisions"}],"wp:featuredmedia":[{"embeddable":true,"href":"https:\/\/www.hashtag.al\/index.php\/wp-json\/wp\/v2\/media\/376062"}],"wp:attachment":[{"href":"https:\/\/www.hashtag.al\/index.php\/wp-json\/wp\/v2\/media?parent=376058"}],"wp:term":[{"taxonomy":"category","embeddable":true,"href":"https:\/\/www.hashtag.al\/index.php\/wp-json\/wp\/v2\/categories?post=376058"},{"taxonomy":"post_tag","embeddable":true,"href":"https:\/\/www.hashtag.al\/index.php\/wp-json\/wp\/v2\/tags?post=376058"}],"curies":[{"name":"wp","href":"https:\/\/api.w.org\/{rel}","templated":true}]}}