{"id":375817,"date":"2020-05-24T12:30:46","date_gmt":"2020-05-24T10:30:46","guid":{"rendered":"https:\/\/hashtag.al\/?p=375817"},"modified":"2020-05-24T12:44:53","modified_gmt":"2020-05-24T10:44:53","slug":"faktet-derguar-ambasadoreve-per-shembjen-e-teatrit","status":"publish","type":"post","link":"https:\/\/www.hashtag.al\/index.php\/2020\/05\/24\/faktet-derguar-ambasadoreve-per-shembjen-e-teatrit\/","title":{"rendered":"Faktet d\u00ebrguar ambasador\u00ebve p\u00ebr shembjen e Teatrit","gt_translate_keys":[{"key":"rendered","format":"text"}]},"content":{"rendered":"<p><a href=\"https:\/\/hashtag.al\/wp-content\/uploads\/2020\/05\/teatri.jpg8_.jpg\"><img loading=\"lazy\" decoding=\"async\" class=\"aligncenter size-full wp-image-374174\" src=\"https:\/\/hashtag.al\/wp-content\/uploads\/2020\/05\/teatri.jpg8_.jpg\" alt=\"\" width=\"900\" height=\"553\" srcset=\"https:\/\/www.hashtag.al\/wp-content\/uploads\/2020\/05\/teatri.jpg8_.jpg 900w, https:\/\/www.hashtag.al\/wp-content\/uploads\/2020\/05\/teatri.jpg8_-300x184.jpg 300w, https:\/\/www.hashtag.al\/wp-content\/uploads\/2020\/05\/teatri.jpg8_-768x472.jpg 768w\" sizes=\"auto, (max-width: 900px) 100vw, 900px\" \/><\/a><\/p>\n<p><span style=\"color: #000000;\">Instituti i Studimeve Politike si dhe Instituti Shqiptar i Shkenc\u00ebs, i jan\u00eb drejtuar p\u00ebrmes nj\u00eb <span style=\"color: #0000ff;\"><a style=\"color: #0000ff;\" href=\"http:\/\/ais.al\/new\/permbledhje-e-perpjekjeve-per-prishjen-e-godines-se-teatrit-kombetar-thellesisht-e-lidhur-me-sundimin-e-ligjit-dhe-demokracine\/?fbclid=IwAR1GKp_zASbxiz4ExRBsBU4jvIITit_R4B5PufvzRaXaTVY0eoP4kpWKK-o\">letre<\/a> <\/span>ambasador\u00ebve, diplomat\u00ebve, organizmave nd\u00ebrkomb\u00ebtar n\u00eb Tiran\u00eb, n\u00eb t\u00eb cil\u00ebn renditin faktet lidhur me shkat\u00ebrrimin e Teatrit Komb\u00ebtar.<\/span><\/p>\n<p><span style=\"color: #000000;\">P\u00ebrmes k\u00ebsaj letre ata k\u00ebrkojn\u00eb q\u00eb ambasador\u00ebt t\u00eb ndjekin nga af\u00ebr zhvillimin lidhur me procedimin n\u00eb Gjykat\u00ebn Kushtetuese, nd\u00ebrsa rendisin disa video dhe fakte q\u00eb d\u00ebshmojn\u00eb p\u00ebr dhun\u00ebn e policis\u00eb ndaj protestuesve apo shembjen e Teatrit n\u00eb kund\u00ebrshtim me Kushtetut\u00ebn.<\/span><\/p>\n<p><strong><span style=\"color: #000000;\">LETRA<\/span><\/strong><\/p>\n<p><span style=\"color: #000000;\"><a style=\"color: #000000;\" href=\"http:\/\/ais.al\/new\/en\/\">AIS<\/a>\u00a0dhe\u00a0<a style=\"color: #000000;\" href=\"http:\/\/isp.com.al\/\">ISP<\/a>\u00a0kan\u00eb ndjekur me shqet\u00ebsim zhvillimet e lidhura me Godin\u00ebn e Teatrit Komb\u00ebtar. Veprimet institucionale t\u00eb finalizuara n\u00eb dat\u00ebn 17 Maj 2020 me prishjen e Teatrit. Momente t\u00eb r\u00ebnd\u00ebsishme t\u00eb zhvillimeve jan\u00eb listuar n\u00eb dokumentin \u201cP\u00ebrmbledhje e fakteve t\u00eb p\u00ebrgatitura\u201d dhe q\u00eb d\u00ebshirojm\u00eb t\u00eb ndajm\u00eb me Ju.<\/span><\/p>\n<p><span style=\"color: #000000;\">Kjo p\u00ebrmbledhje hedh drit\u00eb mbi faktin se Debati mbi Shkat\u00ebrrimin e Teatrit Komb\u00ebtar nuk \u00ebsht\u00eb thjesht pjes\u00eb e konfliktit estetik apo partiak n\u00eb vend. Aktet, Veprimet, Mosveprimet Institucionale sikurse Operacioni polic i daton 17 maj jan\u00eb thell\u00ebsisht elemente qe lidhen me Shtetin e s\u00eb Drejt\u00ebs dhe Demokracin\u00eb.<\/span><\/p>\n<p><span style=\"color: #000000;\">E gjith\u00eb veprimtaria e Parlamentit, K\u00ebshillit t\u00eb Ministrave dhe Bashkis\u00eb Tiran\u00eb n\u00eb rastin e Teatrit Komb\u00ebtar \u00ebsht\u00eb hartuar dhe zhvilluar n\u00eb opinionin ton\u00eb, n\u00eb kund\u00ebrshtim me Kushtetut\u00ebn. Parlamenti shqiptar ka hartuar nj\u00eb ligj t\u00eb posa\u00e7\u00ebm p\u00ebr nd\u00ebrtimin e teatrit t\u00eb ri komb\u00ebtar. Duke hequr praktikisht dor\u00eb nga ligji i ri, K\u00ebshilli i Ministrave miratoi gjithashtu edhe Vendimin, por p\u00ebr t\u00eb nj\u00ebjtin q\u00ebllim \u2013 prishjen e teatrit. T\u00eb dy k\u00ebto akte jan\u00eb kund\u00ebrshtuar n\u00eb Gjykat\u00ebn Kushtetuese, kjo e fundit i ka pranuar (t\u00eb dyja) dhe ka konfirmuar se do t\u2019i gjykoj\u00eb sapo t\u00eb plot\u00ebsohet kuorumi.<\/span><\/p>\n<p><span style=\"color: #000000;\">Pa pritur vendimin e Gjykat\u00ebs Kushtetuese, fshehurazi dhe kund\u00ebr t\u00eb gjitha parimeve dhe normave t\u00eb ligjit, K\u00ebshilli Bashkiak i Tiran\u00ebs brenda nj\u00eb dite miratoi shkat\u00ebrrimin e nd\u00ebrtes\u00ebs s\u00eb teatrit komb\u00ebtar dhe brenda 24 or\u00ebsh ky vendim u ekzekutua n\u00eb 4.30 t\u00eb m\u00ebngjesit nga Policia e Shtetit. Policia e Shtetit ka p\u00ebrdorur dhun\u00eb joproporcionale dhe veprimet e saj jan\u00eb n\u00eb shkelje t\u00eb t\u00eb drejtave t\u00eb njeriut, n\u00eb d\u00ebm t\u00eb jet\u00ebve t\u00eb artist\u00ebve dhe aktivist\u00ebve q\u00eb ishin brenda nd\u00ebrtes\u00ebs s\u00eb Teatrit Komb\u00ebtar.<\/span><\/p>\n<p><span style=\"color: #000000;\">Ky veprim erdhi pas dy vjet lufte midis autoriteteve shqiptare dhe nj\u00eb pjese t\u00eb komunitetit artistik shqiptar dhe shtetasve q\u00eb synonin \u201ct\u00eb shp\u00ebtonin\u201d nd\u00ebrtes\u00ebn nga planet e qeveris\u00eb.<\/span><\/p>\n<p><span style=\"color: #000000;\">N\u00eb vend q\u00eb t\u00eb merrnin koh\u00eb p\u00ebr t\u00eb shqyrtuar ligjishm\u00ebrin\u00eb e vendimit t\u00eb tyre dhe p\u00ebr t\u00eb hapur dialogun me shoq\u00ebrin\u00eb civile dhe ekspert\u00ebt, autoritetet shqiptare vendos\u00ebn t\u00eb p\u00ebrdorin dit\u00ebn e fundit t\u00eb masave t\u00eb posa\u00e7me t\u00eb urgjenc\u00ebs sh\u00ebndet\u00ebsore t\u00eb marra n\u00eb p\u00ebrgjigje t\u00eb epidemis\u00eb s\u00eb COVID19, p\u00ebr t\u00eb shkat\u00ebrruar teatrin.<\/span><\/p>\n<p><span style=\"color: #000000;\">Ne u b\u00ebjm\u00eb thirrje Organizatave Nd\u00ebrkomb\u00ebtare, BE-s\u00eb dhe miqve t\u00eb Shqip\u00ebris\u00eb t\u00eb ndjekin nga af\u00ebr zhvillimet n\u00eb procedimin n\u00eb gjykat\u00ebn kushtetuese t\u00eb k\u00ebrkesave t\u00eb Presidentit T\u00eb Republik\u00ebs, p\u00ebr t\u00eb mbikqyrur t\u00eb gjitha veprimet e autoriteteve t\u00eb prokuroris\u00eb p\u00ebr hetimin e rastit t\u00eb Teatrit Komb\u00ebtar dhe mosproporcionalitetit t\u00eb p\u00ebrdorur nga forcat policore.<\/span><\/p>\n<p><span style=\"color: #000000;\">Ju lutem gjeni nj\u00eb p\u00ebrmbledhje t\u00eb fakteve dhe Zhvillimeve dy vjecare mbi Teatrin Kombetar, k\u00ebtu :<span style=\"color: #0000ff;\">\u00a0<a style=\"color: #0000ff;\" href=\"http:\/\/ais.al\/new\/wp-content\/uploads\/Permbledhje-per-teatrin_shqip.docx\">Shqip<\/a>\u00a0<\/span>dhe\u00a0<span style=\"color: #0000ff;\"><a style=\"color: #0000ff;\" href=\"http:\/\/ais.al\/new\/wp-content\/uploads\/National-Theater-overview.docx\">Anglisht<\/a><\/span><\/span><\/p>\n<p><span style=\"color: #000000;\">Momenti i shkat\u00ebrrimit t\u00eb Teatrit Komb\u00ebtar , video\u00a0<span style=\"color: #0000ff;\"><a style=\"color: #0000ff;\" href=\"https:\/\/www.rtsh.al\/wp-content\/uploads\/2020\/05\/WhatsApp-Video-2020-05-17-at-09.50.51.mp4?_=1\">RTSH<\/a><\/span><\/span><\/p>\n<p><span style=\"color: #000000;\">Pamje Amatore Efektiva t\u00eb armatosur me automatik brenda Godin\u00ebs s\u00eb Teatrit. Xhiruar nga Aktivist n\u00eb Mbrojtje t\u00eb Godin\u00ebs (Titra Shqip),\u00a0<span style=\"color: #0000ff;\"><a style=\"color: #0000ff;\" href=\"https:\/\/www.youtube.com\/watch?v=oYN3USM6PB4&amp;feature=youtu.be\">Video\u00a0<\/a><\/span><\/span><\/p>\n<p><span style=\"color: #000000;\"><span style=\"color: #0000ff;\"><a style=\"color: #0000ff;\" href=\"https:\/\/youtu.be\/A3zQvvrHUq8\">Video<\/a>\u00a0<\/span>dhe Audio (me titra), Shoq\u00ebrohet gazetari Ariglon Pali. Realizuar 17 maj brenda fugonit t\u00eb Policis\u00eb. Efektivi urdh\u00ebron gazetarin t\u00eb fshij\u00eb at\u00eb q\u00eb ka xhiruar dhe t\u00eb dor\u00ebzoj\u00eb celularin.<\/span><\/p>\n<p><span style=\"color: #000000;\"><span style=\"color: #0000ff;\"><a style=\"color: #0000ff;\" href=\"https:\/\/www.youtube.com\/watch?v=MYKNKTbe-Zk&amp;feature=youtu.be\">Video<\/a>\u00a0<\/span>Amatore dalja e forcave t\u00eb nd\u00ebrhyrjes s\u00eb shpejt me armatim nga rrethimi i godin\u00ebs M\u00ebngjes data 17 Maj 2020<\/span><\/p>\n<p><span style=\"color: #000000;\"><span style=\"color: #0000ff;\"><a style=\"color: #0000ff;\" href=\"https:\/\/www.youtube.com\/watch?v=dH3aIcCasqw&amp;feature=youtu.be\">Video<\/a>\u00a0<\/span>Amatore 17 Maj 2020 \u2013 Arkitektja dhe Aktivistja Doriana Musai deshmon momentet e Shembjes se Teatrit Kombetar dhe dalja e forcave t\u00eb nd\u00ebrhyrjes s\u00eb shpejt me armatim nga rrethimi i godin\u00ebs.<\/span><\/p>\n<p><span style=\"color: #000000;\">Video amatore, policia nxjerr me dhun\u00eb aktor\u00ebt dhe aktivist\u00ebt e Teatrit Komb\u00ebtar \u2013\u00a0<span style=\"color: #0000ff;\"><a style=\"color: #0000ff;\" href=\"https:\/\/www.youtube.com\/watch?v=AlTFZ2QTcSo\">Video 1<\/a>,\u00a0<a style=\"color: #0000ff;\" href=\"https:\/\/www.youtube.com\/watch?v=MYKNKTbe-Zk&amp;feature=youtu.be\">Video 2<\/a><\/span><\/span><\/p>\n<p><span style=\"color: #000000;\">Shoq\u00ebrim i Aktorit Neritan Licaj nga Policia\u00a0<a style=\"color: #000000;\" href=\"https:\/\/youtu.be\/gJZr-UtO1pk\">Video<\/a>\u00a0amatore<\/span><\/p>\n<p><span style=\"color: #000000;\"><span style=\"color: #0000ff;\"><a style=\"color: #0000ff;\" href=\"https:\/\/youtu.be\/DzrX7jcGIXo\">Video<\/a>\u00a0<\/span>\u2013 Foto arkiva fondi Drama Shqipe, pjes\u00eb e fondit t\u00eb Let\u00ebrsis\u00eb Shqiptare zhanri Dram\u00eb dhe Pjes\u00eb Teatrale, t\u00eb shkuara n\u00eb 50 vite nga autor shqiptar nga Kosova e Republika e Shqip\u00ebris\u00eb. Tashm\u00eb \u00a0t\u00eb humbura n\u00ebn rr\u00ebnoja. Foto p\u00ebrpara shembjes nga Adela Budina.<\/span><\/p>\n<p><span style=\"color: #000000;\">Video Protesta Qytetare dhe p\u00ebrplasje me Policin\u00eb gjat\u00eb or\u00ebve q\u00eb shembej godina \u00a0(xhiruar nga celulari B. Hysa) \u2013\u00a0<span style=\"color: #0000ff;\"><a style=\"color: #0000ff;\" href=\"https:\/\/youtu.be\/APsW6e0AdoU\">Video 1<\/a>,\u00a0<a style=\"color: #0000ff;\" href=\"https:\/\/youtu.be\/D9mqmConK0Q\">Video 2<\/a>,\u00a0<a style=\"color: #0000ff;\" href=\"https:\/\/youtu.be\/NTIpwC86fDQ\">Video 3<\/a>,\u00a0<a style=\"color: #0000ff;\" href=\"https:\/\/youtu.be\/WPn6KCJi7OM\">Video 4\u00a0<\/a><\/span><\/span><\/p>\n<p><span style=\"color: #000000;\">Ne do t\u00eb vijojm\u00eb t\u00eb monitorojm\u00eb zhvillimet ligjore dhe faktike mbi k\u00ebt\u00eb c\u00ebshjte.<\/span><\/p>\n<p>&nbsp;<\/p>\n","protected":false,"gt_translate_keys":[{"key":"rendered","format":"html"}]},"excerpt":{"rendered":"<p>Instituti i Studimeve Politike si dhe Instituti Shqiptar i Shkenc\u00ebs, i jan\u00eb drejtuar p\u00ebrmes nj\u00eb letre ambasador\u00ebve, diplomat\u00ebve, organizmave nd\u00ebrkomb\u00ebtar n\u00eb Tiran\u00eb, n\u00eb t\u00eb cil\u00ebn renditin faktet lidhur me shkat\u00ebrrimin e Teatrit Komb\u00ebtar. P\u00ebrmes k\u00ebsaj letre ata k\u00ebrkojn\u00eb q\u00eb ambasador\u00ebt t\u00eb ndjekin nga af\u00ebr zhvillimin lidhur me procedimin n\u00eb Gjykat\u00ebn Kushtetuese, nd\u00ebrsa rendisin disa video [&hellip;]<\/p>\n","protected":false,"gt_translate_keys":[{"key":"rendered","format":"html"}]},"author":30,"featured_media":374181,"comment_status":"open","ping_status":"open","sticky":false,"template":"","format":"standard","meta":{"footnotes":""},"categories":[65,13],"tags":[],"class_list":["post-375817","post","type-post","status-publish","format-standard","has-post-thumbnail","hentry","category-lajme","category-te-fundit"],"gt_translate_keys":[{"key":"link","format":"url"}],"_links":{"self":[{"href":"https:\/\/www.hashtag.al\/index.php\/wp-json\/wp\/v2\/posts\/375817","targetHints":{"allow":["GET"]}}],"collection":[{"href":"https:\/\/www.hashtag.al\/index.php\/wp-json\/wp\/v2\/posts"}],"about":[{"href":"https:\/\/www.hashtag.al\/index.php\/wp-json\/wp\/v2\/types\/post"}],"author":[{"embeddable":true,"href":"https:\/\/www.hashtag.al\/index.php\/wp-json\/wp\/v2\/users\/30"}],"replies":[{"embeddable":true,"href":"https:\/\/www.hashtag.al\/index.php\/wp-json\/wp\/v2\/comments?post=375817"}],"version-history":[{"count":0,"href":"https:\/\/www.hashtag.al\/index.php\/wp-json\/wp\/v2\/posts\/375817\/revisions"}],"wp:featuredmedia":[{"embeddable":true,"href":"https:\/\/www.hashtag.al\/index.php\/wp-json\/wp\/v2\/media\/374181"}],"wp:attachment":[{"href":"https:\/\/www.hashtag.al\/index.php\/wp-json\/wp\/v2\/media?parent=375817"}],"wp:term":[{"taxonomy":"category","embeddable":true,"href":"https:\/\/www.hashtag.al\/index.php\/wp-json\/wp\/v2\/categories?post=375817"},{"taxonomy":"post_tag","embeddable":true,"href":"https:\/\/www.hashtag.al\/index.php\/wp-json\/wp\/v2\/tags?post=375817"}],"curies":[{"name":"wp","href":"https:\/\/api.w.org\/{rel}","templated":true}]}}