{"id":375623,"date":"2020-05-23T13:19:29","date_gmt":"2020-05-23T11:19:29","guid":{"rendered":"https:\/\/hashtag.al\/?p=375623"},"modified":"2020-05-23T13:35:35","modified_gmt":"2020-05-23T11:35:35","slug":"mori-pjese-ne-protesten-e-teatrit-vajza-e-zv-ministrit-artan-shkreli-jep-doreheqjen","status":"publish","type":"post","link":"https:\/\/www.hashtag.al\/index.php\/2020\/05\/23\/mori-pjese-ne-protesten-e-teatrit-vajza-e-zv-ministrit-artan-shkreli-jep-doreheqjen\/","title":{"rendered":"Mori pjes\u00eb n\u00eb protest\u00ebn e Teatrit, vajza e zv.ministrit Artan Shkreli jep dor\u00ebheqjen","gt_translate_keys":[{"key":"rendered","format":"text"}]},"content":{"rendered":"<p><a href=\"https:\/\/hashtag.al\/wp-content\/uploads\/2020\/05\/Ana-Shkreli-1.jpg\"><img loading=\"lazy\" decoding=\"async\" class=\"aligncenter size-full wp-image-375625\" src=\"https:\/\/hashtag.al\/wp-content\/uploads\/2020\/05\/Ana-Shkreli-1.jpg\" alt=\"\" width=\"1024\" height=\"683\" srcset=\"https:\/\/www.hashtag.al\/wp-content\/uploads\/2020\/05\/Ana-Shkreli-1.jpg 1024w, https:\/\/www.hashtag.al\/wp-content\/uploads\/2020\/05\/Ana-Shkreli-1-300x200.jpg 300w, https:\/\/www.hashtag.al\/wp-content\/uploads\/2020\/05\/Ana-Shkreli-1-768x512.jpg 768w\" sizes=\"auto, (max-width: 1024px) 100vw, 1024px\" \/><\/a><\/p>\n<p><span style=\"color: #000000;\">Ana Shkreli, drejtoresha e \u201cSht\u00ebpis\u00eb Muze\u201d t\u00eb Kadares\u00eb n\u00eb Tiran\u00eb ka dh\u00ebn\u00eb dor\u00ebheqjen nga posti i saj. Kjo pas protestave kund\u00ebr shembjes s\u00eb Godin\u00ebs s\u00eb Teatrit Komb\u00ebtar n\u00eb t\u00eb cilat ka marr\u00eb pjes\u00eb.<\/span><\/p>\n<p><span style=\"color: #000000;\">Ka qen\u00eb nj\u00eb postim n\u00eb rrjetet sociale e cila ka inicuar thashethemet p\u00ebr largimin e saj.<em> \u201cN\u00eb or\u00ebn time t\u00eb zez\u00eb mendova se njer\u00ebzit p\u00ebr lirin\u00eb kan\u00eb dh\u00ebn\u00eb jet\u00ebn. Fillime t\u00eb reja\u201d<\/em> \u2013 shkruante ajo, e m\u00eb pas miqt\u00eb e saj e uronin n\u00eb rrug\u00ebn e saj.<\/span><\/p>\n<p><a href=\"https:\/\/hashtag.al\/wp-content\/uploads\/2020\/05\/Capture-114.png\"><img loading=\"lazy\" decoding=\"async\" class=\"aligncenter size-full wp-image-375626\" src=\"https:\/\/hashtag.al\/wp-content\/uploads\/2020\/05\/Capture-114.png\" alt=\"\" width=\"577\" height=\"180\" srcset=\"https:\/\/www.hashtag.al\/wp-content\/uploads\/2020\/05\/Capture-114.png 577w, https:\/\/www.hashtag.al\/wp-content\/uploads\/2020\/05\/Capture-114-300x94.png 300w\" sizes=\"auto, (max-width: 577px) 100vw, 577px\" \/><\/a><\/p>\n<p><span style=\"color: #000000;\">Ana Shkreli \u00ebsht\u00eb vajza e zv.ministrit t\u00eb Infrastruktur\u00ebs, Artan Shkrelit dhe e ish-deputetes socialiste, Ledi Shamku. Po ashtu \u00ebsht\u00eb partnerja e kreut t\u00eb FRPD-s\u00eb Belind K\u00eblli\u00e7it.<\/span><\/p>\n<p><span style=\"color: #000000;\">Ajo ishte iniciatore dhe punoi fort p\u00ebr ngritjen e sht\u00ebpis\u00eb muze t\u00eb shkrimtarit Ismail Kadare. Por ajo gjithashtu ishte kund\u00ebr shembjes s\u00eb Teatrit dhe \u00ebsht\u00eb par\u00eb e fotografuar n\u00eb protest\u00eb.<\/span><\/p>\n<p><span style=\"color: #000000;\">E edukuar n\u00eb Universitetin e Bolonj\u00ebs p\u00ebr Let\u00ebrsi dhe Trash\u00ebgimi Kulturore, si dhe e masterizuar n\u00eb Lond\u00ebr p\u00ebr publikimet, Ana Shkreli nuk mund t\u00eb rrinte duarkryq kur shihte se si Teatri po rr\u00ebzohej.<\/span><\/p>\n<p><a href=\"https:\/\/hashtag.al\/wp-content\/uploads\/2020\/05\/Ana-Shkreli.jpg\"><img loading=\"lazy\" decoding=\"async\" class=\"aligncenter size-full wp-image-375624\" src=\"https:\/\/hashtag.al\/wp-content\/uploads\/2020\/05\/Ana-Shkreli.jpg\" alt=\"\" width=\"768\" height=\"1024\" srcset=\"https:\/\/www.hashtag.al\/wp-content\/uploads\/2020\/05\/Ana-Shkreli.jpg 768w, https:\/\/www.hashtag.al\/wp-content\/uploads\/2020\/05\/Ana-Shkreli-225x300.jpg 225w\" sizes=\"auto, (max-width: 768px) 100vw, 768px\" \/><\/a><\/p>\n<p><span style=\"color: #000000;\">Gazeta <span style=\"color: #0000ff;\"><a style=\"color: #0000ff;\" href=\"https:\/\/gazetamapo.al\/protesta-per-teatrin-jep-doreheqjen-ana-shkreli\/\">Mapo<\/a> <\/span>shkruan se kryebashkiaku i Tiran\u00ebs, Erion Veliaj, pasi ka siguruar foto t\u00eb sajat n\u00eb protest\u00eb, i ka ushtruar asaj presion dhe p\u00ebr k\u00ebt\u00eb arsye ajo ka dh\u00ebn\u00eb dor\u00ebheqjen. Megjithat\u00eb zonjusha Shkreli nuk ka b\u00ebr\u00eb asnj\u00eb koment p\u00ebr mediat lidhur me k\u00ebt\u00eb.<\/span><\/p>\n<p><span style=\"color: #000000;\">Babai i saj, Artan Shkreli p\u00ebrgjith\u00ebsisht ka qen\u00eb i heshtur lidhur me \u00e7\u00ebshtjen e Teatrit Komb\u00ebtra, deri kur para dy dit\u00ebsh sulmoi n\u00eb rrjetet sociale, ministren e Kultur\u00ebs Elva Margariti.<\/span><\/p>\n<p><span style=\"color: #000000;\"><em>\u201cZj. Margeriti te \u201cOpen\u201d ishte p\u00ebr m\u00ebshir\u00eb\u2026 pse duhet t\u00eb dilte e t\u00eb posht\u00ebrohej ashtu?!\u201d<\/em> &#8211; shkruan zoti Shkreli, i cili nuk vonoi shum\u00eb dhe e fshiu postimin.<\/span><\/p>\n<p><a href=\"https:\/\/hashtag.al\/wp-content\/uploads\/2020\/05\/IMG_0831.jpg\"><img loading=\"lazy\" decoding=\"async\" class=\"aligncenter size-full wp-image-375632\" src=\"https:\/\/hashtag.al\/wp-content\/uploads\/2020\/05\/IMG_0831.jpg\" alt=\"\" width=\"768\" height=\"512\" srcset=\"https:\/\/www.hashtag.al\/wp-content\/uploads\/2020\/05\/IMG_0831.jpg 768w, https:\/\/www.hashtag.al\/wp-content\/uploads\/2020\/05\/IMG_0831-300x200.jpg 300w\" sizes=\"auto, (max-width: 768px) 100vw, 768px\" \/><\/a><\/p>\n","protected":false,"gt_translate_keys":[{"key":"rendered","format":"html"}]},"excerpt":{"rendered":"<p>Ana Shkreli, drejtoresha e \u201cSht\u00ebpis\u00eb Muze\u201d t\u00eb Kadares\u00eb n\u00eb Tiran\u00eb ka dh\u00ebn\u00eb dor\u00ebheqjen nga posti i saj. Kjo pas protestave kund\u00ebr shembjes s\u00eb Godin\u00ebs s\u00eb Teatrit Komb\u00ebtar n\u00eb t\u00eb cilat ka marr\u00eb pjes\u00eb. Ka qen\u00eb nj\u00eb postim n\u00eb rrjetet sociale e cila ka inicuar thashethemet p\u00ebr largimin e saj. \u201cN\u00eb or\u00ebn time t\u00eb zez\u00eb mendova [&hellip;]<\/p>\n","protected":false,"gt_translate_keys":[{"key":"rendered","format":"html"}]},"author":30,"featured_media":375630,"comment_status":"open","ping_status":"open","sticky":false,"template":"","format":"standard","meta":{"footnotes":""},"categories":[22,65,13],"tags":[],"class_list":["post-375623","post","type-post","status-publish","format-standard","has-post-thumbnail","hentry","category-ballina","category-lajme","category-te-fundit"],"gt_translate_keys":[{"key":"link","format":"url"}],"_links":{"self":[{"href":"https:\/\/www.hashtag.al\/index.php\/wp-json\/wp\/v2\/posts\/375623","targetHints":{"allow":["GET"]}}],"collection":[{"href":"https:\/\/www.hashtag.al\/index.php\/wp-json\/wp\/v2\/posts"}],"about":[{"href":"https:\/\/www.hashtag.al\/index.php\/wp-json\/wp\/v2\/types\/post"}],"author":[{"embeddable":true,"href":"https:\/\/www.hashtag.al\/index.php\/wp-json\/wp\/v2\/users\/30"}],"replies":[{"embeddable":true,"href":"https:\/\/www.hashtag.al\/index.php\/wp-json\/wp\/v2\/comments?post=375623"}],"version-history":[{"count":0,"href":"https:\/\/www.hashtag.al\/index.php\/wp-json\/wp\/v2\/posts\/375623\/revisions"}],"wp:featuredmedia":[{"embeddable":true,"href":"https:\/\/www.hashtag.al\/index.php\/wp-json\/wp\/v2\/media\/375630"}],"wp:attachment":[{"href":"https:\/\/www.hashtag.al\/index.php\/wp-json\/wp\/v2\/media?parent=375623"}],"wp:term":[{"taxonomy":"category","embeddable":true,"href":"https:\/\/www.hashtag.al\/index.php\/wp-json\/wp\/v2\/categories?post=375623"},{"taxonomy":"post_tag","embeddable":true,"href":"https:\/\/www.hashtag.al\/index.php\/wp-json\/wp\/v2\/tags?post=375623"}],"curies":[{"name":"wp","href":"https:\/\/api.w.org\/{rel}","templated":true}]}}