{"id":375457,"date":"2020-05-22T17:27:42","date_gmt":"2020-05-22T15:27:42","guid":{"rendered":"https:\/\/hashtag.al\/?p=375457"},"modified":"2020-05-22T18:13:50","modified_gmt":"2020-05-22T16:13:50","slug":"profil-lidhjet-e-gazetarit-kosovar-qe-kompleksoi-edi-ramen","status":"publish","type":"post","link":"https:\/\/www.hashtag.al\/index.php\/2020\/05\/22\/profil-lidhjet-e-gazetarit-kosovar-qe-kompleksoi-edi-ramen\/","title":{"rendered":"Profil\/ Lidhjet e gazetarit kosovar q\u00eb kompleksoi Edi Ram\u00ebn","gt_translate_keys":[{"key":"rendered","format":"text"}]},"content":{"rendered":"<p><span style=\"color: #000000;\"><a style=\"color: #000000;\" href=\"https:\/\/hashtag.al\/index.php\/2020\/05\/22\/profil-lidhjet-e-gazetarit-kosovar-qe-kompleksoi-edi-ramen\/gjinovcirama\/\" rel=\"attachment wp-att-375458\"><img loading=\"lazy\" decoding=\"async\" class=\"aligncenter size-full wp-image-375458\" src=\"https:\/\/hashtag.al\/wp-content\/uploads\/2020\/05\/gjinovcirama.jpg\" alt=\"\" width=\"2000\" height=\"1000\" srcset=\"https:\/\/www.hashtag.al\/wp-content\/uploads\/2020\/05\/gjinovcirama.jpg 2000w, https:\/\/www.hashtag.al\/wp-content\/uploads\/2020\/05\/gjinovcirama-300x150.jpg 300w, https:\/\/www.hashtag.al\/wp-content\/uploads\/2020\/05\/gjinovcirama-768x384.jpg 768w, https:\/\/www.hashtag.al\/wp-content\/uploads\/2020\/05\/gjinovcirama-1024x512.jpg 1024w\" sizes=\"auto, (max-width: 2000px) 100vw, 2000px\" \/><\/a><\/span><\/p>\n<p><span style=\"color: #000000;\">Dy dit\u00eb m\u00eb par\u00eb, aktivisti i shoq\u00ebris\u00eb civile, Rron Gjinovci, u p\u00ebrball me kryministrin Rama n\u00eb nj\u00eb debat televiziv online. <\/span><\/p>\n<p><span style=\"color: #000000;\">Debati erdhi pas prishjes s\u00eb Teatrit Komb\u00ebtar dhe Gjinovci ishte pjes\u00eb e panelit t\u00eb emisionit \u2018Pressing\u2019 n\u00eb T7 n\u00eb Prishtin\u00eb. <\/span><\/p>\n<p><span style=\"color: #000000;\">Gjinovci i tha kreut t\u00eb qeveris\u00eb se kishte kryer veprime terroriste n\u00eb prishjen e teatrit nd\u00ebrsa i kujtoi edhe dhun\u00ebn ndaj qytetar\u00ebve.<\/span><\/p>\n<p><span style=\"color: #000000;\"><em>\u201cNuk mund ta besoj\u00eb kurrkush q\u00eb krejt k\u00ebt\u00eb terrorizim q\u00eb keni b\u00ebr\u00eb p\u00ebr dy dit\u00eb, e keni b\u00ebr\u00eb p\u00ebr arsye estetike. Dhe nuk e di si doni me i bind m\u00eb njer\u00ebzit q\u00eb prapa k\u00ebtij veprimi terrorizues nuk q\u00ebndron ajo q\u00eb that\u00eb m\u00eb her\u00ebt \u2018zhvillimi i pjes\u00ebs mbrapa Teatrit\u2019, q\u00eb n\u00eb fakt k\u00ebrkohet prej oligark\u00ebve, q\u00eb tani t\u00eb gjith\u00eb mendojn\u00eb se q\u00ebndrojn\u00eb v\u00ebrtet prapa jush dhe q\u00eb ju nuk qeverisni fare m\u00eb Shqipnin\u00eb. M\u00eb vjen keq, prej teje nuk kam me m\u00ebsu kurrgjo p\u00ebr bes\u00eb. Qysh me qen\u00eb diktator, autoritar, kaq. M\u00eb shum\u00eb s\u2019ke \u00e7a t\u00eb m\u00eb m\u00ebsosh.\u201d<\/em> &#8211; i thot\u00eb Gjinovci kryeministrit Rama.<\/span><\/p>\n<p><span style=\"color: #000000;\">Po kush \u00ebsht\u00eb Rron Gjinovci<\/span><\/p>\n<p><span style=\"color: #000000;\">I riu nga Kosova \u00ebsht\u00eb drejtori ekzekutiv i ORCA (Organization for Improving Quality in Education), nj\u00eb organizat\u00eb q\u00eb \u00ebsht\u00eb financuar nga Fondacioni p\u00ebr Shoq\u00ebri t\u00eb Hapur e miliarderit George Soros n\u00eb projekte n\u00eb fush\u00ebn e arsimit. <\/span><\/p>\n<p><span style=\"color: #000000;\">N\u00eb raportin vjetor t\u00eb vitit <a href=\"http:\/\/kfos.org\/wp-content\/uploads\/2017\/04\/soros-raporti-2016-05-04-2017.pdf\"><span style=\"color: #0000ff;\">2016<\/span><\/a>, ORCA ka p\u00ebrfituar nga Fondacioni Soros rreth 37 mij\u00eb euro p\u00ebr projekte t\u00eb ndryshme n\u00eb fush\u00ebn e arsimit. N\u00eb vitin <span style=\"color: #0000ff;\"><a style=\"color: #0000ff;\" href=\"http:\/\/kfos.org\/wp-content\/uploads\/2018\/02\/kfos-sh.pdf\">2017<\/a> <\/span>ka p\u00ebrfituar rreth 99 mij\u00eb euro nd\u00ebrsa nj\u00eb vit m\u00eb von\u00eb, <span style=\"color: #0000ff;\"><a style=\"color: #0000ff;\" href=\"http:\/\/kfos.org\/wp-content\/uploads\/2019\/07\/Raporti-vjetor-i-Fondacionit-2018-SHQ.pdf\">2018<\/a><\/span>, ORCA ka p\u00ebrfituar rreth 33 mij\u00eb euro. <\/span><\/p>\n<p><span style=\"color: #000000;\">Ai \u00ebsht\u00eb bashk\u00ebthemelues i ORCA-s, an\u00ebtar i kryesis\u00eb s\u00eb Shoqat\u00ebs s\u00eb Filozof\u00ebve t\u00eb Kosov\u00ebs dhe aktivist i shoq\u00ebris\u00eb civile.<\/span><\/p>\n<p><span style=\"color: #000000;\">Gjinovci e filloi aktivitetin n\u00eb vitin 2010 si bashk\u00ebthemelues i organizat\u00ebs studentore Studim Kritik\u00eb Veprim (SKV) e cila u angazhua p\u00ebr luftimin e korrupsionit n\u00eb vitet 2010-2012 duke nd\u00ebrmarr\u00eb nj\u00eb s\u00ebr\u00eb aksionesh kund\u00ebr menaxhmentit t\u00eb koh\u00ebs.<\/span><\/p>\n<p><span style=\"color: #000000;\"> Ai u b\u00eb i njohur p\u00ebr publikun n\u00eb vitin 2011 kur hodhi ngjyr\u00eb t\u00eb kuqe mbi rektorin e at\u00ebhersh\u00ebm gjat\u00eb ceremonis\u00eb s\u00eb sh\u00ebnimit t\u00eb 41 vjetorit t\u00eb themelimit t\u00eb Universitetit t\u00eb Prishtin\u00ebs (UP).<\/span><\/p>\n<p><span style=\"color: #000000;\">Deri n\u00eb vitin 2012 ai ishte aktivist i L\u00ebvizjes Vet\u00ebvendosje. Nga 2012 deri m\u00eb 2016 vazhdoi aktivizmin e pavarur qytetar n\u00eb \u00e7\u00ebshtje t\u00eb ndryshme n\u00eb protestat n\u00eb Universitetin e Prishtin\u00ebs. Gjinovci \u00ebsht\u00eb marr\u00eb me gazetari investigative n\u00eb kuad\u00ebr t\u00eb Rrjetit t\u00eb Gazetaris\u00eb Hulumtuese n\u00eb Ballkan (BIRN).<\/span><\/p>\n<p><span style=\"color: #000000;\">N\u00eb ndryshim nga Birn dega Tiran\u00eb (Reporter.al), e cila n\u00eb pjes\u00ebn d\u00ebrrmuese t\u00eb vet financohet nga Fondacioni Soros dega Tiran\u00eb, Birn n\u00eb Serbi e Prishtin\u00eb n\u00eb pjes\u00ebn d\u00ebrrmuese \u00ebsht\u00eb i financuar nga nga Rockefeller Brothers Fund. <\/span><\/p>\n<p><span style=\"color: #000000;\">Ndryshe nga shoq\u00ebria civile n\u00eb Tiran\u00eb, q\u00eb n\u00eb pjes\u00ebn d\u00ebrrmuese kontrollohet nga Fondacioni Soros, shoq\u00ebria civile n\u00eb Kosov\u00eb \u00ebsht\u00eb shum\u00eb me energjike dhe m\u00eb eficente. <\/span><\/p>\n<p><span style=\"color: #000000;\">P\u00ebrkat\u00ebsia e Gjinovcit te BIRN, L\u00ebvizja Vet\u00ebvendosje apo Soros duhet kuptuar n\u00eb k\u00ebto kontraste mes Shqip\u00ebris\u00eb dhe Kosov\u00ebs. <\/span><\/p>\n<p><span style=\"color: #000000;\">Jo m\u00eb kot n\u00eb Shqip\u00ebri i gjith\u00eb rrjeti i Fondacionit p\u00ebr Shoq\u00ebrin\u00eb e Hapur, Soros, \u00ebsht\u00eb i n\u00ebnshtruar ndaj kryeministrit Rama dhe n\u00eb sh\u00ebrbimin e tij por n\u00eb Kosov\u00eb formula funksionon ndryshe. <\/span><\/p>\n<p><span style=\"color: #000000;\"><strong>\/Hashtag.al<\/strong><\/span><\/p>\n","protected":false,"gt_translate_keys":[{"key":"rendered","format":"html"}]},"excerpt":{"rendered":"<p>Dy dit\u00eb m\u00eb par\u00eb, aktivisti i shoq\u00ebris\u00eb civile, Rron Gjinovci, u p\u00ebrball me kryministrin Rama n\u00eb nj\u00eb debat televiziv online. Debati erdhi pas prishjes s\u00eb Teatrit Komb\u00ebtar dhe Gjinovci ishte pjes\u00eb e panelit t\u00eb emisionit \u2018Pressing\u2019 n\u00eb T7 n\u00eb Prishtin\u00eb. Gjinovci i tha kreut t\u00eb qeveris\u00eb se kishte kryer veprime terroriste n\u00eb prishjen e teatrit [&hellip;]<\/p>\n","protected":false,"gt_translate_keys":[{"key":"rendered","format":"html"}]},"author":51,"featured_media":375458,"comment_status":"open","ping_status":"open","sticky":false,"template":"","format":"standard","meta":{"footnotes":""},"categories":[22,65,13],"tags":[],"class_list":["post-375457","post","type-post","status-publish","format-standard","has-post-thumbnail","hentry","category-ballina","category-lajme","category-te-fundit"],"gt_translate_keys":[{"key":"link","format":"url"}],"_links":{"self":[{"href":"https:\/\/www.hashtag.al\/index.php\/wp-json\/wp\/v2\/posts\/375457","targetHints":{"allow":["GET"]}}],"collection":[{"href":"https:\/\/www.hashtag.al\/index.php\/wp-json\/wp\/v2\/posts"}],"about":[{"href":"https:\/\/www.hashtag.al\/index.php\/wp-json\/wp\/v2\/types\/post"}],"author":[{"embeddable":true,"href":"https:\/\/www.hashtag.al\/index.php\/wp-json\/wp\/v2\/users\/51"}],"replies":[{"embeddable":true,"href":"https:\/\/www.hashtag.al\/index.php\/wp-json\/wp\/v2\/comments?post=375457"}],"version-history":[{"count":0,"href":"https:\/\/www.hashtag.al\/index.php\/wp-json\/wp\/v2\/posts\/375457\/revisions"}],"wp:featuredmedia":[{"embeddable":true,"href":"https:\/\/www.hashtag.al\/index.php\/wp-json\/wp\/v2\/media\/375458"}],"wp:attachment":[{"href":"https:\/\/www.hashtag.al\/index.php\/wp-json\/wp\/v2\/media?parent=375457"}],"wp:term":[{"taxonomy":"category","embeddable":true,"href":"https:\/\/www.hashtag.al\/index.php\/wp-json\/wp\/v2\/categories?post=375457"},{"taxonomy":"post_tag","embeddable":true,"href":"https:\/\/www.hashtag.al\/index.php\/wp-json\/wp\/v2\/tags?post=375457"}],"curies":[{"name":"wp","href":"https:\/\/api.w.org\/{rel}","templated":true}]}}