{"id":375399,"date":"2020-05-22T13:14:09","date_gmt":"2020-05-22T11:14:09","guid":{"rendered":"https:\/\/hashtag.al\/?p=375399"},"modified":"2020-05-22T13:14:09","modified_gmt":"2020-05-22T11:14:09","slug":"ruci-e-emeroi-keshilltar-reagon-fleckenstein-mezi-pres-te-bashkepunoj-me-aktoret-shqiptare","status":"publish","type":"post","link":"https:\/\/www.hashtag.al\/index.php\/2020\/05\/22\/ruci-e-emeroi-keshilltar-reagon-fleckenstein-mezi-pres-te-bashkepunoj-me-aktoret-shqiptare\/","title":{"rendered":"Ru\u00e7i e em\u00ebroi k\u00ebshilltar, reagon Fleckenstein: Mezi pres t\u00eb bashk\u00ebpunoj me aktor\u00ebt shqiptar\u00eb","gt_translate_keys":[{"key":"rendered","format":"text"}]},"content":{"rendered":"<p><img loading=\"lazy\" decoding=\"async\" class=\"aligncenter size-full wp-image-278593\" src=\"https:\/\/hashtag.al\/wp-content\/uploads\/2019\/02\/Fleckenstein.jpg\" alt=\"\" width=\"2048\" height=\"1368\" srcset=\"https:\/\/www.hashtag.al\/wp-content\/uploads\/2019\/02\/Fleckenstein.jpg 2048w, https:\/\/www.hashtag.al\/wp-content\/uploads\/2019\/02\/Fleckenstein-300x200.jpg 300w, https:\/\/www.hashtag.al\/wp-content\/uploads\/2019\/02\/Fleckenstein-768x513.jpg 768w, https:\/\/www.hashtag.al\/wp-content\/uploads\/2019\/02\/Fleckenstein-1024x684.jpg 1024w\" sizes=\"auto, (max-width: 2048px) 100vw, 2048px\" \/><\/p>\n<p><span style=\"color: #000000;\">Pasi u em\u00ebrua si k\u00ebshilltar p\u00ebr integrimin pran\u00eb kryetarit t\u00eb Kuvendit t\u00eb Republik\u00ebs s\u00eb Shqip\u00ebris\u00eb, ka reaguar Knut Fleckenstein.<\/span><\/p>\n<p><span style=\"color: #000000;\">Ai shprehet i lumtur q\u00eb do filloj\u00eb pun\u00ebn p\u00ebr an\u00ebtar\u00ebsimin e plot\u00eb t\u00eb Shqip\u00ebris\u00eb n\u00eb BE. Fleckenstein ka fal\u00ebnderuar Ru\u00e7in p\u00ebr besimin ndaj tij.<\/span><\/p>\n<p><span style=\"color: #000000;\"><em>\u201cI lumtur q\u00eb do filloj pun\u00ebn drejt an\u00ebtar\u00ebsimit t\u00eb plot\u00eb t\u00eb Shqip\u00ebris\u00eb n\u00eb BE. Parlamenti shqiptar po luan nj\u00eb rol t\u00eb r\u00ebnd\u00ebsish\u00ebm n\u00eb k\u00ebt\u00eb proces. Faleminderit Kryetarit t\u00eb Parlamentit p\u00ebr besimin e tij. Mezi presim bashk\u00ebpunimin me t\u00eb gjith\u00eb aktor\u00ebt shqiptar\u00eb\u201d-<\/em>shkruan Fleckenstein.<\/span><\/p>\n","protected":false,"gt_translate_keys":[{"key":"rendered","format":"html"}]},"excerpt":{"rendered":"<p>Pasi u em\u00ebrua si k\u00ebshilltar p\u00ebr integrimin pran\u00eb kryetarit t\u00eb Kuvendit t\u00eb Republik\u00ebs s\u00eb Shqip\u00ebris\u00eb, ka reaguar Knut Fleckenstein. Ai shprehet i lumtur q\u00eb do filloj\u00eb pun\u00ebn p\u00ebr an\u00ebtar\u00ebsimin e plot\u00eb t\u00eb Shqip\u00ebris\u00eb n\u00eb BE. Fleckenstein ka fal\u00ebnderuar Ru\u00e7in p\u00ebr besimin ndaj tij. \u201cI lumtur q\u00eb do filloj pun\u00ebn drejt an\u00ebtar\u00ebsimit t\u00eb plot\u00eb t\u00eb Shqip\u00ebris\u00eb [&hellip;]<\/p>\n","protected":false,"gt_translate_keys":[{"key":"rendered","format":"html"}]},"author":32,"featured_media":278593,"comment_status":"open","ping_status":"open","sticky":false,"template":"","format":"standard","meta":{"footnotes":""},"categories":[65,13],"tags":[],"class_list":["post-375399","post","type-post","status-publish","format-standard","has-post-thumbnail","hentry","category-lajme","category-te-fundit"],"gt_translate_keys":[{"key":"link","format":"url"}],"_links":{"self":[{"href":"https:\/\/www.hashtag.al\/index.php\/wp-json\/wp\/v2\/posts\/375399","targetHints":{"allow":["GET"]}}],"collection":[{"href":"https:\/\/www.hashtag.al\/index.php\/wp-json\/wp\/v2\/posts"}],"about":[{"href":"https:\/\/www.hashtag.al\/index.php\/wp-json\/wp\/v2\/types\/post"}],"author":[{"embeddable":true,"href":"https:\/\/www.hashtag.al\/index.php\/wp-json\/wp\/v2\/users\/32"}],"replies":[{"embeddable":true,"href":"https:\/\/www.hashtag.al\/index.php\/wp-json\/wp\/v2\/comments?post=375399"}],"version-history":[{"count":0,"href":"https:\/\/www.hashtag.al\/index.php\/wp-json\/wp\/v2\/posts\/375399\/revisions"}],"wp:featuredmedia":[{"embeddable":true,"href":"https:\/\/www.hashtag.al\/index.php\/wp-json\/wp\/v2\/media\/278593"}],"wp:attachment":[{"href":"https:\/\/www.hashtag.al\/index.php\/wp-json\/wp\/v2\/media?parent=375399"}],"wp:term":[{"taxonomy":"category","embeddable":true,"href":"https:\/\/www.hashtag.al\/index.php\/wp-json\/wp\/v2\/categories?post=375399"},{"taxonomy":"post_tag","embeddable":true,"href":"https:\/\/www.hashtag.al\/index.php\/wp-json\/wp\/v2\/tags?post=375399"}],"curies":[{"name":"wp","href":"https:\/\/api.w.org\/{rel}","templated":true}]}}